{"id":2114,"date":"2026-08-28T10:43:06","date_gmt":"2026-08-28T09:43:06","guid":{"rendered":"https:\/\/plaska.info\/?p=2114"},"modified":"2026-08-28T10:43:06","modified_gmt":"2026-08-28T09:43:06","slug":"trzy-taczki-zwiru-pol-roku-czekania-pieniadze-plyna","status":"publish","type":"post","link":"https:\/\/plaska.info\/?p=2114","title":{"rendered":"Trzy taczki \u017cwiru. P\u00f3\u0142 roku czekania. Pieni\u0105dze p\u0142yn\u0105"},"content":{"rendered":"\n<figure class=\"wp-block-image size-large\"><img loading=\"lazy\" decoding=\"async\" width=\"1024\" height=\"683\" src=\"http:\/\/plaska.info\/wp-content\/uploads\/2026\/08\/ChatGPT-Image-27-sie-2026-16_33_17-1024x683.png\" alt=\"\" class=\"wp-image-2115\" srcset=\"https:\/\/plaska.info\/wp-content\/uploads\/2026\/08\/ChatGPT-Image-27-sie-2026-16_33_17-1024x683.png 1024w, https:\/\/plaska.info\/wp-content\/uploads\/2026\/08\/ChatGPT-Image-27-sie-2026-16_33_17-300x200.png 300w, https:\/\/plaska.info\/wp-content\/uploads\/2026\/08\/ChatGPT-Image-27-sie-2026-16_33_17-768x512.png 768w, https:\/\/plaska.info\/wp-content\/uploads\/2026\/08\/ChatGPT-Image-27-sie-2026-16_33_17.png 1536w\" sizes=\"auto, (max-width: 1024px) 100vw, 1024px\" \/><\/figure>\n\n\n\n<p class=\"wp-block-paragraph\">Przepraszam za mocny j\u0119zyk, ale czasami cz\u0142owiekowi naprawd\u0119 n\u00f3\u017c si\u0119 w kieszeni otwiera. <\/p>\n\n\n\n<p class=\"wp-block-paragraph\">A\u017c prosi si\u0119 o dobr\u0105 taczk\u0119 \u2014 cho\u0107 niekoniecznie do wo\u017cenia \u017cwiru.<\/p>\n\n\n\n<p class=\"wp-block-paragraph\">Mieszka\u0144cy od oko\u0142o p\u00f3\u0142 roku maj\u0105 problem na skrzy\u017cowaniu ulic K\u0105ty i Orlej. Nie chodzi o budow\u0119 mostu, kilometra asfaltu ani wielomilionow\u0105 inwestycj\u0119.<\/p>\n\n\n\n<p class=\"wp-block-paragraph\"><strong>M\u00f3wimy \u0142\u0105cznie o mo\u017ce 5 m\u00b2 powierzchni wymagaj\u0105cej wyr\u00f3wnania.<\/strong><\/p>\n\n\n\n<p class=\"wp-block-paragraph\">Chodzi o wyr\u00f3wnanie skrzy\u017cowania albo wysypanie kilku taczek \u017cwiru.<\/p>\n\n\n\n<p class=\"wp-block-paragraph\"><strong>Trzy taczki \u017cwiru. P\u00f3\u0142 roku czekania.<\/strong><\/p>\n\n\n\n<p class=\"wp-block-paragraph\">I \u017ceby by\u0142o jasne: Gmina nie musi dopiero szuka\u0107 wykonawcy, organizowa\u0107 przetargu ani miesi\u0105cami przygotowywa\u0107 dokumentacji. Ma podpisan\u0105 umow\u0119 z firm\u0105 odpowiedzialn\u0105 za utrzymanie dr\u00f3g.<\/p>\n\n\n\n<p class=\"wp-block-paragraph\">Firma jest.<br>Umowa jest.<br>Pieni\u0105dze s\u0105.<br>Tylko wykonanej pracy nie wida\u0107.<\/p>\n\n\n\n<p class=\"wp-block-paragraph\">Mieszka\u0144cy p\u0142ac\u0105 podatki. Gmina zawiera umow\u0119 na utrzymanie dr\u00f3g. Z gminnej kasy wychodz\u0105 pieni\u0105dze. Tymczasem niewielka naprawa przez p\u00f3\u0142 roku przerasta mo\u017cliwo\u015bci urz\u0119du i jego wykonawcy.<\/p>\n\n\n\n<p class=\"wp-block-paragraph\">Umowa na utrzymanie dr\u00f3g nie jest dekoracj\u0105 do urz\u0119dowej szafy. Je\u017celi p\u0142acimy firmie za wykonywanie okre\u015blonych prac, mamy prawo zobaczy\u0107 ich rezultat.<\/p>\n\n\n\n<p class=\"wp-block-paragraph\"><strong>Droga ma zosta\u0107 naprawiona.<\/strong><\/p>\n\n\n\n<p class=\"wp-block-paragraph\">Panie W\u00f3jcie, czy s\u0105dzi Pan, \u017ce pozostawiaj\u0105c to skrzy\u017cowanie w takim stanie, karze Pan mnie?<\/p>\n\n\n\n<p class=\"wp-block-paragraph\">Ja nawet tamt\u0119dy nie je\u017cd\u017c\u0119.<\/p>\n\n\n\n<p class=\"wp-block-paragraph\">Karze Pan mieszka\u0144c\u00f3w, kt\u00f3rzy codziennie korzystaj\u0105 z tej drogi. Karze Pan r\u00f3wnie\u017c wszystkich podatnik\u00f3w, kt\u00f3rzy p\u0142ac\u0105 za jej utrzymanie, a nast\u0119pnie przez p\u00f3\u0142 roku ogl\u0105daj\u0105 te same dziury.<\/p>\n\n\n\n<p class=\"wp-block-paragraph\">Najbardziej bulwersuje w\u0142a\u015bnie ta podw\u00f3jna rzeczywisto\u015b\u0107.<\/p>\n\n\n\n<p class=\"wp-block-paragraph\">Kiedy mieszkaniec zg\u0142asza problem, nagle nie ma cz\u0142owieka, sprz\u0119tu, materia\u0142u albo odpowiedniej pogody. By\u0107 mo\u017ce zaraz us\u0142yszymy, \u017ce pracownik odpowiedzialny za drogi jest na urlopie.<\/p>\n\n\n\n<p class=\"wp-block-paragraph\">A co to obchodzi mieszka\u0144c\u00f3w?<\/p>\n\n\n\n<p class=\"wp-block-paragraph\">Je\u017celi pracownik idzie na urlop, nale\u017cy zapewni\u0107 zast\u0119pstwo. Tak dzia\u0142a normalnie zarz\u0105dzana firma, instytucja i urz\u0105d.<\/p>\n\n\n\n<p class=\"wp-block-paragraph\"><strong>Gmina nie mo\u017ce przestawa\u0107 funkcjonowa\u0107 dlatego, \u017ce nasz lokalny \u201emiszcz\u201d od dr\u00f3g wyjecha\u0142 odpocz\u0105\u0107. Zreszt\u0105 skoro dziury s\u0105 tam od p\u00f3\u0142 roku, to r\u00f3wnie\u017c wtedy, gdy by\u0142 w pracy, niewiele w tej sprawie zrobi\u0142.<\/strong><\/p>\n\n\n\n<p class=\"wp-block-paragraph\">Za to gdy przychodzi czas na zap\u0142at\u0119, wszystko zaczyna dzia\u0142a\u0107 sprawniej: dokumenty kr\u0105\u017c\u0105, podpisy si\u0119 pojawiaj\u0105, przelew wychodzi.<\/p>\n\n\n\n<p class=\"wp-block-paragraph\">Z jednej strony widzimy but\u0119, arogancj\u0119 i lekcewa\u017cenie problem\u00f3w wielokrotnie zg\u0142aszanych przez mieszka\u0144c\u00f3w. Z drugiej strony co chwil\u0119 s\u0142yszymy zaproszenia na kolejne uroczysto\u015bci i imprezy. S\u0105 przem\u00f3wienia, u\u015bmiechy, fotografie i r\u0119ce z\u0142o\u017cone z niewinno\u015bci\u0105 dziecka przyst\u0119puj\u0105cego do pierwszej komunii.<\/p>\n\n\n\n<p class=\"wp-block-paragraph\">Tylko droga nadal pozostaje nienaprawiona.<\/p>\n\n\n\n<p class=\"wp-block-paragraph\">Pozostaje r\u00f3wnie\u017c powa\u017cniejszy problem ulicy K\u0105ty. Nie wszyscy kierowcy wiedz\u0105, \u017ce na fragmencie drogi poruszaj\u0105 si\u0119 po terenie prywatnym, a nie po prawid\u0142owo uregulowanej drodze gminnej.<\/p>\n\n\n\n<p class=\"wp-block-paragraph\">Co stanie si\u0119, je\u017celi dojdzie tam do kolizji, potr\u0105cenia cz\u0142owieka albo innego nieszcz\u0119\u015bcia? Jaki dok\u0142adnie status ma ten odcinek? Kto odpowiada za jego utrzymanie i oznakowanie? Czy nie pojawi\u0105 si\u0119 problemy z ustaleniem odpowiedzialno\u015bci oraz wyp\u0142at\u0105 odszkodowania? Bo wg mnie przepisy Kodeksu Prawo o Ruchu Drogowym tam nie obowi\u0105zuj\u0105.<\/p>\n\n\n\n<p class=\"wp-block-paragraph\">Na te pytania trzeba odpowiedzie\u0107 <strong>przed wypadkiem<\/strong>, a nie dopiero wtedy, gdy komu\u015b stanie si\u0119 krzywda.<\/p>\n\n\n\n<p class=\"wp-block-paragraph\">Ale bal musi trwa\u0107. Imprezy si\u0119 odbywaj\u0105, propaganda sukcesu dzia\u0142a, zdj\u0119cia powstaj\u0105. Tylko kilka taczek \u017cwiru od p\u00f3\u0142 roku nie mo\u017ce odnale\u017a\u0107 drogi na skrzy\u017cowanie K\u0105ty\u2013Orla.<\/p>\n\n\n\n<p class=\"wp-block-paragraph\">Nie wzywam do agresji ani samos\u0105d\u00f3w. Wzywam do publicznego rozliczenia w\u0142adzy i wykonawcy.<\/p>\n\n\n\n<p class=\"wp-block-paragraph\"><strong>Dlatego poka\u017ccie umow\u0119, zg\u0142oszenia, protoko\u0142y odbioru i faktury. Niech mieszka\u0144cy zobacz\u0105, za jakie prace zap\u0142acili i gdzie mo\u017cna zobaczy\u0107 ich wykonanie.<\/strong><\/p>\n\n\n\n<p class=\"wp-block-paragraph\">Cz\u0142owiek ma prawo wyrazi\u0107 z\u0142o\u015b\u0107, kiedy przez p\u00f3\u0142 roku widzi przed sob\u0105 beton \u2014 nie na drodze, lecz w podej\u015bciu do mieszka\u0144c\u00f3w.<\/p>\n\n\n\n<p class=\"wp-block-paragraph\"><strong>Firma jest. Umowa jest. Pieni\u0105dze wychodz\u0105. Droga nadal nie jest naprawiona.<\/strong><\/p>\n\n\n\n<p class=\"wp-block-paragraph\">Mo\u017ce wi\u0119c rzeczywi\u015bcie przyda\u0142aby si\u0119 porz\u0105dna taczka.<\/p>\n\n\n\n<p class=\"wp-block-paragraph\"><strong>Nie do \u017cwiru. Do wywiezienia tej bezczynno\u015bci.<\/strong><\/p>\n\n\n\n<p class=\"wp-block-paragraph\">A jak rozwi\u0105zywano podobne problemy w czasach opisanych w szkolnej lekturze <strong>\u201eCh\u0142opi\u201d<\/strong> \u2014 zainteresowani mog\u0105 sobie przypomnie\u0107 sami.<\/p>\n\n\n\n<p class=\"wp-block-paragraph\">My ograniczmy si\u0119 do publicznego rozliczenia w\u0142adzy.<\/p>\n\n\n\n<p class=\"wp-block-paragraph\"><\/p>\n","protected":false},"excerpt":{"rendered":"<p>Przepraszam za mocny j\u0119zyk, ale czasami cz\u0142owiekowi naprawd\u0119 n\u00f3\u017c si\u0119 w kieszeni otwiera. A\u017c prosi si\u0119 o dobr\u0105 taczk\u0119 \u2014 cho\u0107 niekoniecznie do wo\u017cenia \u017cwiru. Mieszka\u0144cy od oko\u0142o p\u00f3\u0142 roku maj\u0105 problem na skrzy\u017cowaniu ulic K\u0105ty i Orlej. Nie chodzi o budow\u0119 mostu, kilometra asfaltu ani wielomilionow\u0105 inwestycj\u0119. M\u00f3wimy \u0142\u0105cznie o mo\u017ce 5 m\u00b2 powierzchni [&hellip;]<\/p>\n","protected":false},"author":1,"featured_media":0,"comment_status":"open","ping_status":"open","sticky":false,"template":"","format":"standard","meta":{"_coblocks_attr":"","_coblocks_dimensions":"","_coblocks_responsive_height":"","_coblocks_accordion_ie_support":"","hide_page_title":"","footnotes":""},"categories":[1],"tags":[],"class_list":["post-2114","post","type-post","status-publish","format-standard","hentry","category-uncategorized"],"_links":{"self":[{"href":"https:\/\/plaska.info\/index.php?rest_route=\/wp\/v2\/posts\/2114","targetHints":{"allow":["GET"]}}],"collection":[{"href":"https:\/\/plaska.info\/index.php?rest_route=\/wp\/v2\/posts"}],"about":[{"href":"https:\/\/plaska.info\/index.php?rest_route=\/wp\/v2\/types\/post"}],"author":[{"embeddable":true,"href":"https:\/\/plaska.info\/index.php?rest_route=\/wp\/v2\/users\/1"}],"replies":[{"embeddable":true,"href":"https:\/\/plaska.info\/index.php?rest_route=%2Fwp%2Fv2%2Fcomments&post=2114"}],"version-history":[{"count":3,"href":"https:\/\/plaska.info\/index.php?rest_route=\/wp\/v2\/posts\/2114\/revisions"}],"predecessor-version":[{"id":2119,"href":"https:\/\/plaska.info\/index.php?rest_route=\/wp\/v2\/posts\/2114\/revisions\/2119"}],"wp:attachment":[{"href":"https:\/\/plaska.info\/index.php?rest_route=%2Fwp%2Fv2%2Fmedia&parent=2114"}],"wp:term":[{"taxonomy":"category","embeddable":true,"href":"https:\/\/plaska.info\/index.php?rest_route=%2Fwp%2Fv2%2Fcategories&post=2114"},{"taxonomy":"post_tag","embeddable":true,"href":"https:\/\/plaska.info\/index.php?rest_route=%2Fwp%2Fv2%2Ftags&post=2114"}],"curies":[{"name":"wp","href":"https:\/\/api.w.org\/{rel}","templated":true}]}}