{"id":2101,"date":"2026-08-27T06:35:00","date_gmt":"2026-08-27T05:35:00","guid":{"rendered":"https:\/\/plaska.info\/?p=2101"},"modified":"2026-08-27T06:38:29","modified_gmt":"2026-08-27T05:38:29","slug":"tylko-posiedzenie-komisji-czyli-nowe-szaty-cesarza","status":"publish","type":"post","link":"https:\/\/plaska.info\/?p=2101","title":{"rendered":"\u201eTylko\u201d posiedzenie Komisji, czyli nowe szaty cesarza"},"content":{"rendered":"\n<p class=\"wp-block-paragraph\"><\/p>\n\n\n\n<figure class=\"wp-block-image size-full\"><img loading=\"lazy\" decoding=\"async\" width=\"756\" height=\"426\" src=\"https:\/\/plaska.info\/wp-content\/uploads\/2026\/08\/image-5.jpeg\" alt=\"\" class=\"wp-image-2103\" srcset=\"https:\/\/plaska.info\/wp-content\/uploads\/2026\/08\/image-5.jpeg 756w, https:\/\/plaska.info\/wp-content\/uploads\/2026\/08\/image-5-300x169.jpeg 300w\" sizes=\"auto, (max-width: 756px) 100vw, 756px\" \/><\/figure>\n\n\n\n<p class=\"wp-block-paragraph\">Otrzyma\u0142em na poczt\u0119 prawdziwy majstersztyk urz\u0119dowej akrobatyki.<\/p>\n\n\n\n<p class=\"wp-block-paragraph\">William Shakespeare napisa\u0142, \u017ce r\u00f3\u017ca pod inn\u0105 nazw\u0105 pachnia\u0142aby r\u00f3wnie s\u0142odko. Skoro s\u0142owa te pochodz\u0105 z \u201eRomea i Julii\u201d, trudno wyobrazi\u0107 sobie wdzi\u0119czniejszych adresat\u00f3w tego cytatu ni\u017c Pan W\u00f3jt i Pani Przewodnicz\u0105ca \u2014 dwoje g\u0142\u00f3wnych bohater\u00f3w naszej samorz\u0105dowej opowie\u015bci.<\/p>\n\n\n\n<p class=\"wp-block-paragraph\">Podzia\u0142u r\u00f3l nie podejmuj\u0119 si\u0119 rozstrzyga\u0107.<\/p>\n\n\n\n<p class=\"wp-block-paragraph\">Najwyra\u017aniej w Gminie P\u0142aska uznano, \u017ce zasada ta dzia\u0142a r\u00f3wnie\u017c w drug\u0105 stron\u0119: je\u017celi posiedzenie Komisji nazwiemy posiedzeniem zwo\u0142anym <strong>\u201etylko\u201d<\/strong> w celu wyboru przewodnicz\u0105cego i jego zast\u0119pcy, przestanie ono by\u0107 formalnym posiedzeniem Komisji.<\/p>\n\n\n\n<p class=\"wp-block-paragraph\">Nie przestanie.<\/p>\n\n\n\n<p class=\"wp-block-paragraph\">Chyba \u017ce uczestnicy pili alkohol albo spotkali si\u0119 w klubie \u2014 wtedy mo\u017cna by\u0142oby pr\u00f3bowa\u0107 przekonywa\u0107, \u017ce nie by\u0142o to posiedzenie Komisji, lecz spotkanie towarzyskie.<\/p>\n\n\n\n<p class=\"wp-block-paragraph\">Pani Przewodnicz\u0105ca nic jednak nie napisa\u0142a ani o alkoholu, ani o muzyce, ani nawet o ta\u0144cu pole dance.<\/p>\n\n\n\n<p class=\"wp-block-paragraph\">Napisa\u0142a za to, \u017ce Komisja wybra\u0142a przewodnicz\u0105cego i jego zast\u0119pc\u0119, a nast\u0119pnie podj\u0119\u0142a decyzj\u0119 o ponownym rozpatrzeniu mojej skargi.<\/p>\n\n\n\n<p class=\"wp-block-paragraph\">Jak na spotkanie towarzyskie \u2014 wyj\u0105tkowo rozbudowany porz\u0105dek obrad.<\/p>\n\n\n\n<p class=\"wp-block-paragraph\">&nbsp;Jak na posiedzenie Komisji \u2014 wyj\u0105tkowo dyskretna organizacja.<\/p>\n\n\n\n<p class=\"wp-block-paragraph\"><strong>Tyle \u017ce r\u00f3\u017ca nazwana inaczej nadal pozostaje r\u00f3\u017c\u0105<\/strong>. Posiedzenie Komisji nazwane posiedzeniem zwo\u0142anym \u201etylko\u201d w celu wyboru jej w\u0142adz nadal pozostaje posiedzeniem Komisji \u2014 zw\u0142aszcza gdy Komisja zajmuje si\u0119 podczas niego skarg\u0105 mieszka\u0144ca i podejmuje decyzj\u0119 w jej sprawie.<\/p>\n\n\n\n<p class=\"wp-block-paragraph\">W tym miejscu ko\u0144czy si\u0119 jednak Shakespeare, a zaczynaj\u0105 si\u0119 <strong>\u201eNowe szaty cesarza\u201d<\/strong>.<\/p>\n\n\n\n<p class=\"wp-block-paragraph\">Pani Przewodnicz\u0105ca informuje mnie, \u017ce posiedzenie Komisji Skarg, Wniosk\u00f3w i Petycji z 29 lipca 2026 roku zosta\u0142o zwo\u0142ane:<\/p>\n\n\n\n<p class=\"wp-block-paragraph\"><strong>\u201etylko w celu wyboru przewodnicz\u0105cego Komisji i jego zast\u0119pcy\u201d.<\/strong><\/p>\n\n\n\n<p class=\"wp-block-paragraph\">Po czym ju\u017c w nast\u0119pnym zdaniu pisze:<\/p>\n\n\n\n<p class=\"wp-block-paragraph\"><strong>\u201eDodatkowo Komisja podj\u0119\u0142a decyzj\u0119 o ponownym rozpatrzeniu Pana skargi\u201d.<\/strong><\/p>\n\n\n\n<p class=\"wp-block-paragraph\">Mamy wi\u0119c uwierzy\u0107, \u017ce Komisja zebra\u0142a si\u0119 tylko w jednej sprawie, chocia\u017c zaj\u0119\u0142a si\u0119 r\u00f3wnie\u017c drug\u0105.<\/p>\n\n\n\n<p class=\"wp-block-paragraph\">Moja skarga oczywi\u015bcie nie przysz\u0142a na posiedzenie sama. Nie otworzy\u0142a drzwi, nie usiad\u0142a przy stole i nie poprosi\u0142a o ponowne rozpatrzenie.<\/p>\n\n\n\n<p class=\"wp-block-paragraph\">Kto\u015b musia\u0142 j\u0105 przynie\u015b\u0107 albo wcze\u015bniej przygotowa\u0107 dokumenty. Kto\u015b musia\u0142 przedstawi\u0107 temat cz\u0142onkom Komisji, wyja\u015bni\u0107, czego dotyczy sprawa, oraz zaproponowa\u0107 ponowne jej rozpatrzenie. Cz\u0142onkowie Komisji musieli za\u015b wiedzie\u0107, nad czym podejmuj\u0105 decyzj\u0119.<\/p>\n\n\n\n<p class=\"wp-block-paragraph\">Wszystko to wydarzy\u0142o si\u0119 jednak wy\u0142\u0105cznie <strong>\u201edodatkowo\u201d<\/strong>.<\/p>\n\n\n\n<p class=\"wp-block-paragraph\">Jak mog\u0142o wygl\u0105da\u0107 ustalanie programu tego \u201etylko\u201d organizacyjnego spotkania? Oczywi\u015bcie tego nie wiem. Wyobra\u017ania podpowiada mi jednak tak\u0105 niewinn\u0105 scen\u0119 przed lokaln\u0105 trattori\u0105:<\/p>\n\n\n\n<figure class=\"wp-block-image size-full\"><img loading=\"lazy\" decoding=\"async\" width=\"1672\" height=\"941\" src=\"http:\/\/plaska.info\/wp-content\/uploads\/2026\/08\/ChatGPT-Image-26-sie-2026-22_48_32.png\" alt=\"\" class=\"wp-image-2107\" srcset=\"https:\/\/plaska.info\/wp-content\/uploads\/2026\/08\/ChatGPT-Image-26-sie-2026-22_48_32.png 1672w, https:\/\/plaska.info\/wp-content\/uploads\/2026\/08\/ChatGPT-Image-26-sie-2026-22_48_32-300x169.png 300w, https:\/\/plaska.info\/wp-content\/uploads\/2026\/08\/ChatGPT-Image-26-sie-2026-22_48_32-1024x576.png 1024w, https:\/\/plaska.info\/wp-content\/uploads\/2026\/08\/ChatGPT-Image-26-sie-2026-22_48_32-768x432.png 768w, https:\/\/plaska.info\/wp-content\/uploads\/2026\/08\/ChatGPT-Image-26-sie-2026-22_48_32-1536x864.png 1536w\" sizes=\"auto, (max-width: 1672px) 100vw, 1672px\" \/><\/figure>\n\n\n\n<p class=\"wp-block-paragraph\">Wygl\u0105da wi\u0119c na to, \u017ce kiedy pojawi\u0142y si\u0119 pytania o spos\u00f3b zwo\u0142ania posiedzenia, jego jawno\u015b\u0107, porz\u0105dek obrad i dokumentowanie, postanowiono pomniejszy\u0107 jego znaczenie jednym magicznym s\u0142owem:<\/p>\n\n\n\n<p class=\"wp-block-paragraph\"><strong>\u201eTYLKO\u201d<\/strong><\/p>\n\n\n\n<p class=\"wp-block-paragraph\">Komisja zebra\u0142a si\u0119, ale <strong>tylko<\/strong> organizacyjnie.<\/p>\n\n\n\n<p class=\"wp-block-paragraph\">Wybra\u0142a swoje w\u0142adze, ale to widocznie jeszcze si\u0119 nie liczy.<\/p>\n\n\n\n<p class=\"wp-block-paragraph\">Zaj\u0119\u0142a si\u0119 moj\u0105 skarg\u0105, ale jedynie <strong>dodatkowo<\/strong>.<\/p>\n\n\n\n<p class=\"wp-block-paragraph\">Podj\u0119\u0142a decyzj\u0119, ale sprawa podobno nie by\u0142a celem posiedzenia.<\/p>\n\n\n\n<p class=\"wp-block-paragraph\">Mieszka\u0144cy nie zostali o nim poinformowani, ale najwyra\u017aniej nie musieli, poniewa\u017c by\u0142o to posiedzenie \u201etylko\u201d.<\/p>\n\n\n\n<p class=\"wp-block-paragraph\">I wszyscy mamy teraz podziwia\u0107 nowe szaty tego wyja\u015bnienia.<\/p>\n\n\n\n<p class=\"wp-block-paragraph\">Tylko \u017ce cesarz jest nagi.<\/p>\n\n\n\n<p class=\"wp-block-paragraph\">S\u0142owo \u201etylko\u201d nie zmienia charakteru posiedzenia Komisji. Nie zast\u0119puje prawid\u0142owego zwo\u0142ania posiedzenia, nie wy\u0142\u0105cza zasady jawno\u015bci, nie usuwa obowi\u0105zku jego udokumentowania i nie powoduje, \u017ce podj\u0119ta podczas niego decyzja znika z rzeczywisto\u015bci.<\/p>\n\n\n\n<h2 class=\"wp-block-heading\"><strong>W pi\u015bmie pojawi\u0142y si\u0119 r\u00f3wnie\u017c dwa inne przydatne poj\u0119cia z zakresu p\u0142askiego prawa samorz\u0105dowego:<\/strong><\/h2>\n\n\n\n<p class=\"wp-block-paragraph\"><strong>\u201edodatkowo\u201d<\/strong> \u2014 czyli Komisja zaj\u0119\u0142a si\u0119 spraw\u0105, kt\u00f3rej podobno nie planowa\u0142a rozpatrywa\u0107;<\/p>\n\n\n\n<p class=\"wp-block-paragraph\"><strong>\u201ewkr\u00f3tce\u201d<\/strong> \u2014 czyli termin zostanie podany, ale bez podawania terminu.<\/p>\n\n\n\n<p class=\"wp-block-paragraph\">Najbardziej podoba mi si\u0119 w\u0142a\u015bnie s\u0142owo \u201ewkr\u00f3tce\u201d.<\/p>\n\n\n\n<p class=\"wp-block-paragraph\">M\u00f3j znajomy r\u00f3wnie\u017c oddaje mi 300 funt\u00f3w \u201ewkr\u00f3tce\u201d. Robi to ju\u017c od sze\u015bciu lat.<\/p>\n\n\n\n<p class=\"wp-block-paragraph\">Dowiedzia\u0142em si\u0119 ponadto, \u017ce sierpie\u0144 jest okresem urlopowym tak\u017ce dla radnych. To niew\u0105tpliwie cenna informacja organizacyjna. Problem polega jedynie na tym, \u017ce okres wakacyjny nie zawiesza termin\u00f3w wynikaj\u0105cych z Kodeksu post\u0119powania administracyjnego i nie zwalnia z obowi\u0105zku wskazania konkretnego terminu za\u0142atwienia sprawy.<\/p>\n\n\n\n<p class=\"wp-block-paragraph\"><strong>Ca\u0142o\u015b\u0107 sprowadza si\u0119 wi\u0119c do pr\u00f3by przekonania mieszka\u0144ca, \u017ce Komisja odby\u0142a posiedzenie, ale nie takie ca\u0142kiem powa\u017cne, poniewa\u017c by\u0142o ono \u201etylko\u201d organizacyjne; zaj\u0119\u0142a si\u0119 moj\u0105 skarg\u0105, ale wy\u0142\u0105cznie \u201edodatkowo\u201d; protoko\u0142u nadal nie otrzyma\u0142em, poniewa\u017c radni maj\u0105 urlopy; kolejny termin poznam \u201ewkr\u00f3tce\u201d, a odpowiedzi na moje pytania podobno ju\u017c kiedy\u015b pad\u0142y \u2014 tylko nie wiadomo gdzie, kiedy i jakie.<\/strong><\/p>\n\n\n\n<p class=\"wp-block-paragraph\">Brakuje ju\u017c tylko wyja\u015bnienia, \u017ce Komisja w\u0142a\u015bciwie wcale si\u0119 nie zebra\u0142a, lecz jej cz\u0142onkowie przypadkowo spotkali si\u0119 przy jednym stole, wybrali przewodnicz\u0105cego, zast\u0119pc\u0119 i podj\u0119li decyzj\u0119 dotycz\u0105c\u0105 mojej skargi.<\/p>\n\n\n\n<p class=\"wp-block-paragraph\">Poni\u017cej publikuj\u0119 pismo Pani Przewodnicz\u0105cej.<\/p>\n\n\n\n<p class=\"wp-block-paragraph\">Ka\u017cdy mo\u017ce sam sprawdzi\u0107, czy dostrzega pi\u0119kne nowe szaty tego wyja\u015bnienia, czy te\u017c widzi dok\u0142adnie to samo co ja.<\/p>\n\n\n\n<p class=\"wp-block-paragraph\"><\/p>\n\n\n\n<p class=\"wp-block-paragraph\"><strong>Pismo Pani Przewodnicz\u0105cej<\/strong><\/p>\n\n\n\n<figure class=\"wp-block-image size-full\"><img loading=\"lazy\" decoding=\"async\" width=\"756\" height=\"808\" src=\"https:\/\/plaska.info\/wp-content\/uploads\/2026\/08\/image-8.jpeg\" alt=\"\" class=\"wp-image-2105\" srcset=\"https:\/\/plaska.info\/wp-content\/uploads\/2026\/08\/image-8.jpeg 756w, https:\/\/plaska.info\/wp-content\/uploads\/2026\/08\/image-8-281x300.jpeg 281w\" sizes=\"auto, (max-width: 756px) 100vw, 756px\" \/><\/figure>\n\n\n\n<p class=\"wp-block-paragraph\"><strong>Moja odpowied\u017a<\/strong><\/p>\n\n\n\n<p class=\"wp-block-paragraph\">Szanowna Pani Przewodnicz\u0105ca,<\/p>\n\n\n\n<p class=\"wp-block-paragraph\">otrzymana odpowied\u017a nie wyja\u015bnia sprawy, lecz pozostawia bez odpowiedzi najwa\u017cniejsze pytania i przedstawia wewn\u0119trznie niesp\u00f3jny opis posiedzenia Komisji Skarg, Wniosk\u00f3w i Petycji z 29 lipca 2026 r.<\/p>\n\n\n\n<p class=\"wp-block-paragraph\">Zamiast protoko\u0142u, konkretnych dat i podstaw prawnych otrzyma\u0142em informacj\u0119 o urlopach radnych oraz zapewnienie, \u017ce o terminie kolejnego posiedzenia zostan\u0119 poinformowany \u201ewkr\u00f3tce\u201d.<\/p>\n\n\n\n<p class=\"wp-block-paragraph\">W cz\u0119\u015bci dotycz\u0105cej istniej\u0105cych dokument\u00f3w i informacji publicznych niniejsz\u0105 wiadomo\u015b\u0107 prosz\u0119 traktowa\u0107 jako wniosek sk\u0142adany na podstawie art. 2 ust. 1 ustawy o dost\u0119pie do informacji publicznej. W pozosta\u0142ym zakresie prosz\u0119 o udzielenie jednoznacznych wyja\u015bnie\u0144 dotycz\u0105cych sposobu procedowania mojej skargi.<\/p>\n\n\n\n<p class=\"wp-block-paragraph\"><strong>1. Okres urlopowy nie zawiesza termin\u00f3w wynikaj\u0105cych z KPA<\/strong><\/p>\n\n\n\n<p class=\"wp-block-paragraph\">Napisa\u0142a Pani:<\/p>\n\n\n\n<p class=\"wp-block-paragraph\">\u201esierpie\u0144 jest okresem urlopowym tak\u017ce dla Radnych\u201d.<\/p>\n\n\n\n<p class=\"wp-block-paragraph\">Jest to informacja zrozumia\u0142a z organizacyjnego punktu widzenia, ale nie stanowi podstawy prawnej do bezterminowego odk\u0142adania sprawy.<\/p>\n\n\n\n<p class=\"wp-block-paragraph\">Zgodnie z art. 237 \u00a7 1 Kodeksu post\u0119powania administracyjnego skarga powinna zosta\u0107 za\u0142atwiona bez zb\u0119dnej zw\u0142oki, nie p\u00f3\u017aniej jednak ni\u017c w ci\u0105gu miesi\u0105ca. Je\u017celi nie mo\u017ce zosta\u0107 za\u0142atwiona w tym terminie, art. 237 \u00a7 4 w zwi\u0105zku z art. 36 KPA nak\u0142ada obowi\u0105zek:<\/p>\n\n\n\n<ul class=\"wp-block-list\">\n<li>wskazania przyczyny zw\u0142oki (nie s\u0105 ni\u0105 urlopy);<\/li>\n\n\n\n<li>wyznaczenia konkretnego nowego terminu za\u0142atwienia sprawy;<\/li>\n\n\n\n<li>pouczenia o prawie do wniesienia ponaglenia.<\/li>\n<\/ul>\n\n\n\n<p class=\"wp-block-paragraph\">Obowi\u0105zek poinformowania o przyczynach zw\u0142oki wynika r\u00f3wnie\u017c z \u00a7 92 Statutu Gminy P\u0142aska.<\/p>\n\n\n\n<p class=\"wp-block-paragraph\">Pani pismo nie zawiera konkretnego nowego terminu ani pouczenia o prawie do wniesienia ponaglenia. Sformu\u0142owanie \u201ezostanie Pan poinformowany wkr\u00f3tce\u201d nie jest terminem w rozumieniu KPA.<\/p>\n\n\n\n<p class=\"wp-block-paragraph\">\u201eWkr\u00f3tce\u201d mo\u017ce oznacza\u0107 jutro, za miesi\u0105c albo po zako\u0144czeniu kadencji.<\/p>\n\n\n\n<p class=\"wp-block-paragraph\">M\u00f3j znajomy oddaje mi 300 funt\u00f3w \u201ewkr\u00f3tce\u201d \u2013 ju\u017c od sze\u015bciu lat.<\/p>\n\n\n\n<p class=\"wp-block-paragraph\"><strong>2. Protok\u00f3\u0142 powinien zosta\u0107 przyj\u0119ty na nast\u0119pnym posiedzeniu Komisji<\/strong><\/p>\n\n\n\n<p class=\"wp-block-paragraph\">Obowi\u0105zek przyj\u0119cia protoko\u0142u wynika z Statutu Gminy P\u0142aska, zgodnie z kt\u00f3rym protok\u00f3\u0142 jest przyjmowany na nast\u0119pnym posiedzeniu komisji w drodze g\u0142osowania, a nast\u0119pnie podpisywany przez przewodnicz\u0105cego i protokolanta.<\/p>\n\n\n\n<p class=\"wp-block-paragraph\">Nie wyja\u015bnia to jednak, dlaczego protok\u00f3\u0142 z wcze\u015bniejszego posiedzenia nie zosta\u0142 przyj\u0119ty podczas posiedzenia 29 lipca 2026 r. ani kiedy nast\u0105pi jego przyj\u0119cie.<\/p>\n\n\n\n<p class=\"wp-block-paragraph\">Nie oczekiwa\u0142em podpisania protoko\u0142u przez Pani\u0105 ani przez Sekretarza Gminy. Wzmianka o mo\u017cliwo\u015bci przyj\u0119cia przeze mnie dokumentu podpisanego przez Pa\u0144stwa by\u0142a dygresj\u0105 odnosz\u0105c\u0105 si\u0119 do wielomiesi\u0119cznego oczekiwania na dokument i braku jego podpisania przez osoby rzeczywi\u015bcie do tego zobowi\u0105zane.<\/p>\n\n\n\n<p class=\"wp-block-paragraph\"><strong>3. Rzeczywisty przebieg posiedzenia nie odpowiada podanemu celowi jego zwo\u0142ania<\/strong><\/p>\n\n\n\n<p class=\"wp-block-paragraph\">Napisa\u0142a Pani:<\/p>\n\n\n\n<p class=\"wp-block-paragraph\">\u201ePosiedzenie Komisji [\u2026] jakie odby\u0142o si\u0119 29 lipca 2026 r. by\u0142o zwo\u0142ane tylko w celu wyboru przewodnicz\u0105cego Komisji i jego zast\u0119pcy\u201d.<\/p>\n\n\n\n<p class=\"wp-block-paragraph\">W nast\u0119pnym zdaniu stwierdzi\u0142a Pani:<\/p>\n\n\n\n<p class=\"wp-block-paragraph\">\u201eDodatkowo Komisja podj\u0119\u0142a decyzj\u0119 o ponownym rozpatrzeniu Pana skargi\u201d.<\/p>\n\n\n\n<p class=\"wp-block-paragraph\">Z Pani w\u0142asnej odpowiedzi wynika wi\u0119c, \u017ce rzeczywisty przebieg posiedzenia wykracza\u0142 poza cel, w jakim zosta\u0142o ono zwo\u0142ane.<\/p>\n\n\n\n<p class=\"wp-block-paragraph\">Dokumenty dotycz\u0105ce mojej skargi musia\u0142y zosta\u0107 przygotowane i dostarczone cz\u0142onkom Komisji jeszcze przed rozpocz\u0119ciem posiedzenia, oznacza to, \u017ce zaj\u0119cie si\u0119 moj\u0105 spraw\u0105 by\u0142o wcze\u015bniej planowane. W takim przypadku twierdzenie, \u017ce posiedzenie zosta\u0142o zwo\u0142ane \u201etylko w celu wyboru przewodnicz\u0105cego Komisji i jego zast\u0119pcy\u201d, nie odpowiada rzeczywistemu zakresowi zaplanowanych czynno\u015bci.<\/p>\n\n\n\n<p class=\"wp-block-paragraph\">Trudno bowiem uzna\u0107, \u017ce decyzja Komisji dotycz\u0105ca ponownego rozpatrzenia skargi pojawi\u0142a si\u0119 samoistnie. Kto\u015b musia\u0142 ten temat przedstawi\u0107, wyja\u015bni\u0107 cz\u0142onkom Komisji, czego dotyczy, oraz wskaza\u0107 podstawy przemawiaj\u0105ce za ponownym zaj\u0119ciem si\u0119 spraw\u0105. Je\u017celi wykorzystano dokumenty, kto\u015b musia\u0142 je wcze\u015bniej przygotowa\u0107 albo przynie\u015b\u0107 na posiedzenie.<\/p>\n\n\n\n<p class=\"wp-block-paragraph\"><strong>4. Zwo\u0142anie i jawno\u015b\u0107 posiedzenia z 29 lipca 2026 r.<\/strong><\/p>\n\n\n\n<p class=\"wp-block-paragraph\">Zgodnie z art. 11b ust. 1 i 2 ustawy o samorz\u0105dzie gminnym dzia\u0142alno\u015b\u0107 organ\u00f3w gminy jest jawna. Jawno\u015b\u0107 obejmuje w szczeg\u00f3lno\u015bci prawo mieszka\u0144c\u00f3w do wst\u0119pu na posiedzenia komisji Rady oraz dost\u0119pu do dokument\u00f3w, w tym protoko\u0142\u00f3w.<\/p>\n\n\n\n<p class=\"wp-block-paragraph\">Tak\u0105 sam\u0105 zasad\u0119 ustanawia Statut Gminy P\u0142aska.<\/p>\n\n\n\n<p class=\"wp-block-paragraph\">Zgodnie ze Statutem posiedzenia Komisji Skarg, Wniosk\u00f3w i Petycji zwo\u0142uje jej przewodnicz\u0105cy &#8211; powinny by\u0107 zwo\u0142ywane w formie pisemnej.<\/p>\n\n\n\n<p class=\"wp-block-paragraph\">Powstaje zatem pytanie, kto i na jakiej podstawie zwo\u0142a\u0142 posiedzenie, w spos\u00f3b tajny, niezgodnie z prawem i wieloletnim zwyczajem.<\/p>\n\n\n\n<p class=\"wp-block-paragraph\">Nie twierdz\u0119, \u017ce posiedzenie po\u015bwi\u0119cone wyborowi w\u0142adz Komisji nie mog\u0142o si\u0119 odby\u0107. Twierdz\u0119 natomiast, \u017ce nadal by\u0142o ono formalnym i jawnym posiedzeniem Komisji, kt\u00f3re powinno zosta\u0107 prawid\u0142owo zwo\u0142ane i udokumentowane.<\/p>\n\n\n\n<p class=\"wp-block-paragraph\">Okre\u015blenie, \u017ce odbywa\u0142o si\u0119 ono \u201etylko\u201d w celu wyboru przewodnicz\u0105cego, nie wy\u0142\u0105cza stosowania zasad jawno\u015bci i dokumentowania. Tym bardziej nie mo\u017ce tego uzasadnia\u0107, skoro podczas tego samego posiedzenia Komisja zaj\u0119\u0142a si\u0119 r\u00f3wnie\u017c moj\u0105 skarg\u0105.<\/p>\n\n\n\n<p class=\"wp-block-paragraph\">Ciekaw\u0105 lektur\u0105 b\u0119dzie protok\u00f3\u0142 z tej \u201ekomisji\u201d.<\/p>\n\n\n\n<p class=\"wp-block-paragraph\"><strong>5. Wniosek o udost\u0119pnienie dokument\u00f3w<\/strong><\/p>\n\n\n\n<p class=\"wp-block-paragraph\">Na podstawie art. 2 ust. 1 ustawy o dost\u0119pie do informacji publicznej oraz Statutem Gminy P\u0142aska wnosz\u0119 o przes\u0142anie w formie elektronicznej:<\/p>\n\n\n\n<ol start=\"1\" class=\"wp-block-list\">\n<li>projektu protoko\u0142u z posiedzenia, podczas kt\u00f3rego rozpatrywano moje skargi, wraz ze wszystkimi istniej\u0105cymi za\u0142\u0105cznikami \u2013 nied\u0142ugo mija 3 miesiace;<\/li>\n\n\n\n<li>projektu protoko\u0142u z posiedzenia Komisji z 29 lipca 2026 r., je\u017celi zosta\u0142 ju\u017c sporz\u0105dzony;<\/li>\n\n\n\n<li>pisemnego dokumentu, na podstawie kt\u00f3rego zwo\u0142ano posiedzenie z 29 lipca 2026 r.;<\/li>\n\n\n\n<li>porz\u0105dku tego posiedzenia;<\/li>\n\n\n\n<li>listy obecno\u015bci cz\u0142onk\u00f3w Komisji i os\u00f3b zaproszonych;<\/li>\n\n\n\n<li>dokumentu zawieraj\u0105cego przyj\u0119t\u0105 opini\u0119, wniosek, stanowisko albo inne ustalenie dotycz\u0105ce ponownego rozpatrzenia mojej skargi;<\/li>\n\n\n\n<li>wynik\u00f3w g\u0142osowa\u0144 przeprowadzonych podczas posiedzenia;<\/li>\n\n\n\n<li>dokument\u00f3w przedstawionych cz\u0142onkom Komisji w zwi\u0105zku z moj\u0105 skarg\u0105;<\/li>\n\n\n\n<li>dokument\u00f3w potwierdzaj\u0105cych spos\u00f3b poinformowania mieszka\u0144c\u00f3w o terminie, miejscu i przedmiocie posiedzenia;<\/li>\n\n\n\n<li>innych materia\u0142\u00f3w, kt\u00f3re zgodnie z Statutem powinny zosta\u0107 do\u0142\u0105czone do protoko\u0142u jako za\u0142\u0105czniki.<\/li>\n<\/ol>\n\n\n\n<p class=\"wp-block-paragraph\">Je\u017celi kt\u00f3rykolwiek z wymienionych dokument\u00f3w nie istnieje albo nie zosta\u0142 sporz\u0105dzony, prosz\u0119 poinformowa\u0107 o tym jednoznacznie, odr\u0119bnie w odniesieniu do ka\u017cdego punktu.<\/p>\n\n\n\n<p class=\"wp-block-paragraph\">Je\u017celi Gmina uzna, \u017ce kt\u00f3rykolwiek z istniej\u0105cych dokument\u00f3w nie podlega udost\u0119pnieniu, prosz\u0119 o wskazanie podstawy prawnej takiego stanowiska oraz zastosowanie trybu przewidzianego w ustawie o dost\u0119pie do informacji publicznej.<\/p>\n\n\n\n<p class=\"wp-block-paragraph\"><strong>6. Przekazanie pisma radnym nie odpowiada na pytanie o podpisy<\/strong><\/p>\n\n\n\n<p class=\"wp-block-paragraph\">Napisa\u0142a Pani:<\/p>\n\n\n\n<p class=\"wp-block-paragraph\">\u201ePana pytania zosta\u0142y przekazane Radnym drog\u0105 mailow\u0105 24 lipca 2026 r.\u201d.<\/p>\n\n\n\n<p class=\"wp-block-paragraph\">Nie prosi\u0142em Pani jedynie o rozes\u0142anie dokumentu. Przekaza\u0142em go w celu zapoznania radnych z jego tre\u015bci\u0105 i umo\u017cliwienia z\u0142o\u017cenia podpis\u00f3w konkretnie pod tym pismem przez osoby zainteresowane uzyskaniem odpowiedzi na wskazane pytania. Tak si\u0119 um\u00f3wili\u015bmy i w obecno\u015bci \u015bwiadk\u00f3w potwierdzi\u0142a Pani, \u017ce rozumie moj\u0105 intencj\u0119.<\/p>\n\n\n\n<p class=\"wp-block-paragraph\">Dlatego ponownie prosz\u0119 odpowiedzie\u0107:<\/p>\n\n\n\n<ol start=\"1\" class=\"wp-block-list\">\n<li>czy kt\u00f3rykolwiek radny podpisa\u0142 moje pismo;<\/li>\n\n\n\n<li>czy Pani z\u0142o\u017cy\u0142a podpis zgodnie z deklaracj\u0105 przedstawion\u0105 podczas sesji;<\/li>\n\n\n\n<li>je\u017celi nie \u2013 dlaczego nie dotrzyma\u0142a Pani publicznie z\u0142o\u017conej deklaracji;<\/li>\n\n\n\n<li>gdzie i kiedy mog\u0119 odebra\u0107 pozostawiony przeze mnie orygina\u0142 dokumentu.<\/li>\n<\/ol>\n\n\n\n<p class=\"wp-block-paragraph\">Prosz\u0119 r\u00f3wnie\u017c o przes\u0142anie skanu aktualnej wersji dokumentu ze wszystkimi z\u0142o\u017conymi na nim podpisami.<\/p>\n\n\n\n<p class=\"wp-block-paragraph\">W ramach dost\u0119pu do informacji publicznej wnosz\u0119 ponadto o przes\u0142anie wiadomo\u015bci e-mail z 24 lipca 2026 r., za pomoc\u0105 kt\u00f3rej moje pytania przekazano radnym, wraz z jej tre\u015bci\u0105, list\u0105 adresat\u00f3w oraz za\u0142\u0105cznikami \u2013 po ewentualnym usuni\u0119ciu danych podlegaj\u0105cych ochronie.<\/p>\n\n\n\n<p class=\"wp-block-paragraph\">Informacja, \u017ce mog\u0119 samodzielnie zadawa\u0107 pytania podczas sesji lub korzysta\u0107 z dost\u0119pu do informacji publicznej, ca\u0142kowicie omija istot\u0119 mojego wyst\u0105pienia.<\/p>\n\n\n\n<p class=\"wp-block-paragraph\">Nie pyta\u0142em, czy wolno mi zadawa\u0107 pytania. Doskonale wiem, \u017ce wolno. Chcia\u0142em ustali\u0107, czy w pi\u0119tnastoosobowej Radzie znajdzie si\u0119 cho\u0107 jeden radny gotowy podpisa\u0107 pytania mieszka\u0144ca i formalnie wyst\u0105pi\u0107 o wyja\u015bnienie wskazanych nieprawid\u0142owo\u015bci.<\/p>\n\n\n\n<p class=\"wp-block-paragraph\"><strong>7. Twierdzenie o wcze\u015bniejszych odpowiedziach wymaga wskazania konkret\u00f3w<\/strong><\/p>\n\n\n\n<p class=\"wp-block-paragraph\">Stwierdzi\u0142a Pani:<\/p>\n\n\n\n<p class=\"wp-block-paragraph\">\u201eOdpowiedzi na wiele z tych pyta\u0144 zosta\u0142y udzielone ju\u017c wcze\u015bniej na sesjach Rady Gminy P\u0142aska\u201d.<\/p>\n\n\n\n<p class=\"wp-block-paragraph\">Jest to odpowied\u017a z gatunku: \u201eniech zainteresowany sam sobie poszuka\u201d. A je\u017celi nie znajdzie \u2013 widocznie \u017ale szuka\u0142.<\/p>\n\n\n\n<p class=\"wp-block-paragraph\">Mam natomiast podstawy s\u0105dzi\u0107, \u017ce odpowiedzi na wskazane pytania w og\u00f3le nie zosta\u0142y udzielone albo nie odpowiada\u0142y ich rzeczywistej tre\u015bci.<\/p>\n\n\n\n<p class=\"wp-block-paragraph\">Prosz\u0119 zatem wskaza\u0107 odr\u0119bnie dla ka\u017cdego pytania, na kt\u00f3re \u2013 wed\u0142ug Pani \u2013 ju\u017c odpowiedziano:<\/p>\n\n\n\n<ol start=\"1\" class=\"wp-block-list\">\n<li>dat\u0119 sesji;<\/li>\n\n\n\n<li>punkt porz\u0105dku obrad;<\/li>\n\n\n\n<li>osob\u0119 udzielaj\u0105c\u0105 odpowiedzi;<\/li>\n\n\n\n<li>dok\u0142adne miejsce odpowiedzi w nagraniu albo protokole;<\/li>\n\n\n\n<li>tre\u015b\u0107 udzielonej odpowiedzi.<\/li>\n<\/ol>\n\n\n\n<p class=\"wp-block-paragraph\">Je\u017celi odpowiedzi rzeczywi\u015bcie zosta\u0142y udzielone, ich wskazanie nie powinno sprawi\u0107 problemu. Je\u017celi natomiast nie mo\u017cna ustali\u0107, kiedy i gdzie pad\u0142y, prosz\u0119 nie przedstawia\u0107 nieweryfikowalnych przypuszcze\u0144 jako fakt\u00f3w w oficjalnej korespondencji.<\/p>\n\n\n\n<p class=\"wp-block-paragraph\"><strong>Podsumowanie<\/strong><\/p>\n\n\n\n<p class=\"wp-block-paragraph\">Prosz\u0119 o udzielenie odpowiedzi odr\u0119bnie na ka\u017cde z postawionych pyta\u0144 oraz o udost\u0119pnienie wskazanych dokument\u00f3w.<\/p>\n\n\n\n<p class=\"wp-block-paragraph\">Nie oczekuj\u0119 kolejnych og\u00f3lnych zapewnie\u0144 ani informacji o okresie urlopowym. Od 15 czerwca by\u0142o mn\u00f3stwo czasu na spotkanie komisji skarg, a na m\u00f3j stan wiedzy jej cz\u0142onkowie spotkali si\u0119 na po\u0142\u0105czonych komisjach jeszcze 21 lipca. W 3 miesi\u0105cu oczekiwania mam prawo oczekiwa\u0107 dokument\u00f3w, konkretnych dat i jednoznacznych odpowiedzi.<\/p>\n\n\n\n<p class=\"wp-block-paragraph\">Je\u017celi jest Pani przekonana o prawid\u0142owo\u015bci dzia\u0142ania Komisji, prosz\u0119 doprowadzi\u0107 do zwo\u0142ania jej jawnego posiedzenia w najbli\u017cszy pi\u0105tek albo poniedzia\u0142ek. Stawi\u0119 si\u0119 z kompletem dokument\u00f3w i przedstawi\u0119 wszystkie wynikaj\u0105ce z nich sprzeczno\u015bci.<\/p>\n\n\n\n<p class=\"wp-block-paragraph\">Wtedy oka\u017ce si\u0119, czy za s\u0142owem \u201ewkr\u00f3tce\u201d kryje si\u0119 rzeczywista gotowo\u015b\u0107 do wyja\u015bnienia sprawy.<\/p>\n\n\n\n<p class=\"wp-block-paragraph\">PS pozwoli\u0142em sobie za\u0142\u0105czy\u0107 Pani pismo i w odpowiedzi za\u0142\u0105czy\u0107 radnych, \u017ceby zobaczyli co w ich imieniu wysy\u0142a Pani Przewodnicz\u0105ca Tomczyk.<\/p>\n\n\n\n<p class=\"wp-block-paragraph\">Z powa\u017caniem<\/p>\n\n\n\n<p class=\"wp-block-paragraph\"><\/p>\n\n\n\n<p class=\"wp-block-paragraph\"><strong>A tymczasem \u2014 do zobaczenia \u201ewkr\u00f3tce\u201d.<\/strong><\/p>\n\n\n\n<p class=\"wp-block-paragraph\">To znaczy kiedy?<\/p>\n\n\n\n<p class=\"wp-block-paragraph\">A sk\u0105d ja, do diab\u0142a, mam wiedzie\u0107, co siedzi w g\u0142owie Pani Przewodnicz\u0105cej?<\/p>\n\n\n\n<p class=\"wp-block-paragraph\"><strong>A mo\u017ce ju\u017c nie siedzi? Mo\u017ce uciek\u0142o?<\/strong><\/p>\n\n\n\n<figure class=\"wp-block-image size-full\"><img loading=\"lazy\" decoding=\"async\" width=\"756\" height=\"426\" src=\"https:\/\/plaska.info\/wp-content\/uploads\/2026\/08\/image-7.jpeg\" alt=\"\" class=\"wp-image-2104\" srcset=\"https:\/\/plaska.info\/wp-content\/uploads\/2026\/08\/image-7.jpeg 756w, https:\/\/plaska.info\/wp-content\/uploads\/2026\/08\/image-7-300x169.jpeg 300w\" sizes=\"auto, (max-width: 756px) 100vw, 756px\" \/><\/figure>\n","protected":false},"excerpt":{"rendered":"<p>Otrzyma\u0142em na poczt\u0119 prawdziwy majstersztyk urz\u0119dowej akrobatyki. William Shakespeare napisa\u0142, \u017ce r\u00f3\u017ca pod inn\u0105 nazw\u0105 pachnia\u0142aby r\u00f3wnie s\u0142odko. Skoro s\u0142owa te pochodz\u0105 z \u201eRomea i Julii\u201d, trudno wyobrazi\u0107 sobie wdzi\u0119czniejszych adresat\u00f3w tego cytatu ni\u017c Pan W\u00f3jt i Pani Przewodnicz\u0105ca \u2014 dwoje g\u0142\u00f3wnych bohater\u00f3w naszej samorz\u0105dowej opowie\u015bci. Podzia\u0142u r\u00f3l nie podejmuj\u0119 si\u0119 rozstrzyga\u0107. Najwyra\u017aniej w Gminie [&hellip;]<\/p>\n","protected":false},"author":1,"featured_media":0,"comment_status":"open","ping_status":"open","sticky":false,"template":"","format":"standard","meta":{"_coblocks_attr":"","_coblocks_dimensions":"","_coblocks_responsive_height":"","_coblocks_accordion_ie_support":"","hide_page_title":"","footnotes":""},"categories":[1],"tags":[],"class_list":["post-2101","post","type-post","status-publish","format-standard","hentry","category-uncategorized"],"_links":{"self":[{"href":"https:\/\/plaska.info\/index.php?rest_route=\/wp\/v2\/posts\/2101","targetHints":{"allow":["GET"]}}],"collection":[{"href":"https:\/\/plaska.info\/index.php?rest_route=\/wp\/v2\/posts"}],"about":[{"href":"https:\/\/plaska.info\/index.php?rest_route=\/wp\/v2\/types\/post"}],"author":[{"embeddable":true,"href":"https:\/\/plaska.info\/index.php?rest_route=\/wp\/v2\/users\/1"}],"replies":[{"embeddable":true,"href":"https:\/\/plaska.info\/index.php?rest_route=%2Fwp%2Fv2%2Fcomments&post=2101"}],"version-history":[{"count":2,"href":"https:\/\/plaska.info\/index.php?rest_route=\/wp\/v2\/posts\/2101\/revisions"}],"predecessor-version":[{"id":2108,"href":"https:\/\/plaska.info\/index.php?rest_route=\/wp\/v2\/posts\/2101\/revisions\/2108"}],"wp:attachment":[{"href":"https:\/\/plaska.info\/index.php?rest_route=%2Fwp%2Fv2%2Fmedia&parent=2101"}],"wp:term":[{"taxonomy":"category","embeddable":true,"href":"https:\/\/plaska.info\/index.php?rest_route=%2Fwp%2Fv2%2Fcategories&post=2101"},{"taxonomy":"post_tag","embeddable":true,"href":"https:\/\/plaska.info\/index.php?rest_route=%2Fwp%2Fv2%2Ftags&post=2101"}],"curies":[{"name":"wp","href":"https:\/\/api.w.org\/{rel}","templated":true}]}}