{"id":2043,"date":"2026-08-23T19:28:22","date_gmt":"2026-08-23T18:28:22","guid":{"rendered":"https:\/\/plaska.info\/?p=2043"},"modified":"2026-08-23T20:03:37","modified_gmt":"2026-08-23T19:03:37","slug":"nowa-okolicznosc-zlapal-nas-na-klamstwie","status":"publish","type":"post","link":"https:\/\/plaska.info\/?p=2043","title":{"rendered":"NOWA OKOLICZNO\u015a\u0106: Z\u0141APA\u0141 NAS NA K\u0141AMSTWIE"},"content":{"rendered":"\n<figure class=\"wp-block-image size-large\"><img loading=\"lazy\" decoding=\"async\" width=\"683\" height=\"1024\" src=\"http:\/\/plaska.info\/wp-content\/uploads\/2026\/08\/ChatGPT-Image-23-sie-2026-20_25_18-683x1024.png\" alt=\"\" class=\"wp-image-2049\" srcset=\"https:\/\/plaska.info\/wp-content\/uploads\/2026\/08\/ChatGPT-Image-23-sie-2026-20_25_18-683x1024.png 683w, https:\/\/plaska.info\/wp-content\/uploads\/2026\/08\/ChatGPT-Image-23-sie-2026-20_25_18-200x300.png 200w, https:\/\/plaska.info\/wp-content\/uploads\/2026\/08\/ChatGPT-Image-23-sie-2026-20_25_18-768x1152.png 768w, https:\/\/plaska.info\/wp-content\/uploads\/2026\/08\/ChatGPT-Image-23-sie-2026-20_25_18.png 1024w\" sizes=\"auto, (max-width: 683px) 100vw, 683px\" \/><\/figure>\n\n\n\n<h2 class=\"wp-block-heading\"><strong>Pani Przewodnicz\u0105ca,<\/strong><\/h2>\n\n\n\n<p class=\"wp-block-paragraph\">rozumiem, \u017ce sytuacja zrobi\u0142a si\u0119 trudna.<\/p>\n\n\n\n<p class=\"wp-block-paragraph\">Pozwoli\u0142em Pa\u0144stwu samodzielnie ukr\u0119ci\u0107 sznur, wej\u015b\u0107 na krzes\u0142o i jeszcze zapyta\u0107, czy dobrze wygl\u0105da w protokole.<\/p>\n\n\n\n<p class=\"wp-block-paragraph\">Chcia\u0142em pokaza\u0107 mieszka\u0144com bardzo prosty mechanizm:<\/p>\n\n\n\n<p class=\"wp-block-paragraph\">najpierw Gmina pobiera od mieszka\u0144ca pieni\u0105dze w spos\u00f3b, kt\u00f3ry \u2013 w mojej ocenie \u2013 nie znajduje oparcia w obowi\u0105zuj\u0105cych zasadach rozliczania wody. P\u00f3\u017aniej, kiedy mieszkaniec zaczyna zadawa\u0107 pytania, przedstawiciele Gminy przekazuj\u0105 informacje sprzeczne z dokumentami. A kiedy kto\u015b wyci\u0105ga dokumenty i pokazuje te sprzeczno\u015bci, rozpoczyna si\u0119 ratowanie sytuacji kolejnymi wyja\u015bnieniami.<\/p>\n\n\n\n<p class=\"wp-block-paragraph\">Problem polega na tym, \u017ce te wyja\u015bnienia s\u0105 coraz mniej wiarygodne.<\/p>\n\n\n\n<p class=\"wp-block-paragraph\">W sprawie wypowiadali si\u0119:<\/p>\n\n\n\n<ul class=\"wp-block-list\">\n<li>Przewodnicz\u0105ca Rady Gminy Katarzyna Tomczyk,<\/li>\n\n\n\n<li>Sekretarz Gminy Maciej Zdancewicz,<\/li>\n\n\n\n<li>W\u00f3jt Gminy P\u0142aska Micha\u0142 Skubis.<\/li>\n<\/ul>\n\n\n\n<p class=\"wp-block-paragraph\">Nieprawdziwe informacje pojawia\u0142y si\u0119 w wiadomo\u015bciach e-mail, podczas posiedzenia Komisji Skarg, Wniosk\u00f3w i Petycji oraz przed Rad\u0105 Gminy.<\/p>\n\n\n\n<p class=\"wp-block-paragraph\">Chocia\u017c z tym \u201eprzed Rad\u0105 Gminy\u201d mog\u0142em troch\u0119 przesadzi\u0107.<\/p>\n\n\n\n<p class=\"wp-block-paragraph\">Radni mogli przecie\u017c ju\u017c wcze\u015bniej wielokrotnie przeczyta\u0107 na moim blogu, jak wygl\u0105da\u0142o rozliczenie wody. Mogli sprawdzi\u0107 dokumenty. Mogli zada\u0107 pytania. Mogli u\u017cy\u0107 kalkulatora.<\/p>\n\n\n\n<p class=\"wp-block-paragraph\">Mogli.<\/p>\n\n\n\n<p class=\"wp-block-paragraph\">Ale najwyra\u017aniej nie po to zostaje si\u0119 radnym we Wsp\u00f3lnej Sprawie, \u017ceby przeszkadza\u0107 faktami w sprawnym g\u0142osowaniu.<\/p>\n\n\n\n<h3 class=\"wp-block-heading\">Komisja, kt\u00f3ra mia\u0142a kontrolowa\u0107, a zosta\u0142a wykorzystana jako dekoracja<\/h3>\n\n\n\n<p class=\"wp-block-paragraph\">Doprowadzi\u0142a Pani do sytuacji, w kt\u00f3rej cz\u0142onkowie Komisji Skarg, Wniosk\u00f3w i Petycji:<\/p>\n\n\n\n<ul class=\"wp-block-list\">\n<li>Marek Sudnik \u2013 przewodnicz\u0105cy Komisji,<\/li>\n\n\n\n<li>Ewa \u015alepska \u2013 cz\u0142onek Komisji,<\/li>\n\n\n\n<li>Ewa Citkowska \u2013 cz\u0142onek Komisji,<\/li>\n<\/ul>\n\n\n\n<p class=\"wp-block-paragraph\">podpisali si\u0119 pod opini\u0105, kt\u00f3ra \u2013 w \u015bwietle posiadanych dokument\u00f3w \u2013 jest nie do obrony.<\/p>\n\n\n\n<p class=\"wp-block-paragraph\">Do dzisiaj pami\u0119tam jak Pan Sudnik wyci\u0105ga z stery papier\u00f3w przed nimi dokument, kt\u00f3ry Pani Slepska nie potrafi\u0142a przeczyta\u0107 i prosi\u0142a, aby pewnych fragment\u00f3w nie czyta\u0107. Dokument zaczyna\u0142 si\u0119 od s\u0142\u00f3w &#8222;komisja po wnikliwej analizie&#8221;.  Tak analizowali, \u017ce s\u0142\u00f3wka z analizy nie potrafili wym\u00f3wi\u0107 \ud83d\ude42<\/p>\n\n\n\n<p class=\"wp-block-paragraph\">Komisja mia\u0142a sprawdzi\u0107 moje zarzuty.<\/p>\n\n\n\n<p class=\"wp-block-paragraph\">Zamiast tego uwierzytelnia\u0142a wersj\u0119 przedstawion\u0105 przez Gmin\u0119, pomimo \u017ce przeczy\u0142y jej dokumenty znajduj\u0105ce si\u0119 przed cz\u0142onkami Komisji.<\/p>\n\n\n\n<p class=\"wp-block-paragraph\"><strong>Nazwijmy to delikatnie: cz\u0142onkowie Komisji pozwolili zrobi\u0107 z siebie politycznych statyst\u00f3w. Ich nazwiska zosta\u0142y wykorzystane do przyklepania stanowiska, kt\u00f3rego najwyra\u017aniej nikt nie zamierza\u0142 uczciwie zweryfikowa\u0107.<\/strong><\/p>\n\n\n\n<p class=\"wp-block-paragraph\"><strong>Przepraszam za brak politycznej poprawno\u015bci:<\/strong> <strong>zrobili z siebie idiot\u00f3w.<\/strong><\/p>\n\n\n\n<p class=\"wp-block-paragraph\"><strong>Oczywi\u015bcie nie przes\u0105dzam, czy by\u0142 to stan trwa\u0142y, czy tylko chwilowa niedyspozycja wywo\u0142ana widokiem przewodnicz\u0105cej Tomczyk nadzoruj\u0105cej poprawno\u015b\u0107 polityczn\u0105 g\u0142osowania. By\u0107 mo\u017ce poza posiedzeniami Komisji odzyskuj\u0105 zdolno\u015b\u0107 samodzielnego czytania, liczenia i wyci\u0105gania wniosk\u00f3w.<\/strong><\/p>\n\n\n\n<p class=\"wp-block-paragraph\"><strong>Bardzo chcia\u0142bym w to wierzy\u0107.<\/strong><\/p>\n\n\n\n<p class=\"wp-block-paragraph\"><strong>Na razie jednak dokumentacja medyczna nie jest potrzebna. Wystarczy protok\u00f3\u0142 z posiedzenia.<\/strong><\/p>\n\n\n\n<p class=\"wp-block-paragraph\">P\u00f3\u017aniej ca\u0142a Rada Gminy zag\u0142osowa\u0142a za t\u0105 opini\u0105.<\/p>\n\n\n\n<p class=\"wp-block-paragraph\">Radni mieli mo\u017cliwo\u015b\u0107 zapoznania si\u0119 ze spraw\u0105. Mieli mo\u017cliwo\u015b\u0107 zadawania pyta\u0144. Mieli mo\u017cliwo\u015b\u0107 sprawdzenia dokument\u00f3w.<\/p>\n\n\n\n<p class=\"wp-block-paragraph\">Zamiast tego podnie\u015bli r\u0119ce.<\/p>\n\n\n\n<p class=\"wp-block-paragraph\">By\u0107 mo\u017ce uznali, \u017ce je\u015bli pi\u0119tna\u015bcie os\u00f3b zag\u0142osuje za nieprawd\u0105, to nieprawda automatycznie staje si\u0119 prawd\u0105.<\/p>\n\n\n\n<p class=\"wp-block-paragraph\">Niestety. Demokracja daje prawo do g\u0142osowania, ale nie daje prawa do zmieniania fakt\u00f3w wi\u0119kszo\u015bci\u0105 g\u0142os\u00f3w.<\/p>\n\n\n\n<p class=\"wp-block-paragraph\">Pan Marek Sudnik po tej historii odszed\u0142 z Komisji. Je\u017celi by\u0142a to pr\u00f3ba odci\u0119cia si\u0119 od sposobu jej dzia\u0142ania, potrafi\u0119 to uszanowa\u0107. Wiem, \u017ce w pewnych \u015brodowiskach posiadanie w\u0142asnego zdania mo\u017ce by\u0107 znacznie bardziej ryzykowne ni\u017c podpisanie czegokolwiek, co po\u0142o\u017cono na stole.<\/p>\n\n\n\n<p class=\"wp-block-paragraph\">Pani Ewa \u015alepska i pani Ewa Citkowska najwyra\u017aniej nadal uwa\u017caj\u0105, \u017ce nic szczeg\u00f3lnego si\u0119 nie wydarzy\u0142o.<\/p>\n\n\n\n<p class=\"wp-block-paragraph\">Nie ja je wychowywa\u0142em i nie ja b\u0119d\u0119 si\u0119 za nie wstydzi\u0142.<\/p>\n\n\n\n<p class=\"wp-block-paragraph\">Mieszka\u0144cy mog\u0105 natomiast sami oceni\u0107, czym w praktyce jest \u201eWsp\u00f3lna Sprawa\u201d i jak\u0105 rol\u0119 pe\u0142ni\u0105 nale\u017c\u0105cy do niej radni.<\/p>\n\n\n\n<p class=\"wp-block-paragraph\">Wsp\u00f3lna \u2013 owszem.<\/p>\n\n\n\n<p class=\"wp-block-paragraph\">Pozostaje tylko pytanie: <strong>czyja?<\/strong><\/p>\n\n\n\n<h3 class=\"wp-block-heading\">\u201ePojawi\u0142y si\u0119 nowe okoliczno\u015bci\u201d<\/h3>\n\n\n\n<p class=\"wp-block-paragraph\">M\u00f3g\u0142bym bawi\u0107 si\u0119 z Pa\u0144stwem jeszcze troch\u0119. Obserwowa\u0107 kolejne odpowiedzi, zbiera\u0107 nast\u0119pne sprzeczno\u015bci i sprawdza\u0107, jak daleko mo\u017cna zabrn\u0105\u0107 w obronie czego\u015b, czego obroni\u0107 si\u0119 nie da.<\/p>\n\n\n\n<p class=\"wp-block-paragraph\">Ale zwyczajnie mi si\u0119 znudzi\u0142o.<\/p>\n\n\n\n<p class=\"wp-block-paragraph\">Wystarczy\u0142o jedno kr\u00f3tkie zdanie wskazuj\u0105ce mechanizm zastosowany przy rozliczeniu wody wys\u0142any do Gminy i nagle dowiedzia\u0142em si\u0119, \u017ce Komisja zbierze si\u0119 ponownie.<\/p>\n\n\n\n<p class=\"wp-block-paragraph\">Moja skarga ma zosta\u0107 ponownie rozpatrzona, poniewa\u017c \u2013 uwaga \u2013 <strong>\u201epojawi\u0142y si\u0119 nowe okoliczno\u015bci\u201d.<\/strong><\/p>\n\n\n\n<p class=\"wp-block-paragraph\">Pani Przewodnicz\u0105ca, dokumenty nie pojawi\u0142y si\u0119 nagle.<\/p>\n\n\n\n<p class=\"wp-block-paragraph\">Przepisy nie zmieni\u0142y si\u0119 w nocy.<\/p>\n\n\n\n<p class=\"wp-block-paragraph\">Licznik nie przem\u00f3wi\u0142.<\/p>\n\n\n\n<p class=\"wp-block-paragraph\">Woda nie zacz\u0119\u0142a p\u0142yn\u0105\u0107 pod pr\u0105d.<\/p>\n\n\n\n<p class=\"wp-block-paragraph\">Now\u0105 okoliczno\u015bci\u0105 by\u0142o wy\u0142\u0105cznie to, \u017ce kto\u015b wreszcie po\u0142o\u017cy\u0142 dokumenty obok Pa\u0144stwa wyja\u015bnie\u0144 i pokaza\u0142, \u017ce jedno do drugiego nie pasuje.<\/p>\n\n\n\n<p class=\"wp-block-paragraph\">Mo\u017cna wi\u0119c uczciwie zapisa\u0107 w protokole:<\/p>\n\n\n\n<blockquote class=\"wp-block-quote is-layout-flow wp-block-quote-is-layout-flow\">\n<p class=\"wp-block-paragraph\"><strong>Nowa okoliczno\u015b\u0107: mieszkaniec zorientowa\u0142 si\u0119, co zrobili\u015bmy, i potrafi udowodni\u0107, \u017ce k\u0142amiemy. Ojej.<\/strong><\/p>\n<\/blockquote>\n\n\n\n<p class=\"wp-block-paragraph\">Z\u0142apanie cz\u0142owieka w krzakach ze spuszczonymi spodniami nie jest dla niego \u201enow\u0105 okoliczno\u015bci\u0105\u201d.<\/p>\n\n\n\n<p class=\"wp-block-paragraph\">Now\u0105 okoliczno\u015bci\u0105 jest co najwy\u017cej to, \u017ce sko\u0144czy\u0142o si\u0119 przekonanie, i\u017c nikt nie patrzy.<\/p>\n\n\n\n<p class=\"wp-block-paragraph\">Mo\u017cna to nazwa\u0107 kontrol\u0105 spo\u0142eczn\u0105. Mo\u017cna sprawiedliwo\u015bci\u0105. Mo\u017cna karm\u0105.<\/p>\n\n\n\n<p class=\"wp-block-paragraph\">Rozumiem jednak, \u017ce w s\u0142owniku Wsp\u00f3lnej Sprawy s\u0142owa \u201euczciwo\u015b\u0107\u201d i \u201eodpowiedzialno\u015b\u0107\u201d mog\u0105 znajdowa\u0107 si\u0119 gdzie\u015b pomi\u0119dzy \u201enie pami\u0119tam\u201d a \u201epojawi\u0142y si\u0119 nowe okoliczno\u015bci\u201d.<\/p>\n\n\n\n<h3 class=\"wp-block-heading\">Tajemnicze posiedzenie z 29 lipca<\/h3>\n\n\n\n<p class=\"wp-block-paragraph\">Napisa\u0142a mi Pani, \u017ce Komisja zebra\u0142a si\u0119 29 lipca i podj\u0119\u0142a decyzj\u0119 o ponownym rozpatrzeniu mojej skargi.<\/p>\n\n\n\n<p class=\"wp-block-paragraph\">I tutaj pojawia si\u0119 kolejny problem.<\/p>\n\n\n\n<p class=\"wp-block-paragraph\">Gdzie zosta\u0142a opublikowana informacja o tym posiedzeniu?<\/p>\n\n\n\n<p class=\"wp-block-paragraph\">Kiedy mieszka\u0144cy zostali o nim zawiadomieni?<\/p>\n\n\n\n<p class=\"wp-block-paragraph\">Gdzie znajdowa\u0142 si\u0119 porz\u0105dek obrad?<\/p>\n\n\n\n<p class=\"wp-block-paragraph\">W jaki spos\u00f3b zapewniono mieszka\u0144com mo\u017cliwo\u015b\u0107 udzia\u0142u w posiedzeniu, skoro posiedzenia komisji s\u0105 jawne?<\/p>\n\n\n\n<p class=\"wp-block-paragraph\">Je\u017celi informacja zosta\u0142a prawid\u0142owo opublikowana, prosz\u0119 wskaza\u0107 miejsce i dat\u0119 publikacji.<\/p>\n\n\n\n<p class=\"wp-block-paragraph\">Je\u017celi nie zosta\u0142a opublikowana, pozostaje pytanie, na jakiej podstawie Komisja zebra\u0142a si\u0119 za zamkni\u0119tymi drzwiami i podejmowa\u0142a decyzje dotycz\u0105ce mojej skargi.<\/p>\n\n\n\n<p class=\"wp-block-paragraph\">Nie przes\u0105dzam samodzielnie skutk\u00f3w prawnych tego posiedzenia. Od tego jest organ nadzoru. Po otrzymaniu protoko\u0142u skieruj\u0119 wi\u0119c dokumentacj\u0119 do Wojewody Podlaskiego z wnioskiem o sprawdzenie legalno\u015bci zwo\u0142ania posiedzenia oraz podj\u0119tych podczas niego czynno\u015bci.<\/p>\n\n\n\n<p class=\"wp-block-paragraph\">Pani Katarzyna Tomczyk sama wcze\u015bniej wyja\u015bnia\u0142a mi, \u017ce protok\u00f3\u0142 z posiedzenia Komisji jest zatwierdzany na kolejnym jej posiedzeniu.<\/p>\n\n\n\n<p class=\"wp-block-paragraph\">Od rzekomego posiedzenia z 29 lipca min\u0119\u0142o ju\u017c 25 dni.<\/p>\n\n\n\n<p class=\"wp-block-paragraph\">Protoko\u0142u z &#8222;mojego posiedzenia&#8221; wraz z za\u0142\u0105cznikami nadal nie otrzyma\u0142em. A od 29 lipca min\u0119\u0142o ju\u017c 25 dni.<\/p>\n\n\n\n<p class=\"wp-block-paragraph\">Nie ma go r\u00f3wnie\u017c w BIP.<\/p>\n\n\n\n<p class=\"wp-block-paragraph\">Co si\u0119 z nim dzieje?<\/p>\n\n\n\n<p class=\"wp-block-paragraph\">Pani Citkowska i pani \u015alepska nie chc\u0105 go podpisa\u0107?<\/p>\n\n\n\n<p class=\"wp-block-paragraph\">Nowy cz\u0142onek Komisji, pan Demski, nie chce swoim nazwiskiem potwierdzi\u0107 sposobu zwo\u0142ania posiedzenia?<\/p>\n\n\n\n<p class=\"wp-block-paragraph\">A mo\u017ce dokument jest tak skomplikowany, \u017ce przez 25 dni nie uda\u0142o si\u0119 ustali\u0107, co w\u0142a\u015bciwie wydarzy\u0142o si\u0119 29 lipca?<\/p>\n\n\n\n<p class=\"wp-block-paragraph\">Spokojnie. Nie trzeba si\u0119 spieszy\u0107.<\/p>\n\n\n\n<p class=\"wp-block-paragraph\">Kiedy protok\u00f3\u0142 wreszcie otrzymam, poka\u017c\u0119 go mieszka\u0144com, przeanalizuj\u0119 punkt po punkcie i prze\u015bl\u0119 Wojewodzie.<\/p>\n\n\n\n<p class=\"wp-block-paragraph\">Rozumiem wi\u0119c, \u017ce podpisanie go mo\u017ce wymaga\u0107 pewnej odwagi.<\/p>\n\n\n\n<h3 class=\"wp-block-heading\">Pan Demski rozpoczyna prac\u0119<\/h3>\n\n\n\n<p class=\"wp-block-paragraph\">Przy okazji witam w Komisji pana Demskiego.<\/p>\n\n\n\n<p class=\"wp-block-paragraph\">Wszystko wskazuje na to, \u017ce zosta\u0142 Pan przewidziany do obj\u0119cia funkcji przewodnicz\u0105cego. Ju\u017c sama informacja, \u017ce pierwsze posiedzenie Komisji w nowym sk\u0142adzie otworzy i poprowadzi jej najstarszy cz\u0142onek, do\u015b\u0107 wyra\u017anie sugeruje przygotowany scenariusz.<\/p>\n\n\n\n<p class=\"wp-block-paragraph\">Mam zatem kilka prostych pyta\u0144.<\/p>\n\n\n\n<p class=\"wp-block-paragraph\">Czy uczestniczy\u0142 Pan w posiedzeniu Komisji 29 lipca?<\/p>\n\n\n\n<p class=\"wp-block-paragraph\">Czy to Pan je otworzy\u0142?<\/p>\n\n\n\n<p class=\"wp-block-paragraph\">Na jakiej podstawie zosta\u0142o ono zwo\u0142ane?<\/p>\n\n\n\n<p class=\"wp-block-paragraph\">Gdzie opublikowano informacj\u0119 o terminie i porz\u0105dku obrad?<\/p>\n\n\n\n<p class=\"wp-block-paragraph\">Dlaczego mieszka\u0144cy nie mieli realnej mo\u017cliwo\u015bci udzia\u0142u w posiedzeniu?<\/p>\n\n\n\n<p class=\"wp-block-paragraph\">Czy przed rozpocz\u0119ciem posiedzenia sprawdzi\u0142 Pan, czy zosta\u0142o ono zwo\u0142ane zgodnie z prawem oraz Statutem Gminy?<\/p>\n\n\n\n<p class=\"wp-block-paragraph\">Je\u017celi podpisze Pan protok\u00f3\u0142 z tego posiedzenia, swoim nazwiskiem potwierdzi Pan r\u00f3wnie\u017c spos\u00f3b, w jaki zosta\u0142o ono zorganizowane.<\/p>\n\n\n\n<p class=\"wp-block-paragraph\">Warto wi\u0119c najpierw przeczyta\u0107 dokumenty.<\/p>\n\n\n\n<p class=\"wp-block-paragraph\">Dok\u0142adnie.<\/p>\n\n\n\n<p class=\"wp-block-paragraph\">Najlepiej ze zrozumieniem.<\/p>\n\n\n\n<p class=\"wp-block-paragraph\">Po podpisaniu protoko\u0142u trudniej b\u0119dzie t\u0142umaczy\u0107, \u017ce nie wiedzia\u0142 Pan, co podpisuje.<\/p>\n\n\n\n<p class=\"wp-block-paragraph\">Nie otrzyma\u0142 Pan w wyborach ani jednego bezpo\u015bredniego g\u0142osu mieszka\u0144c\u00f3w, poniewa\u017c mandat obj\u0105\u0142 Pan bez przeprowadzenia wybor\u00f3w uzupe\u0142niaj\u0105cych. Formalnie jest Pan jednak radnym i reprezentuje Pan r\u00f3wnie\u017c mnie.<\/p>\n\n\n\n<p class=\"wp-block-paragraph\">To wyj\u0105tkowa sytuacja.<\/p>\n\n\n\n<p class=\"wp-block-paragraph\">Zosta\u0142 Pan radnym wynikiem <strong>0 g\u0142os\u00f3w<\/strong>, ale nadal mo\u017ce Pan spr\u00f3bowa\u0107 zas\u0142u\u017cy\u0107 na zaufanie mieszka\u0144c\u00f3w swoj\u0105 prac\u0105.<\/p>\n\n\n\n<p class=\"wp-block-paragraph\">Mo\u017ce Pan pokaza\u0107, \u017ce nie przyszed\u0142 Pan do Rady jako kolejny \u201emierny, ale wierny\u201d, tylko jako cz\u0142owiek potrafi\u0105cy samodzielnie przeczyta\u0107 dokumenty, zada\u0107 pytanie i powiedzie\u0107 \u201enie\u201d, gdy kto\u015b oczekuje podpisania czego\u015b, czego nie powinno si\u0119 podpisywa\u0107.<\/p>\n\n\n\n<p class=\"wp-block-paragraph\">Pierwszy sprawdzian w\u0142a\u015bnie trwa.<\/p>\n\n\n\n<h3 class=\"wp-block-heading\">Kalendarz nie nale\u017cy do Wsp\u00f3lnej Sprawy<\/h3>\n\n\n\n<p class=\"wp-block-paragraph\">Dlaczego pisz\u0119 ten post?<\/p>\n\n\n\n<p class=\"wp-block-paragraph\">Poniewa\u017c znowu firmuje Pan swoim nazwiskiem dzia\u0142ania organizowane przez pani\u0105 Katarzyn\u0119 Tomczyk.<\/p>\n\n\n\n<p class=\"wp-block-paragraph\">Skarga powinna zosta\u0107 za\u0142atwiona bez zb\u0119dnej zw\u0142oki, nie p\u00f3\u017aniej jednak ni\u017c w ci\u0105gu miesi\u0105ca.<\/p>\n\n\n\n<p class=\"wp-block-paragraph\">Przyjm\u0119 dla Pa\u0144stwa najkorzystniejsz\u0105 wersj\u0119: \u017ce konieczno\u015b\u0107 ponownego rozpatrzenia sprawy pojawi\u0142a si\u0119 dopiero 29 lipca, podczas tajemniczego posiedzenia Komisji.<\/p>\n\n\n\n<p class=\"wp-block-paragraph\">Miesi\u0119czny termin up\u0142ywa 29 sierpnia.<\/p>\n\n\n\n<p class=\"wp-block-paragraph\">Do tego czasu wypada\u0142oby:<\/p>\n\n\n\n<ul class=\"wp-block-list\">\n<li>prawid\u0142owo i jawnie zwo\u0142a\u0107 posiedzenie Komisji,<\/li>\n\n\n\n<li>poinformowa\u0107 mieszka\u0144c\u00f3w o jego terminie,<\/li>\n\n\n\n<li>umo\u017cliwi\u0107 mi aktywny udzia\u0142,<\/li>\n\n\n\n<li>przeanalizowa\u0107 dokumenty,<\/li>\n\n\n\n<li>przygotowa\u0107 stanowisko Komisji,<\/li>\n\n\n\n<li>zwo\u0142a\u0107 sesj\u0119 Rady Gminy,<\/li>\n\n\n\n<li>podj\u0105\u0107 uchwa\u0142\u0119 i za\u0142atwi\u0107 skarg\u0119.<\/li>\n<\/ul>\n\n\n\n<p class=\"wp-block-paragraph\">Zosta\u0142 tydzie\u0144.<\/p>\n\n\n\n<p class=\"wp-block-paragraph\">Je\u017celi zamierzacie zachowa\u0107 wymagane wyprzedzenie przy informowaniu o posiedzeniach, warto by\u0142oby ju\u017c wiedzie\u0107, kiedy Komisja ma si\u0119 zebra\u0107.<\/p>\n\n\n\n<p class=\"wp-block-paragraph\">A informacji nadal nie ma.<\/p>\n\n\n\n<p class=\"wp-block-paragraph\">Prosi\u0142em r\u00f3wnie\u017c, aby posiedzenie odby\u0142o si\u0119 w poniedzia\u0142ek albo w pi\u0105tek. W pozosta\u0142e dni pracuj\u0119 w Warszawie.<\/p>\n\n\n\n<p class=\"wp-block-paragraph\">Je\u017celi wyznaczycie inny termin, r\u00f3wnie\u017c przyjad\u0119. Wezm\u0119 dzie\u0144 wolny i b\u0119d\u0119 uczestniczy\u0142 w posiedzeniu.<\/p>\n\n\n\n<p class=\"wp-block-paragraph\">Ale wtedy bardzo dok\u0142adnie i publicznie opisz\u0119, kto podj\u0105\u0142 decyzj\u0119 o wyznaczeniu terminu utrudniaj\u0105cego mi udzia\u0142, pomimo \u017ce wcze\u015bniej wskaza\u0142em dni, w kt\u00f3rych mog\u0119 by\u0107 obecny.<\/p>\n\n\n\n<h2 class=\"wp-block-heading\">I u\u017cyj\u0119 s\u0142\u00f3w nie politycznie poprawnych, ale dos\u0142ownie opisuj\u0105cych sytuacj\u0119.<\/h2>\n\n\n\n<p class=\"wp-block-paragraph\">Tak, panie Demski.<\/p>\n\n\n\n<p class=\"wp-block-paragraph\">To r\u00f3wnie\u017c b\u0119dzie Pa\u0144ska decyzja i Pa\u0144ska odpowiedzialno\u015b\u0107.<\/p>\n\n\n\n<h3 class=\"wp-block-heading\">Podpowied\u017a dla Gminy<\/h3>\n\n\n\n<p class=\"wp-block-paragraph\">Je\u017celi nie potraficie zmie\u015bci\u0107 si\u0119 w terminie, zawsze mo\u017cecie wys\u0142a\u0107 mi pismo, \u017ce sprawa jest szczeg\u00f3lnie skomplikowana.<\/p>\n\n\n\n<p class=\"wp-block-paragraph\">Pan sekretarz Maciej Zdancewicz w\u0142a\u015bnie w ten spos\u00f3b uzasadni\u0142 przed\u0142u\u017cenie post\u0119powania dotycz\u0105cego kary za brak obowi\u0105zkowego ubezpieczenia OC samochodu stra\u017cackiego.<\/p>\n\n\n\n<p class=\"wp-block-paragraph\">Brak OC.<\/p>\n\n\n\n<p class=\"wp-block-paragraph\">Kara.<\/p>\n\n\n\n<p class=\"wp-block-paragraph\">Dokumenty.<\/p>\n\n\n\n<p class=\"wp-block-paragraph\">Daty.<\/p>\n\n\n\n<p class=\"wp-block-paragraph\">Rzeczywi\u015bcie, materia\u0142 wymagaj\u0105cy powo\u0142ania mi\u0119dzyresortowego zespo\u0142u ekspert\u00f3w.<\/p>\n\n\n\n<p class=\"wp-block-paragraph\">W sprawie wody mo\u017cna wi\u0119c napisa\u0107 podobnie:<\/p>\n\n\n\n<blockquote class=\"wp-block-quote is-layout-flow wp-block-quote-is-layout-flow\">\n<p class=\"wp-block-paragraph\">\u201eTermin za\u0142atwienia sprawy zostaje przed\u0142u\u017cony, poniewa\u017c cz\u0142onkowie Komisji \u2013 pani Ewa Citkowska, pani Ewa \u015alepska i pan Demski \u2013 maj\u0105 przed sob\u0105 dokumenty, ale nadal potrzebuj\u0105 dodatkowego czasu, aby ustali\u0107, co w nich napisano\u201d.<\/p>\n<\/blockquote>\n\n\n\n<p class=\"wp-block-paragraph\">Tylko pami\u0119tajcie Pa\u0144stwo, \u017ce samo napisanie \u201esprawa jest skomplikowana\u201d nie powoduje jeszcze, \u017ce taka si\u0119 staje.<\/p>\n\n\n\n<p class=\"wp-block-paragraph\">Czasami sprawa jest bardzo prosta.<\/p>\n\n\n\n<p class=\"wp-block-paragraph\">Skomplikowane jest jedynie przyznanie, \u017ce mieszkaniec mia\u0142 racj\u0119.<\/p>\n\n\n\n<h3 class=\"wp-block-heading\">Czekam<\/h3>\n\n\n\n<p class=\"wp-block-paragraph\">Czekam na:<\/p>\n\n\n\n<ul class=\"wp-block-list\">\n<li>protok\u00f3\u0142 z posiedzenia Komisji z 29 lipca wraz ze wszystkimi za\u0142\u0105cznikami,<\/li>\n\n\n\n<li>wskazanie, gdzie i kiedy opublikowano informacj\u0119 o tym posiedzeniu,<\/li>\n\n\n\n<li>zawiadomienie o terminie ponownego rozpatrzenia mojej skargi,<\/li>\n\n\n\n<li>umo\u017cliwienie mi aktywnego udzia\u0142u w posiedzeniu,<\/li>\n\n\n\n<li>zako\u0144czenie sprawy w obowi\u0105zuj\u0105cym terminie.<\/li>\n<\/ul>\n\n\n\n<p class=\"wp-block-paragraph\">Do 29 sierpnia zosta\u0142o niewiele czasu.<\/p>\n\n\n\n<p class=\"wp-block-paragraph\">Mo\u017cecie Pa\u0144stwo jeszcze raz zebra\u0107 Komisj\u0119, jeszcze raz podnie\u015b\u0107 r\u0119ce i jeszcze raz zag\u0142osowa\u0107 zgodnie z oczekiwaniami.<\/p>\n\n\n\n<p class=\"wp-block-paragraph\">Mo\u017cecie r\u00f3wnie\u017c po raz pierwszy po prostu przeczyta\u0107 dokumenty i post\u0105pi\u0107 uczciwie.<\/p>\n\n\n\n<p class=\"wp-block-paragraph\">Wyb\u00f3r nale\u017cy do Pa\u0144stwa.<\/p>\n\n\n\n<p class=\"wp-block-paragraph\">Kalendarz jest jednak wyj\u0105tkowo niewdzi\u0119cznym przeciwnikiem.<\/p>\n\n\n\n<p class=\"wp-block-paragraph\">Nie nale\u017cy do Wsp\u00f3lnej Sprawy.<\/p>\n\n\n\n<p class=\"wp-block-paragraph\">Nie podnosi r\u0119ki na polecenie.<\/p>\n\n\n\n<p class=\"wp-block-paragraph\">Nie podpisuje protoko\u0142\u00f3w po terminie.<\/p>\n\n\n\n<p class=\"wp-block-paragraph\">I \u2013 co najgorsze \u2013 potrafi liczy\u0107.<\/p>\n\n\n\n<p class=\"wp-block-paragraph\"><\/p>\n\n\n\n<h2 class=\"wp-block-heading\">Aha, kochana komisjo, czekaj\u0105 was jeszcze kolejne tematy. Np. ostatni numer dotycz\u0105cy op\u0142aty lokalnej, jak to \u015bcigacie normalnych mieszka\u0144c\u00f3w, grozicie kontrolami. A par\u0119 rzeczy jeszcze wyjdzie. Mo\u017ce jakie\u015b zwolnienia z podatk\u00f3w dla znajomych KR\u00d3LIKA.<\/h2>\n\n\n\n<h2 class=\"wp-block-heading\">A sami ? &#8230;<\/h2>\n\n\n\n<h2 class=\"wp-block-heading\">Nie p\u0142acicie. Bo W\u00f3jt stosuje zasad\u0119 Wsp\u00f3lna Sprawa dla &#8230;&#8230;. swoich.<\/h2>\n\n\n\n<p class=\"wp-block-paragraph\"><\/p>\n\n\n\n<h3 class=\"wp-block-heading\">Na zako\u0144czenie, Panie W\u00f3jcie<\/h3>\n\n\n\n<p class=\"wp-block-paragraph\">Nie dalej ni\u017c osiem miesi\u0119cy temu spotkali\u015bmy si\u0119 w gronie czterech os\u00f3b.<\/p>\n\n\n\n<p class=\"wp-block-paragraph\">Powiedzia\u0142em Panu wtedy wprost, \u017ce pomog\u0119 Panu przywr\u00f3ci\u0107 normalno\u015b\u0107 w tej gminie. Bez stanowiska. Bez wynagrodzenia. Bez faktury. Za darmo.<\/p>\n\n\n\n<p class=\"wp-block-paragraph\">Postawi\u0142em jednak warunki: jeden szkodnik odchodzi, a do Gminy wracaj\u0105 uczciwo\u015b\u0107, odpowiedzialno\u015b\u0107 i podmiotowe traktowanie mieszka\u0144c\u00f3w.<\/p>\n\n\n\n<p class=\"wp-block-paragraph\">Kilka dni p\u00f3\u017aniej Pan do mnie zadzwoni\u0142.<\/p>\n\n\n\n<p class=\"wp-block-paragraph\">Powiedzia\u0142 Pan, \u017ce wszystko zostaje po staremu.<\/p>\n\n\n\n<p class=\"wp-block-paragraph\">Uszanowa\u0142em Pa\u0144sk\u0105 decyzj\u0119. Wybra\u0142 Pan ludzi, metody i uk\u0142ad, kt\u00f3ry chcia\u0142 Pan zachowa\u0107. Razem z tym wyborem przyj\u0105\u0142 Pan odpowiedzialno\u015b\u0107 za wszystkie jego konsekwencje.<\/p>\n\n\n\n<p class=\"wp-block-paragraph\">Moja propozycja nadal pozostaje aktualna.<\/p>\n\n\n\n<p class=\"wp-block-paragraph\">Zmieni\u0142y si\u0119 jedynie okoliczno\u015bci.<\/p>\n\n\n\n<p class=\"wp-block-paragraph\">Osiem miesi\u0119cy temu siedzia\u0142 Pan w tym szambie po ramiona. Dzisiaj siedzi Pan ju\u017c po uszy. <\/p>\n\n\n\n<p class=\"wp-block-paragraph\">Nadal mog\u0119 pom\u00f3c Panu z niego wyj\u015b\u0107. Musi Pan jednak najpierw przesta\u0107 udawa\u0107, \u017ce to basen, woda jest czysta, a nieprzyjemny zapach pochodzi od mieszka\u0144c\u00f3w zadaj\u0105cych pytania.<\/p>\n\n\n\n<figure class=\"wp-block-image size-large\"><img loading=\"lazy\" decoding=\"async\" width=\"1024\" height=\"819\" src=\"http:\/\/plaska.info\/wp-content\/uploads\/2026\/08\/ChatGPT-Image-20-sie-2026-16_44_14-1024x819.png\" alt=\"\" class=\"wp-image-2048\" srcset=\"https:\/\/plaska.info\/wp-content\/uploads\/2026\/08\/ChatGPT-Image-20-sie-2026-16_44_14-1024x819.png 1024w, https:\/\/plaska.info\/wp-content\/uploads\/2026\/08\/ChatGPT-Image-20-sie-2026-16_44_14-300x240.png 300w, https:\/\/plaska.info\/wp-content\/uploads\/2026\/08\/ChatGPT-Image-20-sie-2026-16_44_14-768x615.png 768w, https:\/\/plaska.info\/wp-content\/uploads\/2026\/08\/ChatGPT-Image-20-sie-2026-16_44_14.png 1402w\" sizes=\"auto, (max-width: 1024px) 100vw, 1024px\" \/><\/figure>\n\n\n\n<p class=\"wp-block-paragraph\"><\/p>\n","protected":false},"excerpt":{"rendered":"<p>Pani Przewodnicz\u0105ca, rozumiem, \u017ce sytuacja zrobi\u0142a si\u0119 trudna. Pozwoli\u0142em Pa\u0144stwu samodzielnie ukr\u0119ci\u0107 sznur, wej\u015b\u0107 na krzes\u0142o i jeszcze zapyta\u0107, czy dobrze wygl\u0105da w protokole. Chcia\u0142em pokaza\u0107 mieszka\u0144com bardzo prosty mechanizm: najpierw Gmina pobiera od mieszka\u0144ca pieni\u0105dze w spos\u00f3b, kt\u00f3ry \u2013 w mojej ocenie \u2013 nie znajduje oparcia w obowi\u0105zuj\u0105cych zasadach rozliczania wody. P\u00f3\u017aniej, kiedy mieszkaniec [&hellip;]<\/p>\n","protected":false},"author":1,"featured_media":0,"comment_status":"open","ping_status":"open","sticky":false,"template":"","format":"standard","meta":{"_coblocks_attr":"","_coblocks_dimensions":"","_coblocks_responsive_height":"","_coblocks_accordion_ie_support":"","hide_page_title":"","footnotes":""},"categories":[1],"tags":[],"class_list":["post-2043","post","type-post","status-publish","format-standard","hentry","category-uncategorized"],"_links":{"self":[{"href":"https:\/\/plaska.info\/index.php?rest_route=\/wp\/v2\/posts\/2043","targetHints":{"allow":["GET"]}}],"collection":[{"href":"https:\/\/plaska.info\/index.php?rest_route=\/wp\/v2\/posts"}],"about":[{"href":"https:\/\/plaska.info\/index.php?rest_route=\/wp\/v2\/types\/post"}],"author":[{"embeddable":true,"href":"https:\/\/plaska.info\/index.php?rest_route=\/wp\/v2\/users\/1"}],"replies":[{"embeddable":true,"href":"https:\/\/plaska.info\/index.php?rest_route=%2Fwp%2Fv2%2Fcomments&post=2043"}],"version-history":[{"count":7,"href":"https:\/\/plaska.info\/index.php?rest_route=\/wp\/v2\/posts\/2043\/revisions"}],"predecessor-version":[{"id":2052,"href":"https:\/\/plaska.info\/index.php?rest_route=\/wp\/v2\/posts\/2043\/revisions\/2052"}],"wp:attachment":[{"href":"https:\/\/plaska.info\/index.php?rest_route=%2Fwp%2Fv2%2Fmedia&parent=2043"}],"wp:term":[{"taxonomy":"category","embeddable":true,"href":"https:\/\/plaska.info\/index.php?rest_route=%2Fwp%2Fv2%2Fcategories&post=2043"},{"taxonomy":"post_tag","embeddable":true,"href":"https:\/\/plaska.info\/index.php?rest_route=%2Fwp%2Fv2%2Ftags&post=2043"}],"curies":[{"name":"wp","href":"https:\/\/api.w.org\/{rel}","templated":true}]}}