{"id":2022,"date":"2026-08-21T13:01:00","date_gmt":"2026-08-21T12:01:00","guid":{"rendered":"https:\/\/plaska.info\/?p=2022"},"modified":"2026-08-21T10:28:37","modified_gmt":"2026-08-21T09:28:37","slug":"wniosek-z-dnia-22-lipca-2026-r-prosba-o-informacje","status":"publish","type":"post","link":"https:\/\/plaska.info\/?p=2022","title":{"rendered":"Wniosek z dnia 22 lipca 2026 r. \u2013 pro\u015bba o informacj\u0119"},"content":{"rendered":"\n<p class=\"wp-block-paragraph\"><\/p>\n\n\n\n<p class=\"wp-block-paragraph\">Pami\u0119tacie o Diogenesie, kt\u00f3ry szuka\u0142 jednego uczciwego radnego  gminie.<\/p>\n\n\n\n<p class=\"wp-block-paragraph\">Min\u0105\u0142 miesi\u0105c, wi\u0119c pope\u0142ni\u0142em email przypominaj\u0105cy do wszystkich radnych:<\/p>\n\n\n\n<p class=\"wp-block-paragraph\">Dzie\u0144 dobry,<\/p>\n\n\n\n<p class=\"wp-block-paragraph\">Pani Przewodnicz\u0105ca, zwracam si\u0119 z uprzejm\u0105 pro\u015bb\u0105 o informacj\u0119, <strong>gdzie i kiedy mog\u0119 odebra\u0107 wniosek, kt\u00f3ry przekaza\u0142em na Pani r\u0119ce w dniu 22 lipca 2026 r.<\/strong><\/p>\n\n\n\n<p class=\"wp-block-paragraph\">We wniosku zawar\u0142em pytania dotycz\u0105ce konkretnych nieprawid\u0142owo\u015bci na terenie Gminy. Wyrazi\u0142em w\u00f3wczas nadziej\u0119, \u017ce by\u0107 mo\u017ce kt\u00f3ry\u015b z radnych zechce podpisa\u0107 si\u0119 pod tym zapytaniem, dzi\u0119ki czemu mieliby\u015bmy pewno\u015b\u0107, \u017ce tym razem W\u00f3jt udzieli odpowiedzi.<\/p>\n\n\n\n<p class=\"wp-block-paragraph\">Od tego czasu min\u0105\u0142 ju\u017c miesi\u0105c.<\/p>\n\n\n\n<p class=\"wp-block-paragraph\">Zak\u0142adam wi\u0119c, \u017ce wszyscy radni, kt\u00f3rzy chcieli poprze\u0107 t\u0119 inicjatyw\u0119, mieli wystarczaj\u0105co du\u017co czasu, aby z\u0142o\u017cy\u0107 swoje podpisy.<\/p>\n\n\n\n<p class=\"wp-block-paragraph\"><strong>Pani podpis \u2013 zgodnie z Pani \u00f3wczesn\u0105 deklaracj\u0105 \u2013 mam, jak rozumiem, pewny.<\/strong><\/p>\n\n\n\n<p class=\"wp-block-paragraph\">Zak\u0142adam r\u00f3wnie\u017c, \u017ce nie z\u0142o\u017cy\u0142a Pani tego pisma w moim imieniu jako interpelacji lub zapytania radnego. Termin na udzielenie odpowiedzi radnemu wynosi bowiem 14 dni, wi\u0119c gdyby tak si\u0119 sta\u0142o, odpowied\u017a powinna ju\u017c dawno istnie\u0107.<\/p>\n\n\n\n<p class=\"wp-block-paragraph\">Dlatego chcia\u0142bym po prostu odzyska\u0107 sw\u00f3j dokument i zobaczy\u0107, <strong>ilu radnych uzna\u0142o poruszone w nim problemy za wystarczaj\u0105co istotne, aby poprze\u0107 pytania mieszka\u0144ca w\u0142asnym podpisem.<\/strong><\/p>\n\n\n\n<p class=\"wp-block-paragraph\">Przy okazji chcia\u0142bym zwr\u00f3ci\u0107 si\u0119 r\u00f3wnie\u017c do tych radnych, kt\u00f3rzy by\u0107 mo\u017ce o ca\u0142ej inicjatywie <strong>nie zostali poinformowani<\/strong>, a po zapoznaniu si\u0119 z tre\u015bci\u0105 pisma uznaliby, \u017ce warto je poprze\u0107.<\/p>\n\n\n\n<p class=\"wp-block-paragraph\">Wyja\u015bni\u0119 przy tym jedn\u0105 rzecz dotycz\u0105c\u0105 samego dokumentu.<\/p>\n\n\n\n<p class=\"wp-block-paragraph\">Skre\u015blenie znajduj\u0105ce si\u0119 na jego ostatniej stronie zosta\u0142o wykonane przeze mnie w ostatniej chwili, kiedy Pani Przewodnicz\u0105ca odm\u00f3wi\u0142a przyj\u0119cia ode mnie pisma adresowanego do radnych <strong>Wsp\u00f3lnej Sprawy<\/strong>, argumentuj\u0105c, \u017ce \u201etakich radnych nie ma\u201d.<\/p>\n\n\n\n<p class=\"wp-block-paragraph\">Do dzisiaj nie wiem, czym dok\u0142adnie podyktowane by\u0142o takie stanowisko.<\/p>\n\n\n\n<p class=\"wp-block-paragraph\">Czy chodzi\u0142o o formalno\u015bci?<\/p>\n\n\n\n<p class=\"wp-block-paragraph\">Czy o niech\u0119\u0107 do uto\u017csamiania radnych z tym \u015brodowiskiem?<\/p>\n\n\n\n<p class=\"wp-block-paragraph\">Czy mo\u017ce o co\u015b zupe\u0142nie innego?<\/p>\n\n\n\n<p class=\"wp-block-paragraph\">W gruncie rzeczy nie ma to wi\u0119kszego znaczenia.<\/p>\n\n\n\n<p class=\"wp-block-paragraph\">Znacznie wa\u017cniejsze jest co\u015b innego:<\/p>\n\n\n\n<p class=\"wp-block-paragraph\"><strong>mieszka\u0144cy, kt\u00f3rzy wybrali swoich radnych, powinni mie\u0107 mo\u017cliwo\u015b\u0107 dowiedzenia si\u0119, co dzieje si\u0119 w ich Gminie, jakie problemy s\u0105 zg\u0142aszane i w jaki spos\u00f3b reaguj\u0105 na nie osoby, kt\u00f3rym powierzyli mandat.<\/strong><\/p>\n\n\n\n<p class=\"wp-block-paragraph\">Chyba \u017ce kto\u015b uwa\u017ca, \u017ce taka wiedza mieszka\u0144com si\u0119 nie nale\u017cy.<\/p>\n\n\n\n<p class=\"wp-block-paragraph\">Ja uwa\u017cam inaczej.<\/p>\n\n\n\n<p class=\"wp-block-paragraph\">Dlatego prosz\u0119 o informacj\u0119, <strong>gdzie mog\u0119 odebra\u0107 pozostawiony 22 lipca dokument<\/strong>.<\/p>\n\n\n\n<p class=\"wp-block-paragraph\">Je\u017celi natomiast nadal istniej\u0105 radni, kt\u00f3rzy chcieliby si\u0119 pod nim podpisa\u0107, oczywi\u015bcie mog\u0119 jeszcze kilka dni poczeka\u0107. Nie chcia\u0142bym nikogo pozbawia\u0107 tej mo\u017cliwo\u015bci.<\/p>\n\n\n\n<p class=\"wp-block-paragraph\"><\/p>\n\n\n\n<p class=\"wp-block-paragraph\"><strong>PS.<\/strong> Poniewa\u017c w przep\u0142ywie informacji wok\u00f3\u0142 Wsp\u00f3lnej Sprawy zdarzaj\u0105 si\u0119 czasami rzeczy trudne do przewidzenia \u2013 cytuj\u0105c Pani\u0105 Przewodnicz\u0105c\u0105 Pani Monika czego\u015b nie przeka\u017ce, kto\u015b o czym\u015b nie s\u0142ysza\u0142, kto\u015b inny dowiaduje si\u0119 po czasie, co\u015b nagle zmieni\u0142o miejsce po\u0142o\u017cenia \u2013 pozwol\u0119 sobie <strong>opublikowa\u0107 powy\u017csz\u0105 wiadomo\u015b\u0107 wieczorem na blogu<\/strong>.<\/p>\n\n\n\n<p class=\"wp-block-paragraph\">Po prostu zdecydowana wi\u0119kszo\u015b\u0107 Pa\u0144stwa regularnie tam zagl\u0105da, wi\u0119c potraktujmy blog jako <strong>dodatkowy, najwyra\u017aniej ca\u0142kiem skuteczny kana\u0142 komunikacji. \ud83d\ude09<\/strong><\/p>\n\n\n\n<p class=\"wp-block-paragraph\">Przynajmniej tym razem nikt nie b\u0119dzie musia\u0142 p\u00f3\u017aniej m\u00f3wi\u0107:<\/p>\n\n\n\n<p class=\"wp-block-paragraph\"><strong>\u201eNie wiedzia\u0142em\u201d.<\/strong><\/p>\n","protected":false},"excerpt":{"rendered":"<p>Pami\u0119tacie o Diogenesie, kt\u00f3ry szuka\u0142 jednego uczciwego radnego gminie. Min\u0105\u0142 miesi\u0105c, wi\u0119c pope\u0142ni\u0142em email przypominaj\u0105cy do wszystkich radnych: Dzie\u0144 dobry, Pani Przewodnicz\u0105ca, zwracam si\u0119 z uprzejm\u0105 pro\u015bb\u0105 o informacj\u0119, gdzie i kiedy mog\u0119 odebra\u0107 wniosek, kt\u00f3ry przekaza\u0142em na Pani r\u0119ce w dniu 22 lipca 2026 r. We wniosku zawar\u0142em pytania dotycz\u0105ce konkretnych nieprawid\u0142owo\u015bci na terenie [&hellip;]<\/p>\n","protected":false},"author":1,"featured_media":0,"comment_status":"open","ping_status":"open","sticky":false,"template":"","format":"standard","meta":{"_coblocks_attr":"","_coblocks_dimensions":"","_coblocks_responsive_height":"","_coblocks_accordion_ie_support":"","hide_page_title":"","footnotes":""},"categories":[1],"tags":[],"class_list":["post-2022","post","type-post","status-publish","format-standard","hentry","category-uncategorized"],"_links":{"self":[{"href":"https:\/\/plaska.info\/index.php?rest_route=\/wp\/v2\/posts\/2022","targetHints":{"allow":["GET"]}}],"collection":[{"href":"https:\/\/plaska.info\/index.php?rest_route=\/wp\/v2\/posts"}],"about":[{"href":"https:\/\/plaska.info\/index.php?rest_route=\/wp\/v2\/types\/post"}],"author":[{"embeddable":true,"href":"https:\/\/plaska.info\/index.php?rest_route=\/wp\/v2\/users\/1"}],"replies":[{"embeddable":true,"href":"https:\/\/plaska.info\/index.php?rest_route=%2Fwp%2Fv2%2Fcomments&post=2022"}],"version-history":[{"count":1,"href":"https:\/\/plaska.info\/index.php?rest_route=\/wp\/v2\/posts\/2022\/revisions"}],"predecessor-version":[{"id":2023,"href":"https:\/\/plaska.info\/index.php?rest_route=\/wp\/v2\/posts\/2022\/revisions\/2023"}],"wp:attachment":[{"href":"https:\/\/plaska.info\/index.php?rest_route=%2Fwp%2Fv2%2Fmedia&parent=2022"}],"wp:term":[{"taxonomy":"category","embeddable":true,"href":"https:\/\/plaska.info\/index.php?rest_route=%2Fwp%2Fv2%2Fcategories&post=2022"},{"taxonomy":"post_tag","embeddable":true,"href":"https:\/\/plaska.info\/index.php?rest_route=%2Fwp%2Fv2%2Ftags&post=2022"}],"curies":[{"name":"wp","href":"https:\/\/api.w.org\/{rel}","templated":true}]}}