{"id":2018,"date":"2026-08-21T10:56:00","date_gmt":"2026-08-21T09:56:00","guid":{"rendered":"https:\/\/plaska.info\/?p=2018"},"modified":"2026-08-21T09:26:21","modified_gmt":"2026-08-21T08:26:21","slug":"wyslalem-w-dniu-dzisiejszym-prosbe-od-mieszkancow-do-gminy-i-do-radnych-zbadamy-czas-reakcji-wspolnej-sprawy-czas-liczymy-od-1007","status":"publish","type":"post","link":"https:\/\/plaska.info\/?p=2018","title":{"rendered":"Wys\u0142a\u0142em w dniu dzisiejszym pro\u015bb\u0119 od mieszka\u0144c\u00f3w do Gminy i do radnych. Zbadamy czas reakcji Wsp\u00f3lnej Sprawy. Czas liczymy od 10:07"},"content":{"rendered":"\n<p class=\"wp-block-paragraph\">Dzie\u0144 dobry,<\/p>\n\n\n\n<p class=\"wp-block-paragraph\">w ubieg\u0142y weekend czterech mieszka\u0144c\u00f3w naszej gminy zaprosi\u0142o mnie na wskazany wy\u017cej fragment drogi, aby pokaza\u0107 jej aktualny stan.<\/p>\n\n\n\n<p class=\"wp-block-paragraph\">Zwr\u00f3cili moj\u0105 uwag\u0119 na znajduj\u0105ce si\u0119 tam <strong>du\u017ce ubytki w nawierzchni<\/strong>, kt\u00f3re \u2013 wed\u0142ug przekazanych mi informacji \u2013 istniej\u0105 ju\u017c od co najmniej p\u00f3\u0142 roku i do tej pory nie zosta\u0142y naprawione.<\/p>\n\n\n\n<p class=\"wp-block-paragraph\">Przeprosi\u0142em mieszka\u0144c\u00f3w, \u017ce wcze\u015bniej sam tego nie zauwa\u017cy\u0142em, ale po prostu rzadko poruszam si\u0119 tym odcinkiem. Zreszt\u0105 sama ulica K\u0105ty od d\u0142u\u017cszego czasu przedstawia, delikatnie m\u00f3wi\u0105c, <strong>obraz n\u0119dzy i rozpaczy<\/strong>.<\/p>\n\n\n\n<p class=\"wp-block-paragraph\">Poniewa\u017c syn cie\u015bli zajmuj\u0105cy si\u0119 w Urz\u0119dzie drogami najwidoczniej r\u00f3wnie\u017c niecz\u0119sto t\u0119dy je\u017adzi, mam ogromn\u0105 pro\u015bb\u0119, aby wspom\u00f3c go w dostrze\u017ceniu problemu i doprowadzi\u0107 do naprawy wskazanych ubytk\u00f3w.<\/p>\n\n\n\n<p class=\"wp-block-paragraph\">Przy okazji proponuj\u0119 przejecha\u0107 oko\u0142o <strong>30 metr\u00f3w w g\u0142\u0105b ul. K\u0105ty<\/strong>. W rejonie przepustu znajduje si\u0119 kolejna, naprawd\u0119 zdradliwa dziura, kt\u00f3ra szczeg\u00f3lnie po zmroku mo\u017ce stanowi\u0107 powa\u017cne zagro\u017cenie dla kierowc\u00f3w.<\/p>\n\n\n\n<p class=\"wp-block-paragraph\">Jednocze\u015bnie zwracam si\u0119 do <strong>radnych z P\u0142askiej i Gorczycy<\/strong>, poniewa\u017c wskazany fragment znajduje si\u0119 na granicy obu miejscowo\u015bci, z pro\u015bb\u0105 o zainteresowanie si\u0119 spraw\u0105 i wsparcie swoich mieszka\u0144c\u00f3w.<\/p>\n\n\n\n<p class=\"wp-block-paragraph\">Warto przy tym zadba\u0107 nie tylko o bezpiecze\u0144stwo kierowc\u00f3w, ale r\u00f3wnie\u017c o <strong>bud\u017cet Gminy<\/strong>.<\/p>\n\n\n\n<p class=\"wp-block-paragraph\">Je\u017celi mieszkaniec albo turysta wjedzie noc\u0105 w maj\u0105cy kilkadziesi\u0105t centymetr\u00f3w ubytek i uszkodzi ko\u0142o lub zawieszenie, mo\u017ce wyst\u0105pi\u0107 z roszczeniem o naprawienie szkody do podmiotu odpowiedzialnego za w\u0142a\u015bciwe utrzymanie drogi.<\/p>\n\n\n\n<p class=\"wp-block-paragraph\">Znacznie rozs\u0105dniej i taniej b\u0119dzie wi\u0119c <strong>naprawi\u0107 dziur\u0119, zanim ona \u201enaprawi\u201d komu\u015b samoch\u00f3d.<\/strong><\/p>\n\n\n\n<p class=\"wp-block-paragraph\">Z g\u00f3ry dzi\u0119kuj\u0119 za pomoc, zainteresowanie spraw\u0105 i \u2013 przede wszystkim \u2013 zrozumienie potrzeb mieszka\u0144c\u00f3w.<\/p>\n\n\n\n<p class=\"wp-block-paragraph\"><\/p>\n\n\n\n<p class=\"wp-block-paragraph\"><strong>PS. A tak przy okazji<\/strong>  ma\u0142a dygresja do powy\u017cszego emaila.<\/p>\n\n\n\n<p class=\"wp-block-paragraph\">Podczas spotkania z mieszka\u0144cami pojawi\u0142 si\u0119 r\u00f3wnie\u017c ca\u0142kiem ciekawy pomys\u0142.<\/p>\n\n\n\n<p class=\"wp-block-paragraph\">Skoro w przypadku drogi do Rudawki uznano, \u017ce najlepszym rozwi\u0105zaniem b\u0119dzie pozbycie si\u0119 problemu poprzez przekazanie drogi innemu zarz\u0105dcy, to mo\u017ce warto zastosowa\u0107 t\u0119 sam\u0105 filozofi\u0119 r\u00f3wnie\u017c tutaj?<\/p>\n\n\n\n<p class=\"wp-block-paragraph\"><strong>M<\/strong>o<strong>\u017ce ulic\u0119 K\u0105ty r\u00f3wnie\u017c nale\u017ca\u0142oby komu\u015b odda\u0107?<\/strong><\/p>\n\n\n\n<p class=\"wp-block-paragraph\">W przypadku Rudawki mieli\u015bmy ju\u017c okazj\u0119 przekona\u0107 si\u0119, ile mo\u017ce kosztowa\u0107 Gmin\u0119 po\u0142\u0105czenie <strong>braku odwagi powiedzenia prawdy przez radnego Juszkiewicza z ambicj\u0105 W\u00f3jta Skubisa, \u017ceby postawi\u0107 na swoim<\/strong>. Zreszt\u0105 w przypadku radnego to raczej oczywiste. Wystarczy pos\u0142ucha\u0107 laudacje jakie wybrzmiewaj\u0105 z jego ust na sesjach. Na przyk\u0142ad na ostatniej. I to po trze\u017awemu i bez wazeliny. <\/p>\n\n\n\n<p class=\"wp-block-paragraph\">W mojej ocenie rachunek za t\u0119 decyzj\u0119 liczymy w milionach \u2013 utraconego maj\u0105tku oraz dodatkowych kosztach, kt\u00f3re Gmina b\u0119dzie musia\u0142a ponie\u015b\u0107 w postaci kredytu na milion, kt\u00f3ry jakim\u015b sposobem pozosta\u0142 po Naszej stronie, chocia\u017c droga znik\u0142a. BIZNESMENY Z WSP\u00d3LNEJ SPRAWY CA\u0141\u0104 G\u0118B\u0104.<\/p>\n\n\n\n<p class=\"wp-block-paragraph\">Tutaj sytuacja jest przecie\u017c znacznie prostsza.<\/p>\n\n\n\n<p class=\"wp-block-paragraph\"><strong>Co w\u0142a\u015bciwie mamy do stracenia?<\/strong><\/p>\n\n\n\n<p class=\"wp-block-paragraph\">Troch\u0119 piasku, dziury i drog\u0119, na kt\u00f3rej trudno dostrzec wi\u0119ksze nak\u0142ady remontowe.<\/p>\n\n\n\n<p class=\"wp-block-paragraph\">Nie ma wi\u0119c wielomilionowej inwestycji, kt\u00f3r\u0105 mo\u017cna straci\u0107, ani szczeg\u00f3lnego maj\u0105tku, kt\u00f3rego trzeba broni\u0107.<\/p>\n\n\n\n<p class=\"wp-block-paragraph\">Z punktu widzenia bud\u017cetu Gminy rozwi\u0105zanie wydaje si\u0119 wr\u0119cz idealne:<\/p>\n\n\n\n<p class=\"wp-block-paragraph\"><strong>oddajemy drog\u0119,<br>oddajemy dziury,<br>oddajemy problem,<br>a Gmina oszcz\u0119dza.<\/strong><\/p>\n\n\n\n<p class=\"wp-block-paragraph\">Same korzy\u015bci. \ud83d\ude09<\/p>\n\n\n\n<p class=\"wp-block-paragraph\">Oczywi\u015bcie troch\u0119 \u017cartuj\u0119.<\/p>\n\n\n\n<p class=\"wp-block-paragraph\">Ale mieszka\u0144com, kt\u00f3rzy od co najmniej p\u00f3\u0142 roku omijaj\u0105 te same dziury, zapewne jest ju\u017c troch\u0119 mniej do \u015bmiechu.<\/p>\n\n\n\n<p class=\"wp-block-paragraph\">Dlatego zanim zaczniemy szuka\u0107 instytucji, kt\u00f3rej mo\u017cna przekaza\u0107 ulic\u0119 K\u0105ty, proponuj\u0119 rozwi\u0105zanie zdecydowanie mniej skomplikowane:<\/p>\n\n\n\n<p class=\"wp-block-paragraph\"><strong>kilka taczek kruszywa i za\u0142atanie dziur.<\/strong><\/p>\n\n\n\n<p class=\"wp-block-paragraph\">Podejrzewam, \u017ce b\u0119dzie szybciej, taniej i \u2013 po do\u015bwiadczeniach z Rudawk\u0105 \u2013 zdecydowanie bezpieczniej dla bud\u017cetu Gminy.<\/p>\n\n\n\n<p class=\"wp-block-paragraph\"><\/p>\n\n\n\n<p class=\"wp-block-paragraph\">A mo\u017ce Wasz\u0105 ulic\u0119 te\u017c zg\u0142osi\u0107 do oddania dla Urz\u0119du Wojew\u00f3dzkiego w nadziei na to, \u017ce pojawi si\u0119 wreszcie administrator?<\/p>\n","protected":false},"excerpt":{"rendered":"<p>Dzie\u0144 dobry, w ubieg\u0142y weekend czterech mieszka\u0144c\u00f3w naszej gminy zaprosi\u0142o mnie na wskazany wy\u017cej fragment drogi, aby pokaza\u0107 jej aktualny stan. Zwr\u00f3cili moj\u0105 uwag\u0119 na znajduj\u0105ce si\u0119 tam du\u017ce ubytki w nawierzchni, kt\u00f3re \u2013 wed\u0142ug przekazanych mi informacji \u2013 istniej\u0105 ju\u017c od co najmniej p\u00f3\u0142 roku i do tej pory nie zosta\u0142y naprawione. Przeprosi\u0142em mieszka\u0144c\u00f3w, [&hellip;]<\/p>\n","protected":false},"author":1,"featured_media":0,"comment_status":"open","ping_status":"open","sticky":false,"template":"","format":"standard","meta":{"_coblocks_attr":"","_coblocks_dimensions":"","_coblocks_responsive_height":"","_coblocks_accordion_ie_support":"","hide_page_title":"","footnotes":""},"categories":[1],"tags":[],"class_list":["post-2018","post","type-post","status-publish","format-standard","hentry","category-uncategorized"],"_links":{"self":[{"href":"https:\/\/plaska.info\/index.php?rest_route=\/wp\/v2\/posts\/2018","targetHints":{"allow":["GET"]}}],"collection":[{"href":"https:\/\/plaska.info\/index.php?rest_route=\/wp\/v2\/posts"}],"about":[{"href":"https:\/\/plaska.info\/index.php?rest_route=\/wp\/v2\/types\/post"}],"author":[{"embeddable":true,"href":"https:\/\/plaska.info\/index.php?rest_route=\/wp\/v2\/users\/1"}],"replies":[{"embeddable":true,"href":"https:\/\/plaska.info\/index.php?rest_route=%2Fwp%2Fv2%2Fcomments&post=2018"}],"version-history":[{"count":2,"href":"https:\/\/plaska.info\/index.php?rest_route=\/wp\/v2\/posts\/2018\/revisions"}],"predecessor-version":[{"id":2021,"href":"https:\/\/plaska.info\/index.php?rest_route=\/wp\/v2\/posts\/2018\/revisions\/2021"}],"wp:attachment":[{"href":"https:\/\/plaska.info\/index.php?rest_route=%2Fwp%2Fv2%2Fmedia&parent=2018"}],"wp:term":[{"taxonomy":"category","embeddable":true,"href":"https:\/\/plaska.info\/index.php?rest_route=%2Fwp%2Fv2%2Fcategories&post=2018"},{"taxonomy":"post_tag","embeddable":true,"href":"https:\/\/plaska.info\/index.php?rest_route=%2Fwp%2Fv2%2Ftags&post=2018"}],"curies":[{"name":"wp","href":"https:\/\/api.w.org\/{rel}","templated":true}]}}