{"id":2015,"date":"2026-08-26T06:49:00","date_gmt":"2026-08-26T05:49:00","guid":{"rendered":"https:\/\/plaska.info\/?p=2015"},"modified":"2026-08-26T00:05:57","modified_gmt":"2026-08-25T23:05:57","slug":"czy-szkola-po-zakonczonym-remoncie-uzyskala-pozwolenie-na-uzytkowanie","status":"publish","type":"post","link":"https:\/\/plaska.info\/?p=2015","title":{"rendered":"Czy szko\u0142a, po zako\u0144czonym remoncie, uzyska\u0142a pozwolenie na u\u017cytkowanie?"},"content":{"rendered":"\n<figure class=\"wp-block-image size-large\"><img loading=\"lazy\" decoding=\"async\" width=\"1024\" height=\"819\" src=\"http:\/\/plaska.info\/wp-content\/uploads\/2026\/08\/ChatGPT-Image-21-sie-2026-09_03_52-1024x819.png\" alt=\"\" class=\"wp-image-2016\" srcset=\"https:\/\/plaska.info\/wp-content\/uploads\/2026\/08\/ChatGPT-Image-21-sie-2026-09_03_52-1024x819.png 1024w, https:\/\/plaska.info\/wp-content\/uploads\/2026\/08\/ChatGPT-Image-21-sie-2026-09_03_52-300x240.png 300w, https:\/\/plaska.info\/wp-content\/uploads\/2026\/08\/ChatGPT-Image-21-sie-2026-09_03_52-768x615.png 768w, https:\/\/plaska.info\/wp-content\/uploads\/2026\/08\/ChatGPT-Image-21-sie-2026-09_03_52.png 1402w\" sizes=\"auto, (max-width: 1024px) 100vw, 1024px\" \/><\/figure>\n\n\n\n<p class=\"wp-block-paragraph\">Nie wiem, co dzieje si\u0119 z przetargami organizowanymi przez t\u0119 ekip\u0119, ale zaczyna si\u0119 z tego wy\u0142ania\u0107 pewna prawid\u0142owo\u015b\u0107.<\/p>\n\n\n\n<p class=\"wp-block-paragraph\">Najpierw wszystko ma by\u0107 dobrze. P\u00f3\u017aniej pojawiaj\u0105 si\u0119 problemy, op\u00f3\u017anienia i dodatkowe koszty. Nast\u0119pnie dowiadujemy si\u0119, \u017ce w\u0142a\u015bciwie nic wielkiego si\u0119 nie sta\u0142o, sytuacja jest pod kontrol\u0105, a winnych \u2014 jak zwykle \u2014 nie ma.<\/p>\n\n\n\n<p class=\"wp-block-paragraph\">Jest za to rachunek. Oczywi\u015bcie dla mieszka\u0144c\u00f3w.<\/p>\n\n\n\n<p class=\"wp-block-paragraph\">W przypadku remontu szko\u0142y mamy powa\u017cne usterki \u2014 i teraz najlepsze \u2014 w pracach, kt\u00f3re w czerwcu zosta\u0142y odebrane od wykonawcy.<\/p>\n\n\n\n<p class=\"wp-block-paragraph\">W czerwcu te\u017c zorganizowano uroczysto\u015b\u0107 z okazji zako\u0144czenia remontu.<\/p>\n\n\n\n<figure class=\"wp-block-image size-full\"><img loading=\"lazy\" decoding=\"async\" width=\"582\" height=\"742\" src=\"http:\/\/plaska.info\/wp-content\/uploads\/2026\/08\/izoterm2.jpg\" alt=\"\" class=\"wp-image-2096\" srcset=\"https:\/\/plaska.info\/wp-content\/uploads\/2026\/08\/izoterm2.jpg 582w, https:\/\/plaska.info\/wp-content\/uploads\/2026\/08\/izoterm2-235x300.jpg 235w\" sizes=\"auto, (max-width: 582px) 100vw, 582px\" \/><\/figure>\n\n\n\n<p class=\"wp-block-paragraph\"><strong>Tak si\u0119 tylko zastanawiam. Skoro budynek nie by\u0142 odebrany, czytaj by\u0142 placem budowy to jak mo\u017cna by\u0142o po nim chodzi\u0107? Bez kask\u00f3w? Ale mo\u017ce si\u0119 myl\u0119. Mo\u017ce to tylko moja przewra\u017cliwiona dusza.<\/strong> <\/p>\n\n\n\n<p class=\"wp-block-paragraph\">Wracaj\u0105c do tematu usterki s\u0105, ale podczas odbioru najwyra\u017aniej by\u0142y jeszcze niewidzialne.<\/p>\n\n\n\n<p class=\"wp-block-paragraph\">To jak w\u0142a\u015bciwie przeprowadzano ten odbi\u00f3r? Na podstawie dokumentacji, ogl\u0119dzin i obowi\u0105zuj\u0105cych przepis\u00f3w czy mo\u017ce przez pryzmat dw\u00f3ch dotacji na Rock Water, opiewaj\u0105cych na kilkana\u015bcie tysi\u0119cy z\u0142otych? A mo\u017ce podczas wspominanego przez niekt\u00f3rych \u201eobiadu\u201d? Mam nadziej\u0119, \u017ce ta historia jest nieprawdziwa. Pisa\u0142em ju\u017c wcze\u015bniej, \u017ce takie po\u0142\u0105czenia powoduj\u0105 niebezpieczne skojarzenia zw\u0142aszcza gdy  pojawiaj\u0105 si\u0119 problemy. <\/p>\n\n\n\n<p class=\"wp-block-paragraph\"><\/p>\n\n\n\n<figure class=\"wp-block-video\"><video height=\"360\" style=\"aspect-ratio: 640 \/ 360;\" width=\"640\" controls src=\"http:\/\/plaska.info\/wp-content\/uploads\/2026\/08\/videoplayback-1.mp4\"><\/video><\/figure>\n\n\n\n<p class=\"wp-block-paragraph\">Wiem natomiast, \u017ce po prawid\u0142owo przeprowadzonym odbiorze nie powinno si\u0119 odkrywa\u0107 usterek tej skali. Drobne wady mo\u017cna wpisa\u0107 do protoko\u0142u i wyznaczy\u0107 termin ich usuni\u0119cia. Powa\u017cne wady, uniemo\u017cliwiaj\u0105ce prawid\u0142owe u\u017cytkowanie obiektu, powinny stanowi\u0107 przeszkod\u0119 w jego odbiorze. A potop nie jest drobn\u0105 usterk\u0105. I z pewno\u015bci\u0105 nie b\u0119dzie tani.<\/p>\n\n\n\n<p class=\"wp-block-paragraph\">Pytam, bo mieszka\u0144cy mogliby odnie\u015b\u0107 mylne wra\u017cenie, \u017ce przy odbiorze rob\u00f3t budowlanych powinno si\u0119 sprawdza\u0107 przede wszystkim jako\u015b\u0107 wykonanych prac. By\u0107 mo\u017ce jednak w gminie P\u0142aska obowi\u0105zuje bardziej nowoczesna metoda: najpierw podpisujemy, p\u00f3\u017aniej ogl\u0105damy, a na ko\u0144cu zastanawiamy si\u0119, kto i za ile b\u0119dzie to poprawia\u0142. I na koniec obci\u0105\u017cymy mieszka\u0144c\u00f3w.<\/p>\n\n\n\n<p class=\"wp-block-paragraph\">Wykonawcy zd\u0105\u017cyli\u015bmy ju\u017c dop\u0142aci\u0107 oko\u0142o 100 tys. z\u0142, wi\u0119c przynajmniej on z tej inwestycji nie powinien wyj\u015b\u0107 niezadowolony.<\/p>\n\n\n\n<figure class=\"wp-block-image size-full\"><img loading=\"lazy\" decoding=\"async\" width=\"582\" height=\"763\" src=\"http:\/\/plaska.info\/wp-content\/uploads\/2026\/08\/izoterm.jpg\" alt=\"\" class=\"wp-image-2093\" srcset=\"https:\/\/plaska.info\/wp-content\/uploads\/2026\/08\/izoterm.jpg 582w, https:\/\/plaska.info\/wp-content\/uploads\/2026\/08\/izoterm-229x300.jpg 229w\" sizes=\"auto, (max-width: 582px) 100vw, 582px\" \/><\/figure>\n\n\n\n<figure class=\"wp-block-image size-full\"><img loading=\"lazy\" decoding=\"async\" width=\"565\" height=\"772\" src=\"http:\/\/plaska.info\/wp-content\/uploads\/2026\/08\/izoterm3.jpg\" alt=\"\" class=\"wp-image-2095\" srcset=\"https:\/\/plaska.info\/wp-content\/uploads\/2026\/08\/izoterm3.jpg 565w, https:\/\/plaska.info\/wp-content\/uploads\/2026\/08\/izoterm3-220x300.jpg 220w\" sizes=\"auto, (max-width: 565px) 100vw, 565px\" \/><\/figure>\n\n\n\n<p class=\"wp-block-paragraph\">Usterki r\u00f3wnie\u017c maj\u0105 si\u0119 dobrze.<\/p>\n\n\n\n<p class=\"wp-block-paragraph\">Nie zauwa\u017cy\u0142em bowiem, aby kto\u015b szczeg\u00f3lnie energicznie pr\u00f3bowa\u0142 je usuwa\u0107. By\u0107 mo\u017ce czekaj\u0105 na kolejn\u0105 uchwa\u0142\u0119, kolejn\u0105 dop\u0142at\u0119 albo odpowiednio uroczyste przeci\u0119cie wst\u0119gi.<\/p>\n\n\n\n<p class=\"wp-block-paragraph\">Pozostaje jeszcze drobny szczeg\u00f3\u0142: szko\u0142a powinna by\u0107 gotowa na rozpocz\u0119cie roku szkolnego.<\/p>\n\n\n\n<p class=\"wp-block-paragraph\">Historia sprawi\u0142a, \u017ce data 1 wrze\u015bnia ma w Polsce szczeg\u00f3lne znaczenie. W 1939 roku dzieci r\u00f3wnie\u017c mia\u0142y rozpocz\u0105\u0107 nowy rok szkolny, ale do szk\u00f3\u0142 nie posz\u0142y.<\/p>\n\n\n\n<p class=\"wp-block-paragraph\">Po 87 latach przyczyny i okoliczno\u015bci s\u0105 oczywi\u015bcie ca\u0142kowicie niepor\u00f3wnywalne. Mo\u017cna jednak chyba oczekiwa\u0107, \u017ce tym razem 1 wrze\u015bnia nie zaskoczy w\u0142adz gminy swoim nag\u0142ym pojawieniem si\u0119 w kalendarzu.<\/p>\n\n\n\n<p class=\"wp-block-paragraph\">Data rozpocz\u0119cia roku szkolnego nie jest przecie\u017c obj\u0119ta tajemnic\u0105. Nie trzeba jej ustala\u0107 w drodze przetargu, konsultowa\u0107 z wykonawc\u0105 ani szuka\u0107 na ni\u0105 dodatkowych \u015brodk\u00f3w w bud\u017cecie.<\/p>\n\n\n\n<p class=\"wp-block-paragraph\">Trzeba przy tym wyja\u015bni\u0107 jedn\u0105 rzecz, zanim W\u00f3jt og\u0142osi, \u017ce szko\u0142a \u201ezosta\u0142a odebrana\u201d albo \u201eb\u0119dzie odebrana\u201d.<\/p>\n\n\n\n<p class=\"wp-block-paragraph\">Osoba, kt\u00f3ra nie zna szczeg\u00f3\u0142\u00f3w, mog\u0142aby uzna\u0107, \u017ce oznacza to zako\u0144czenie wszystkich prac i pe\u0142n\u0105 gotowo\u015b\u0107 budynku. Tymczasem m\u00f3wimy o <strong>odbiorze warunkowym<\/strong>, ze wskazaniem terminu na doko\u0144czenie zadania.<\/p>\n\n\n\n<p class=\"wp-block-paragraph\">Dlaczego warunkowym?<\/p>\n\n\n\n<p class=\"wp-block-paragraph\">A wybudowanie windy dla os\u00f3b z niepe\u0142nosprawno\u015bciami?<\/p>\n\n\n\n<p class=\"wp-block-paragraph\">Winda nie jest elementem dekoracyjnym, kt\u00f3ry mo\u017cna domontowa\u0107, kiedy znajdzie si\u0119 wolna chwila. Jest cz\u0119\u015bci\u0105 zadania niezb\u0119dn\u0105 do zapewnienia dost\u0119pno\u015bci budynku.<\/p>\n\n\n\n<p class=\"wp-block-paragraph\">Dlatego prosz\u0119, aby nie przedstawia\u0107 warunkowego odbioru jako pe\u0142nego zako\u0144czenia inwestycji. Mo\u017cna oczywi\u015bcie odebra\u0107 szko\u0142\u0119 warunkowo, wyznaczy\u0107 termin wykonania windy, og\u0142osi\u0107 sukces i zrobi\u0107 zdj\u0119cia.<\/p>\n\n\n\n<p class=\"wp-block-paragraph\">Tylko \u017ce warunkowe zako\u0144czenie inwestycji ma mniej wi\u0119cej tyle wsp\u00f3lnego z jej faktycznym uko\u0144czeniem, co warunkowo sprawna winda z mo\u017cliwo\u015bci\u0105 wjechania ni\u0105 na pi\u0119tro.<\/p>\n\n\n\n<p class=\"wp-block-paragraph\">Dlatego pytanie jest bardzo konkretne:<\/p>\n\n\n\n<p class=\"wp-block-paragraph\"><strong>Czy Gmina mo\u017ce dzi\u015b zagwarantowa\u0107, \u017ce 1 wrze\u015bnia 2026 roku uczniowie rozpoczn\u0105 nauk\u0119 w budynku jakkolwiek odebranym i np. bez potopu?<\/strong> <strong>Chyba, \u017ce chodzi o ponowne widowisko jak w czerwcu tylko teraz motywem przewodnim ma by\u0107 rozst\u0105pienie si\u0119 morza Czerwonego.<\/strong><\/p>\n\n\n\n<p class=\"wp-block-paragraph\">Czy mo\u017ce b\u0119dzie to jedynie budynek \u201eodebrany\u201d \u2014 pod warunkiem, \u017ce nie b\u0119dziemy zbyt dok\u0142adnie pyta\u0107, czego jeszcze w nim brakuje?<\/p>\n\n\n\n<p class=\"wp-block-paragraph\">Nie pytam, czy \u201etrwaj\u0105 dzia\u0142ania\u201d.<\/p>\n\n\n\n<p class=\"wp-block-paragraph\">Nie pytam, czy \u201epodejmowane s\u0105 czynno\u015bci\u201d.<\/p>\n\n\n\n<p class=\"wp-block-paragraph\">Nie pytam, czy \u201ena obecnym etapie prowadzone s\u0105 uzgodnienia zmierzaj\u0105ce do zapewnienia mo\u017cliwo\u015bci rozpocz\u0119cia zaj\u0119\u0107\u201d.<\/p>\n\n\n\n<p class=\"wp-block-paragraph\">Pytam po prostu, czy 1 wrze\u015bnia dzieci p\u00f3jd\u0105 do tej szko\u0142y.<\/p>\n\n\n\n<p class=\"wp-block-paragraph\"><strong>Tak albo nie.<\/strong><\/p>\n\n\n\n<h2 class=\"wp-block-heading\"><strong>Bo na miejscu nadal wisia\u0142a jak ostatnio patrzy\u0142em tablica budowlana \u2014 do\u015b\u0107 wymowna dekoracja przy inwestycji, kt\u00f3r\u0105 22 czerwca celebrowano jako zako\u0144czon\u0105.<\/strong><\/h2>\n\n\n\n<p class=\"wp-block-paragraph\">Bo kolejny raz wszystko mia\u0142o by\u0107 dobrze. Kolejny raz pojawiaj\u0105 si\u0119 problemy. Kolejny raz rosn\u0105 koszty. I kolejny raz zapewne us\u0142yszymy, \u017ce nikt nie m\u00f3g\u0142 tego przewidzie\u0107.<\/p>\n\n\n\n<p class=\"wp-block-paragraph\">Mo\u017cna odnie\u015b\u0107 wra\u017cenie, \u017ce gdyby J\u00f3zef Pi\u0142sudski zobaczy\u0142 spos\u00f3b przygotowywania i prowadzenia gminnych inwestycji, nie musia\u0142by nawet wymy\u015bla\u0107 nowego komentarza.<\/p>\n\n\n\n<p class=\"wp-block-paragraph\">Wystarczy\u0142oby, \u017ceby powt\u00f3rzy\u0142:<\/p>\n\n\n\n<p class=\"wp-block-paragraph\"><strong>\u201eWam kury szcza\u0107 prowadza\u0107, a nie polityk\u0119 robi\u0107\u201d.<\/strong><\/p>\n\n\n\n<figure class=\"wp-block-image size-large\"><img loading=\"lazy\" decoding=\"async\" width=\"1024\" height=\"683\" src=\"http:\/\/plaska.info\/wp-content\/uploads\/2026\/08\/ChatGPT-Image-24-sie-2026-12_20_47-1024x683.png\" alt=\"\" class=\"wp-image-2055\" srcset=\"https:\/\/plaska.info\/wp-content\/uploads\/2026\/08\/ChatGPT-Image-24-sie-2026-12_20_47-1024x683.png 1024w, https:\/\/plaska.info\/wp-content\/uploads\/2026\/08\/ChatGPT-Image-24-sie-2026-12_20_47-300x200.png 300w, https:\/\/plaska.info\/wp-content\/uploads\/2026\/08\/ChatGPT-Image-24-sie-2026-12_20_47-768x512.png 768w, https:\/\/plaska.info\/wp-content\/uploads\/2026\/08\/ChatGPT-Image-24-sie-2026-12_20_47.png 1536w\" sizes=\"auto, (max-width: 1024px) 100vw, 1024px\" \/><\/figure>\n\n\n\n<p class=\"wp-block-paragraph\">Kalendarium<\/p>\n\n\n\n<figure class=\"wp-block-image size-full\"><img loading=\"lazy\" decoding=\"async\" width=\"908\" height=\"420\" src=\"https:\/\/plaska.info\/wp-content\/uploads\/2026\/08\/image-8.png\" alt=\"\" class=\"wp-image-2060\" srcset=\"https:\/\/plaska.info\/wp-content\/uploads\/2026\/08\/image-8.png 908w, https:\/\/plaska.info\/wp-content\/uploads\/2026\/08\/image-8-300x139.png 300w, https:\/\/plaska.info\/wp-content\/uploads\/2026\/08\/image-8-768x355.png 768w\" sizes=\"auto, (max-width: 908px) 100vw, 908px\" \/><\/figure>\n\n\n\n<figure class=\"wp-block-image size-full\"><img loading=\"lazy\" decoding=\"async\" width=\"910\" height=\"198\" src=\"https:\/\/plaska.info\/wp-content\/uploads\/2026\/08\/image-9.png\" alt=\"\" class=\"wp-image-2061\" srcset=\"https:\/\/plaska.info\/wp-content\/uploads\/2026\/08\/image-9.png 910w, https:\/\/plaska.info\/wp-content\/uploads\/2026\/08\/image-9-300x65.png 300w, https:\/\/plaska.info\/wp-content\/uploads\/2026\/08\/image-9-768x167.png 768w\" sizes=\"auto, (max-width: 910px) 100vw, 910px\" \/><\/figure>\n\n\n\n<figure class=\"wp-block-image size-full\"><img loading=\"lazy\" decoding=\"async\" width=\"897\" height=\"155\" src=\"https:\/\/plaska.info\/wp-content\/uploads\/2026\/08\/image-10.png\" alt=\"\" class=\"wp-image-2062\" srcset=\"https:\/\/plaska.info\/wp-content\/uploads\/2026\/08\/image-10.png 897w, https:\/\/plaska.info\/wp-content\/uploads\/2026\/08\/image-10-300x52.png 300w, https:\/\/plaska.info\/wp-content\/uploads\/2026\/08\/image-10-768x133.png 768w\" sizes=\"auto, (max-width: 897px) 100vw, 897px\" \/><\/figure>\n\n\n\n<p class=\"wp-block-paragraph\"><\/p>\n\n\n\n<figure class=\"wp-block-image size-large\"><img loading=\"lazy\" decoding=\"async\" width=\"1024\" height=\"527\" src=\"https:\/\/plaska.info\/wp-content\/uploads\/2026\/08\/image-11-1024x527.png\" alt=\"\" class=\"wp-image-2063\" srcset=\"https:\/\/plaska.info\/wp-content\/uploads\/2026\/08\/image-11-1024x527.png 1024w, https:\/\/plaska.info\/wp-content\/uploads\/2026\/08\/image-11-300x154.png 300w, https:\/\/plaska.info\/wp-content\/uploads\/2026\/08\/image-11-768x395.png 768w, https:\/\/plaska.info\/wp-content\/uploads\/2026\/08\/image-11.png 1267w\" sizes=\"auto, (max-width: 1024px) 100vw, 1024px\" \/><\/figure>\n\n\n\n<figure class=\"wp-block-image size-full\"><img loading=\"lazy\" decoding=\"async\" width=\"855\" height=\"601\" src=\"https:\/\/plaska.info\/wp-content\/uploads\/2026\/08\/image-13.png\" alt=\"\" class=\"wp-image-2065\" srcset=\"https:\/\/plaska.info\/wp-content\/uploads\/2026\/08\/image-13.png 855w, https:\/\/plaska.info\/wp-content\/uploads\/2026\/08\/image-13-300x211.png 300w, https:\/\/plaska.info\/wp-content\/uploads\/2026\/08\/image-13-768x540.png 768w\" sizes=\"auto, (max-width: 855px) 100vw, 855px\" \/><\/figure>\n\n\n\n<p class=\"wp-block-paragraph\">Promesa na remont wynosi\u0142a 7 980 000 z\u0142 . Blisko. Prawie jak Natalia Bukowiecka poza podium o 0,003 sec.<\/p>\n\n\n\n<p class=\"wp-block-paragraph\">Podsumowuj\u0105c wygl\u0105da na to, \u017ce nasi <strong>miszczowie<\/strong> z gminy nie kazali wycenia\u0107 w przetargu windy, kt\u00f3ra musia\u0142a by\u0107 zgodnie z przepisami. A pieni\u0105dze by\u0142y jakie\u015b 430 ty\u015b to na wind\u0119 z nawi\u0105zka by starczy\u0142o.<\/p>\n\n\n\n<p class=\"wp-block-paragraph\"><\/p>\n","protected":false},"excerpt":{"rendered":"<p>Nie wiem, co dzieje si\u0119 z przetargami organizowanymi przez t\u0119 ekip\u0119, ale zaczyna si\u0119 z tego wy\u0142ania\u0107 pewna prawid\u0142owo\u015b\u0107. Najpierw wszystko ma by\u0107 dobrze. P\u00f3\u017aniej pojawiaj\u0105 si\u0119 problemy, op\u00f3\u017anienia i dodatkowe koszty. Nast\u0119pnie dowiadujemy si\u0119, \u017ce w\u0142a\u015bciwie nic wielkiego si\u0119 nie sta\u0142o, sytuacja jest pod kontrol\u0105, a winnych \u2014 jak zwykle \u2014 nie ma. Jest [&hellip;]<\/p>\n","protected":false},"author":1,"featured_media":0,"comment_status":"open","ping_status":"open","sticky":false,"template":"","format":"standard","meta":{"_coblocks_attr":"","_coblocks_dimensions":"","_coblocks_responsive_height":"","_coblocks_accordion_ie_support":"","hide_page_title":"","footnotes":""},"categories":[1],"tags":[],"class_list":["post-2015","post","type-post","status-publish","format-standard","hentry","category-uncategorized"],"_links":{"self":[{"href":"https:\/\/plaska.info\/index.php?rest_route=\/wp\/v2\/posts\/2015","targetHints":{"allow":["GET"]}}],"collection":[{"href":"https:\/\/plaska.info\/index.php?rest_route=\/wp\/v2\/posts"}],"about":[{"href":"https:\/\/plaska.info\/index.php?rest_route=\/wp\/v2\/types\/post"}],"author":[{"embeddable":true,"href":"https:\/\/plaska.info\/index.php?rest_route=\/wp\/v2\/users\/1"}],"replies":[{"embeddable":true,"href":"https:\/\/plaska.info\/index.php?rest_route=%2Fwp%2Fv2%2Fcomments&post=2015"}],"version-history":[{"count":17,"href":"https:\/\/plaska.info\/index.php?rest_route=\/wp\/v2\/posts\/2015\/revisions"}],"predecessor-version":[{"id":2100,"href":"https:\/\/plaska.info\/index.php?rest_route=\/wp\/v2\/posts\/2015\/revisions\/2100"}],"wp:attachment":[{"href":"https:\/\/plaska.info\/index.php?rest_route=%2Fwp%2Fv2%2Fmedia&parent=2015"}],"wp:term":[{"taxonomy":"category","embeddable":true,"href":"https:\/\/plaska.info\/index.php?rest_route=%2Fwp%2Fv2%2Fcategories&post=2015"},{"taxonomy":"post_tag","embeddable":true,"href":"https:\/\/plaska.info\/index.php?rest_route=%2Fwp%2Fv2%2Ftags&post=2015"}],"curies":[{"name":"wp","href":"https:\/\/api.w.org\/{rel}","templated":true}]}}