{"id":2008,"date":"2026-08-21T08:54:00","date_gmt":"2026-08-21T07:54:00","guid":{"rendered":"https:\/\/plaska.info\/?p=2008"},"modified":"2026-08-21T08:55:29","modified_gmt":"2026-08-21T07:55:29","slug":"swiatlowod-tanieje-o-463-tysiace-a-konkurencja-nadal-ograniczona","status":"publish","type":"post","link":"https:\/\/plaska.info\/?p=2008","title":{"rendered":"\u015awiat\u0142ow\u00f3d tanieje o 463 tysi\u0105ce. A konkurencja nadal ograniczona."},"content":{"rendered":"\n<figure class=\"wp-block-image size-large\"><img loading=\"lazy\" decoding=\"async\" width=\"1024\" height=\"683\" src=\"http:\/\/plaska.info\/wp-content\/uploads\/2026\/08\/ChatGPT-Image-20-sie-2026-20_49_23-1024x683.png\" alt=\"\" class=\"wp-image-2009\" srcset=\"https:\/\/plaska.info\/wp-content\/uploads\/2026\/08\/ChatGPT-Image-20-sie-2026-20_49_23-1024x683.png 1024w, https:\/\/plaska.info\/wp-content\/uploads\/2026\/08\/ChatGPT-Image-20-sie-2026-20_49_23-300x200.png 300w, https:\/\/plaska.info\/wp-content\/uploads\/2026\/08\/ChatGPT-Image-20-sie-2026-20_49_23-768x512.png 768w, https:\/\/plaska.info\/wp-content\/uploads\/2026\/08\/ChatGPT-Image-20-sie-2026-20_49_23.png 1536w\" sizes=\"auto, (max-width: 1024px) 100vw, 1024px\" \/><\/figure>\n\n\n\n<p class=\"wp-block-paragraph\">No i mamy kolejny ciekawy odcinek z cyklu:<\/p>\n\n\n\n<p class=\"wp-block-paragraph\"><strong>\u201eJak gospodarujemy maj\u0105tkiem Gminy P\u0142aska?\u201d<\/strong><\/p>\n\n\n\n<p class=\"wp-block-paragraph\">Tym razem nie rozmawiamy o kilku czy kilkunastu tysi\u0105cach z\u0142otych.<\/p>\n\n\n\n<p class=\"wp-block-paragraph\">Rozmawiamy o:<\/p>\n\n\n\n<h2 class=\"wp-block-heading\">463 000 z\u0142.<\/h2>\n\n\n\n<p class=\"wp-block-paragraph\">Ale zacznijmy od pocz\u0105tku, bo historia jest naprawd\u0119 ciekawa.<\/p>\n\n\n\n<p class=\"wp-block-paragraph\">W styczniu Rada Gminy P\u0142aska postanowi\u0142a wyrazi\u0107 zgod\u0119 na sprzeda\u017c gminnej sieci \u015bwiat\u0142owodowej.<\/p>\n\n\n\n<p class=\"wp-block-paragraph\">W uchwale zapisano nawet, \u017ce sie\u0107 zostanie sprzedana zgodnie z ustaw\u0105 o gospodarce nieruchomo\u015bciami i za cen\u0119 <strong>nie ni\u017csz\u0105 ni\u017c jej warto\u015b\u0107 rynkowa<\/strong>.<\/p>\n\n\n\n<p class=\"wp-block-paragraph\">Tyle \u017ce pojawi\u0142 si\u0119 Wojewoda i powiedzia\u0142, w du\u017cym uproszczeniu:<\/p>\n\n\n\n<p class=\"wp-block-paragraph\"><strong>STOP.<\/strong><\/p>\n\n\n\n<p class=\"wp-block-paragraph\">Rada nie ma tutaj czego zatwierdza\u0107.<\/p>\n\n\n\n<p class=\"wp-block-paragraph\">Wojewoda zakwestionowa\u0142 potraktowanie \u015bwiat\u0142owodu jak nieruchomo\u015bci i stwierdzi\u0142 niewa\u017cno\u015b\u0107 ca\u0142ej uchwa\u0142y. Z rozstrzygni\u0119cia wynika, \u017ce gospodarowanie takim sk\u0142adnikiem mienia nale\u017cy do kompetencji W\u00f3jta.<\/p>\n\n\n\n<p class=\"wp-block-paragraph\">Czyli:<\/p>\n\n\n\n<h2 class=\"wp-block-heading\">W\u00f3jt mo\u017ce gospodarowa\u0107 tym maj\u0105tkiem samodzielnie.<\/h2>\n\n\n\n<p class=\"wp-block-paragraph\">No i zacz\u0105\u0142 gospodarowa\u0107.<\/p>\n\n\n\n<h3 class=\"wp-block-heading\">Podej\u015bcie numer 1<\/h3>\n\n\n\n<p class=\"wp-block-paragraph\">18 maja zostaje og\u0142oszony:<\/p>\n\n\n\n<p class=\"wp-block-paragraph\"><strong>PIERWSZY PRZETARG USTNY OGRANICZONY.<\/strong><\/p>\n\n\n\n<p class=\"wp-block-paragraph\">Cena wywo\u0142awcza:<\/p>\n\n\n\n<h2 class=\"wp-block-heading\">1 693 000 z\u0142.<\/h2>\n\n\n\n<p class=\"wp-block-paragraph\">Nie jest to jednak przetarg, do kt\u00f3rego mo\u017ce przyst\u0105pi\u0107 ka\u017cdy zainteresowany zakupem infrastruktury.<\/p>\n\n\n\n<p class=\"wp-block-paragraph\">Warunkiem udzia\u0142u jest m.in. posiadanie <strong>aktualnego wpisu do rejestru przedsi\u0119biorc\u00f3w telekomunikacyjnych<\/strong>.<\/p>\n\n\n\n<p class=\"wp-block-paragraph\">Pierwszy przetarg nie doprowadzi\u0142 do sprzeda\u017cy.<\/p>\n\n\n\n<p class=\"wp-block-paragraph\">Mamy wi\u0119c drugie podej\u015bcie.<\/p>\n\n\n\n<p class=\"wp-block-paragraph\">I tutaj zaczyna robi\u0107 si\u0119 naprawd\u0119 ciekawie.<\/p>\n\n\n\n<h3 class=\"wp-block-heading\">Podej\u015bcie numer 2<\/h3>\n\n\n\n<p class=\"wp-block-paragraph\">11 sierpnia pojawia si\u0119:<\/p>\n\n\n\n<p class=\"wp-block-paragraph\"><strong>DRUGI PRZETARG USTNY OGRANICZONY.<\/strong><\/p>\n\n\n\n<p class=\"wp-block-paragraph\">Cena?<\/p>\n\n\n\n<p class=\"wp-block-paragraph\">Ju\u017c nie <strong>1 693 000 z\u0142<\/strong>.<\/p>\n\n\n\n<p class=\"wp-block-paragraph\">Teraz:<\/p>\n\n\n\n<h2 class=\"wp-block-heading\">1 230 000 z\u0142.<\/h2>\n\n\n\n<p class=\"wp-block-paragraph\">Wyci\u0105gamy kalkulator:<\/p>\n\n\n\n<p class=\"wp-block-paragraph\"><strong>1 693 000 z\u0142 \u2013 1 230 000 z\u0142 = 463 000 z\u0142.<\/strong><\/p>\n\n\n\n<p class=\"wp-block-paragraph\">Czyli pomi\u0119dzy pierwszym a drugim przetargiem cena wywo\u0142awcza gminnego maj\u0105tku spada o:<\/p>\n\n\n\n<h2 class=\"wp-block-heading\">463 000 z\u0142,<\/h2>\n\n\n\n<p class=\"wp-block-paragraph\">czyli o:<\/p>\n\n\n\n<h2 class=\"wp-block-heading\">27,35%.<\/h2>\n\n\n\n<p class=\"wp-block-paragraph\">I teraz zaczynam mie\u0107 pytania.<\/p>\n\n\n\n<p class=\"wp-block-paragraph\">Du\u017co pyta\u0144.<\/p>\n\n\n\n<p class=\"wp-block-paragraph\">Bo kiedy czego\u015b nie uda\u0142o si\u0119 sprzeda\u0107 za 1,693 mln z\u0142, mo\u017cna zrobi\u0107 przynajmniej dwie rzeczy.<\/p>\n\n\n\n<p class=\"wp-block-paragraph\">Mo\u017cna zastanowi\u0107 si\u0119:<\/p>\n\n\n\n<p class=\"wp-block-paragraph\"><strong>\u201eJak zwi\u0119kszy\u0107 liczb\u0119 potencjalnych kupuj\u0105cych?\u201d<\/strong><\/p>\n\n\n\n<p class=\"wp-block-paragraph\">Albo:<\/p>\n\n\n\n<p class=\"wp-block-paragraph\"><strong>\u201eO ile obni\u017camy cen\u0119?\u201d<\/strong><\/p>\n\n\n\n<p class=\"wp-block-paragraph\">W Gminie P\u0142aska zdecydowano si\u0119 na obni\u017cenie ceny.<\/p>\n\n\n\n<p class=\"wp-block-paragraph\">I to nie o 20 czy 50 tysi\u0119cy.<\/p>\n\n\n\n<p class=\"wp-block-paragraph\"><strong>O 463 tysi\u0105ce z\u0142otych.<\/strong><\/p>\n\n\n\n<p class=\"wp-block-paragraph\">Co ciekawe, jednocze\u015bnie nie zrezygnowano z ograniczonego charakteru przetargu.<\/p>\n\n\n\n<p class=\"wp-block-paragraph\">W drugim post\u0119powaniu nadal obowi\u0105zuje wym\u00f3g posiadania aktualnego wpisu do rejestru przedsi\u0119biorc\u00f3w telekomunikacyjnych.<\/p>\n\n\n\n<p class=\"wp-block-paragraph\">I dlatego pierwsze pytanie brzmi:<\/p>\n\n\n\n<h2 class=\"wp-block-heading\">Dlaczego najpierw obni\u017camy cen\u0119 wywo\u0142awcz\u0105 gminnego maj\u0105tku o 463 tys. z\u0142, zamiast najpierw spr\u00f3bowa\u0107 zwi\u0119kszy\u0107 konkurencj\u0119?<\/h2>\n\n\n\n<p class=\"wp-block-paragraph\">By\u0107 mo\u017ce istnieje ku temu bardzo dobre uzasadnienie.<\/p>\n\n\n\n<p class=\"wp-block-paragraph\">Ch\u0119tnie je poznam.<\/p>\n\n\n\n<h3 class=\"wp-block-heading\">A teraz kalkulator po raz drugi.<\/h3>\n\n\n\n<p class=\"wp-block-paragraph\">Podczas dyskusji o sprzeda\u017cy \u015bwiat\u0142owodu W\u00f3jt informowa\u0142, \u017ce utrzymanie tej sieci kosztuje Gmin\u0119 oko\u0142o:<\/p>\n\n\n\n<h2 class=\"wp-block-heading\">6 000 z\u0142 rocznie.<\/h2>\n\n\n\n<p class=\"wp-block-paragraph\">To informacja przekazywana przez W\u00f3jta \u2014 nie pochodzi z dokument\u00f3w przetargowych, kt\u00f3re tutaj pokazuj\u0119.<\/p>\n\n\n\n<p class=\"wp-block-paragraph\">Ale skoro taki argument pada\u0142 przy dyskusji o sprzeda\u017cy, policzmy.<\/p>\n\n\n\n<p class=\"wp-block-paragraph\"><strong>463 000 z\u0142 \u00f7 6 000 z\u0142 = 77,17 roku.<\/strong><\/p>\n\n\n\n<p class=\"wp-block-paragraph\">Czyli kwota, o kt\u00f3r\u0105 pomi\u0119dzy pierwszym a drugim przetargiem obni\u017cono cen\u0119 wywo\u0142awcz\u0105, odpowiada mniej wi\u0119cej:<\/p>\n\n\n\n<h2 class=\"wp-block-heading\">77 LATOM UTRZYMANIA SIECI.<\/h2>\n\n\n\n<p class=\"wp-block-paragraph\">Siedemdziesi\u0119ciu siedmiu.<\/p>\n\n\n\n<p class=\"wp-block-paragraph\">Jeszcze raz:<\/p>\n\n\n\n<p class=\"wp-block-paragraph\"><strong>roczny koszt utrzymania wed\u0142ug informacji W\u00f3jta \u2013 ok. 6 000 z\u0142<\/strong><\/p>\n\n\n\n<p class=\"wp-block-paragraph\"><strong>obni\u017cka ceny wywo\u0142awczej \u2013 463 000 z\u0142<\/strong><\/p>\n\n\n\n<p class=\"wp-block-paragraph\"><strong>r\u00f3wnowarto\u015b\u0107 \u2013 ponad 77 lat utrzymania.<\/strong><\/p>\n\n\n\n<p class=\"wp-block-paragraph\">I dochodzimy do pytania chyba najwa\u017cniejszego.<\/p>\n\n\n\n<h3 class=\"wp-block-heading\">Sk\u0105d w\u0142a\u015bciwie wzi\u0119\u0142o si\u0119 1 230 000 z\u0142?<\/h3>\n\n\n\n<p class=\"wp-block-paragraph\">Dlaczego w\u0142a\u015bnie:<\/p>\n\n\n\n<h2 class=\"wp-block-heading\">1 230 000 z\u0142?<\/h2>\n\n\n\n<p class=\"wp-block-paragraph\">Dlaczego nie 1 500 000?<\/p>\n\n\n\n<p class=\"wp-block-paragraph\">Dlaczego nie 1 400 000?<\/p>\n\n\n\n<p class=\"wp-block-paragraph\">Dlaczego nie 1 300 000?<\/p>\n\n\n\n<p class=\"wp-block-paragraph\">Pierwsza cena wynosi\u0142a <strong>1 693 000 z\u0142<\/strong>.<\/p>\n\n\n\n<p class=\"wp-block-paragraph\">Druga wynosi <strong>1 230 000 z\u0142<\/strong>.<\/p>\n\n\n\n<p class=\"wp-block-paragraph\">R\u00f3\u017cnica to dok\u0142adnie <strong>463 000 z\u0142<\/strong>, czyli po przeliczeniu <strong>27,35% pierwszej ceny wywo\u0142awczej<\/strong>.<\/p>\n\n\n\n<p class=\"wp-block-paragraph\">Oczywi\u015bcie 27,35% jest po prostu matematycznym wynikiem por\u00f3wnania dw\u00f3ch kwot.<\/p>\n\n\n\n<p class=\"wp-block-paragraph\">Ale w\u0142a\u015bnie dlatego chcia\u0142bym wiedzie\u0107:<\/p>\n\n\n\n<p class=\"wp-block-paragraph\"><strong>sk\u0105d wzi\u0119\u0142a si\u0119 druga kwota?<\/strong><\/p>\n\n\n\n<p class=\"wp-block-paragraph\">Czy istnieje dokument zawieraj\u0105cy kalkulacj\u0119 ceny <strong>1 230 000 z\u0142<\/strong>?<\/p>\n\n\n\n<p class=\"wp-block-paragraph\">Czy sporz\u0105dzono now\u0105 wycen\u0119?<\/p>\n\n\n\n<p class=\"wp-block-paragraph\">Czy rzeczoznawca ponownie okre\u015bli\u0142 warto\u015b\u0107 sieci?<\/p>\n\n\n\n<p class=\"wp-block-paragraph\">Czy nadal pos\u0142ugujemy si\u0119 tym samym operatem?<\/p>\n\n\n\n<p class=\"wp-block-paragraph\">Czy zastosowano jak\u0105\u015b okre\u015blon\u0105 metod\u0119 obni\u017cenia ceny?<\/p>\n\n\n\n<p class=\"wp-block-paragraph\">Czy przeprowadzono analiz\u0119 rynku?<\/p>\n\n\n\n<p class=\"wp-block-paragraph\"><strong>Kto zaproponowa\u0142 akurat 1 230 000 z\u0142 i na podstawie czego?<\/strong><\/p>\n\n\n\n<h3 class=\"wp-block-heading\">A teraz pobawmy si\u0119 wy\u0142\u0105cznie w pytania.<\/h3>\n\n\n\n<p class=\"wp-block-paragraph\">Czy przed og\u0142oszeniem drugiego przetargu Gmina prowadzi\u0142a rozmowy z potencjalnymi nabywcami?<\/p>\n\n\n\n<p class=\"wp-block-paragraph\">Je\u017celi tak \u2014 z iloma?<\/p>\n\n\n\n<p class=\"wp-block-paragraph\">Czy kt\u00f3rykolwiek potencjalny nabywca sygnalizowa\u0142 Gminie, <strong>ile by\u0142by got\u00f3w zap\u0142aci\u0107 za sie\u0107?<\/strong><\/p>\n\n\n\n<p class=\"wp-block-paragraph\">Czy wp\u0142yn\u0119\u0142a jakakolwiek oferta, propozycja, pismo lub deklaracja dotycz\u0105ca ceny?<\/p>\n\n\n\n<p class=\"wp-block-paragraph\">Czy odbywa\u0142y si\u0119 spotkania dotycz\u0105ce ewentualnego zakupu sieci?<\/p>\n\n\n\n<p class=\"wp-block-paragraph\">Je\u017celi tak \u2014 z kim?<\/p>\n\n\n\n<p class=\"wp-block-paragraph\">Czy podczas takich rozm\u00f3w pada\u0142y konkretne kwoty?<\/p>\n\n\n\n<p class=\"wp-block-paragraph\">Czy <strong>1 230 000 z\u0142<\/strong> pojawi\u0142o si\u0119 w jakiejkolwiek rozmowie, korespondencji lub propozycji przed og\u0142oszeniem drugiego przetargu?<\/p>\n\n\n\n<p class=\"wp-block-paragraph\">A mo\u017ce odpowied\u017a jest banalnie prosta i kwota wynika z dokumentu, kt\u00f3rego jeszcze nie widzieli\u015bmy?<\/p>\n\n\n\n<p class=\"wp-block-paragraph\"><strong>To poka\u017cmy ten dokument.<\/strong><\/p>\n\n\n\n<p class=\"wp-block-paragraph\">I temat b\u0119dzie prosty.<\/p>\n\n\n\n<h3 class=\"wp-block-heading\">Jest jeszcze jeden czysto hipotetyczny scenariusz, kt\u00f3ry warto wykluczy\u0107. Scenariusz ksi\u0105\u017ckowy, ale w polskiej rzeczywisto\u015bci niejednokrotnie widywany. I \u017ceby by\u0142o jasne wszelkie podobie\u0144stwo os\u00f3b lub zdarze\u0144 jest ca\u0142kowicie przypadkowe.<\/h3>\n\n\n\n<p class=\"wp-block-paragraph\">Postawmy si\u0119 na chwil\u0119 nie w roli Gminy, ale potencjalnego kupuj\u0105cego.<\/p>\n\n\n\n<p class=\"wp-block-paragraph\">Co zrobi\u0142by rozs\u0105dny przedsi\u0119biorca, gdyby <strong>z g\u00f3ry wiedzia\u0142<\/strong>, \u017ce pierwszy przetarg nie musi by\u0107 jego ostatni\u0105 szans\u0105, a przy drugim podej\u015bciu cena mo\u017ce zosta\u0107 znacz\u0105co obni\u017cona?<\/p>\n\n\n\n<p class=\"wp-block-paragraph\">Powiedzmy tutaj jedynego potencjalnego kupuj\u0105cego z r\u00f3\u017cnych wzgl\u0119d\u00f3w ekonomicznych oraz ogranicze\u0144 narzuconych w przetargu przez W\u00f3jta.<\/p>\n\n\n\n<p class=\"wp-block-paragraph\">Czy mia\u0142by interes, \u017ceby kupowa\u0107 za <strong>1 693 000 z\u0142<\/strong>?<\/p>\n\n\n\n<p class=\"wp-block-paragraph\">Czy mo\u017ce bardziej op\u0142aca\u0142oby mu si\u0119 poczeka\u0107 na II przetarg z kwota o 27,35% ni\u017csz\u0105?<\/p>\n\n\n\n<p class=\"wp-block-paragraph\">A gdyby dodatkowo zak\u0142ada\u0142, \u017ce ze wzgl\u0119du na ograniczony charakter przetargu <strong>rzeczywista konkurencja b\u0119dzie niewielka<\/strong>? Powiedzmy uczciwie, zadna.<\/p>\n\n\n\n<p class=\"wp-block-paragraph\">Czy tym bardziej nie op\u0142aca\u0142oby si\u0119 odpu\u015bci\u0107 pierwszego podej\u015bcia i poczeka\u0107 na drugie?<\/p>\n\n\n\n<p class=\"wp-block-paragraph\">A gdyby taki potencjalny nabywca wiedzia\u0142 jeszcze wcze\u015bniej, <strong>do jakiego poziomu mo\u017ce spa\u015b\u0107 cena?<\/strong><\/p>\n\n\n\n<p class=\"wp-block-paragraph\">No c\u00f3\u017c.<\/p>\n\n\n\n<p class=\"wp-block-paragraph\">Z punktu widzenia kupuj\u0105cego sytuacja robi\u0142aby si\u0119 bardzo komfortowa.<\/p>\n\n\n\n<p class=\"wp-block-paragraph\">Dlatego pytam:<\/p>\n\n\n\n<p class=\"wp-block-paragraph\"><strong>Czy przed pierwszym albo drugim przetargiem ktokolwiek rozmawia\u0142 z obecnym operatorem sieci o mo\u017cliwo\u015bci jej sprzeda\u017cy?<\/strong><\/p>\n\n\n\n<p class=\"wp-block-paragraph\">Czy podczas takich rozm\u00f3w pada\u0142a informacja, \u017ce w przypadku niepowodzenia pierwszego przetargu cena zostanie obni\u017cona?<\/p>\n\n\n\n<p class=\"wp-block-paragraph\">Czy pada\u0142y konkretne kwoty?<\/p>\n\n\n\n<p class=\"wp-block-paragraph\">Czy przed publikacj\u0105 drugiego og\u0142oszenia potencjalny nabywca m\u00f3g\u0142 wiedzie\u0107, \u017ce cena wyniesie <strong>1 230 000 z\u0142<\/strong>?<\/p>\n\n\n\n<p class=\"wp-block-paragraph\">I pytanie w drug\u0105 stron\u0119:<\/p>\n\n\n\n<p class=\"wp-block-paragraph\"><strong>Czy Gmina wiedzia\u0142a, jak\u0105 cen\u0119 potencjalny nabywca by\u0142by got\u00f3w zaakceptowa\u0107?<\/strong><\/p>\n\n\n\n<p class=\"wp-block-paragraph\">Nie odpowiadam na te pytania.<\/p>\n\n\n\n<p class=\"wp-block-paragraph\"><strong>Pytam.<\/strong><\/p>\n\n\n\n<p class=\"wp-block-paragraph\">Bo w\u0142a\u015bnie transparentno\u015b\u0107 sprzeda\u017cy publicznego maj\u0105tku powinna powodowa\u0107, \u017ce podobne w\u0105tpliwo\u015bci mo\u017cna bardzo \u0142atwo wyja\u015bni\u0107 dokumentami.<\/p>\n\n\n\n<h3 class=\"wp-block-heading\">A teraz jeszcze jeden element uk\u0142adanki.<\/h3>\n\n\n\n<p class=\"wp-block-paragraph\">Z informacji, kt\u00f3re posiadam, wynika, \u017ce obecnie us\u0142ugi dost\u0119pu do Internetu dla mieszka\u0144c\u00f3w za po\u015brednictwem tej gminnej infrastruktury \u015bwiadczy <strong>jeden operator<\/strong>.<\/p>\n\n\n\n<p class=\"wp-block-paragraph\">Je\u017celi ta informacja jest aktualna, pytania robi\u0105 si\u0119 jeszcze ciekawsze.<\/p>\n\n\n\n<p class=\"wp-block-paragraph\">Czy ten operator zamierza wystartowa\u0107 w przetargu?<\/p>\n\n\n\n<p class=\"wp-block-paragraph\">Czy wp\u0142aci wadium?<\/p>\n\n\n\n<p class=\"wp-block-paragraph\">Czy prowadzi\u0142 wcze\u015bniej rozmowy z Gmin\u0105 dotycz\u0105ce zakupu sieci?<\/p>\n\n\n\n<p class=\"wp-block-paragraph\">Czy rozmawia\u0142 z W\u00f3jtem lub pracownikami Urz\u0119du?<\/p>\n\n\n\n<p class=\"wp-block-paragraph\">Czy rozmawiano o cenie?<\/p>\n\n\n\n<p class=\"wp-block-paragraph\">Czy poza obecnym operatorem kto\u015b jeszcze jest zainteresowany zakupem?<\/p>\n\n\n\n<p class=\"wp-block-paragraph\">I przede wszystkim:<\/p>\n\n\n\n<h2 class=\"wp-block-heading\">Ilu uczestnik\u00f3w wp\u0142aci wadium?<\/h2>\n\n\n\n<p class=\"wp-block-paragraph\">Jeden?<\/p>\n\n\n\n<p class=\"wp-block-paragraph\">Bo w\u0142a\u015bnie to poka\u017ce nam, jak szeroka jest <strong>rzeczywista konkurencja<\/strong>.<\/p>\n\n\n\n<h3 class=\"wp-block-heading\">25 sierpnia b\u0119dzie ciekawie, ale ju\u017c 21 sierpnia b\u0119dzie wiadomo czy kto\u015b wp\u0142aci\u0142 wadium. Je\u017celi tak to sprzedali\u015bmy sie\u0107 za 1 230 000 z\u0142<\/h3>\n\n\n\n<p class=\"wp-block-paragraph\">Drugi przetarg ma odby\u0107 si\u0119 <strong>25 sierpnia o godz. 13.00 w pokoju nr 3 Urz\u0119du Gminy P\u0142aska<\/strong>.<\/p>\n\n\n\n<p class=\"wp-block-paragraph\">I przypomn\u0119 jeszcze raz:<\/p>\n\n\n\n<p class=\"wp-block-paragraph\">przetarg mo\u017ce by\u0107 wa\u017cny nawet wtedy, gdy pojawi si\u0119 <strong>tylko jeden uczestnik<\/strong>, je\u017celi zaoferuje co najmniej jedno wymagane post\u0105pienie.<\/p>\n\n\n\n<p class=\"wp-block-paragraph\"><\/p>\n\n\n\n<p class=\"wp-block-paragraph\">Ale nie uprzedzajmy wydarze\u0144. \ud83d\ude09<\/p>\n\n\n\n<p class=\"wp-block-paragraph\">Poczekajmy do 25 sierpnia.<\/p>\n\n\n\n<h3 class=\"wp-block-heading\">\u017beby\u015bmy si\u0119 dobrze zrozumieli.<\/h3>\n\n\n\n<p class=\"wp-block-paragraph\">Nie twierdz\u0119, \u017ce ktokolwiek si\u0119 z kimkolwiek dogada\u0142.<\/p>\n\n\n\n<p class=\"wp-block-paragraph\"><strong>Nie mam na to \u017cadnego dowodu.<\/strong><\/p>\n\n\n\n<p class=\"wp-block-paragraph\">Nie twierdz\u0119, \u017ce przetarg jest ustawiony.<\/p>\n\n\n\n<p class=\"wp-block-paragraph\">Nie twierdz\u0119 r\u00f3wnie\u017c, \u017ce cena <strong>1 230 000 z\u0142<\/strong> jest za niska.<\/p>\n\n\n\n<p class=\"wp-block-paragraph\">Mam natomiast prawo pyta\u0107.<\/p>\n\n\n\n<p class=\"wp-block-paragraph\">I mieszka\u0144cy maj\u0105 prawo wiedzie\u0107, <strong>wed\u0142ug jakich zasad sprzedawany jest maj\u0105tek nale\u017c\u0105cy do ich gminy i dlaczego jego cena wywo\u0142awcza pomi\u0119dzy pierwszym a drugim przetargiem spad\u0142a o prawie p\u00f3\u0142 miliona z\u0142otych.<\/strong><\/p>\n\n\n\n<p class=\"wp-block-paragraph\">Sp\u00f3jrzmy jeszcze raz na sam ci\u0105g zdarze\u0144:<\/p>\n\n\n\n<p class=\"wp-block-paragraph\"><strong>1 693 000 z\u0142<\/strong><\/p>\n\n\n\n<p class=\"wp-block-paragraph\">\u2193<\/p>\n\n\n\n<p class=\"wp-block-paragraph\"><strong>pierwszy przetarg nie doprowadza do sprzeda\u017cy<\/strong><\/p>\n\n\n\n<p class=\"wp-block-paragraph\">\u2193<\/p>\n\n\n\n<p class=\"wp-block-paragraph\"><strong>przetarg nadal pozostaje ograniczony<\/strong><\/p>\n\n\n\n<p class=\"wp-block-paragraph\">\u2193<\/p>\n\n\n\n<p class=\"wp-block-paragraph\"><strong>1 230 000 z\u0142<\/strong><\/p>\n\n\n\n<p class=\"wp-block-paragraph\">\u2193<\/p>\n\n\n\n<p class=\"wp-block-paragraph\"><strong>463 000 z\u0142 mniej<\/strong><\/p>\n\n\n\n<p class=\"wp-block-paragraph\">\u2193<\/p>\n\n\n\n<p class=\"wp-block-paragraph\"><strong>27,35% obni\u017cki<\/strong><\/p>\n\n\n\n<p class=\"wp-block-paragraph\">\u2193<\/p>\n\n\n\n<p class=\"wp-block-paragraph\"><strong>r\u00f3wnowarto\u015b\u0107 ponad 77 lat utrzymania sieci wed\u0142ug kwoty podawanej przez W\u00f3jta.<\/strong><\/p>\n\n\n\n<p class=\"wp-block-paragraph\">I naprawd\u0119 trudno si\u0119 dziwi\u0107, \u017ce mieszkaniec zaczyna zadawa\u0107 pytania.<\/p>\n\n\n\n<p class=\"wp-block-paragraph\">Dlatego poprosz\u0119 Urz\u0105d o:<\/p>\n\n\n\n<p class=\"wp-block-paragraph\">\u2013 operat szacunkowy,<\/p>\n\n\n\n<p class=\"wp-block-paragraph\">\u2013 protok\u00f3\u0142 z pierwszego przetargu,<\/p>\n\n\n\n<p class=\"wp-block-paragraph\">\u2013 dokument b\u0119d\u0105cy podstaw\u0105 ustalenia ceny drugiego przetargu na <strong>1 230 000 z\u0142<\/strong>,<\/p>\n\n\n\n<p class=\"wp-block-paragraph\">\u2013 dokument okre\u015blaj\u0105cy zasady i tryb sprzeda\u017cy tego rodzaju mienia Gminy P\u0142aska,<\/p>\n\n\n\n<p class=\"wp-block-paragraph\">\u2013 podstaw\u0119 zastosowania <strong>przetargu ustnego ograniczonego<\/strong>,<\/p>\n\n\n\n<p class=\"wp-block-paragraph\">\u2013 uzasadnienie ograniczenia udzia\u0142u do przedsi\u0119biorc\u00f3w telekomunikacyjnych,<\/p>\n\n\n\n<p class=\"wp-block-paragraph\">\u2013 informacj\u0119, czy przed pierwszym lub drugim przetargiem prowadzono z potencjalnymi nabywcami rozmowy dotycz\u0105ce sprzeda\u017cy sieci,<\/p>\n\n\n\n<p class=\"wp-block-paragraph\">\u2013 oraz informacj\u0119, czy w takich rozmowach poruszano kwesti\u0119 ceny lub mo\u017cliwo\u015bci jej obni\u017cenia.<\/p>\n\n\n\n<p class=\"wp-block-paragraph\">A p\u00f3\u017aniej spokojnie to przeczytamy.<\/p>\n\n\n\n<p class=\"wp-block-paragraph\">Bo Wojewoda powiedzia\u0142 jedn\u0105 bardzo wa\u017cn\u0105 rzecz:<\/p>\n\n\n\n<h2 class=\"wp-block-heading\">W\u00f3jt mo\u017ce gospodarowa\u0107 tym maj\u0105tkiem samodzielnie.<\/h2>\n\n\n\n<p class=\"wp-block-paragraph\">Zgoda.<\/p>\n\n\n\n<p class=\"wp-block-paragraph\">Ale:<\/p>\n\n\n\n<h2 class=\"wp-block-heading\">\u201esamodzielnie\u201d nie znaczy \u201ebez pyta\u0144\u201d.<\/h2>\n\n\n\n<h2 class=\"wp-block-heading\">I nieznaczy, \u017ce niezgodnie z art 50 u.s.g.<\/h2>\n\n\n\n<p class=\"wp-block-paragraph\"><\/p>\n\n\n\n<p class=\"wp-block-paragraph\">Zw\u0142aszcza kiedy pomi\u0119dzy pierwszym a drugim podej\u015bciem cena wywo\u0142awcza spada o:<\/p>\n\n\n\n<h2 class=\"wp-block-heading\">463 000 z\u0142.<\/h2>\n\n\n\n<p class=\"wp-block-paragraph\">A je\u017celi rzeczywi\u015bcie utrzymanie \u015bwiat\u0142owodu kosztuje nas oko\u0142o <strong>6 tys. z\u0142 rocznie<\/strong>, zamiast pyta\u0107 wy\u0142\u0105cznie:<\/p>\n\n\n\n<p class=\"wp-block-paragraph\"><strong>\u201eIle kosztuje nas utrzymanie \u015bwiat\u0142owodu?\u201d<\/strong><\/p>\n\n\n\n<p class=\"wp-block-paragraph\">zada\u0142bym inne pytanie:<\/p>\n\n\n\n<h1 class=\"wp-block-heading\">\u201eIle mo\u017ce nas kosztowa\u0107 po\u015bpiech, \u017ceby si\u0119 go pozby\u0107?\u201d<\/h1>\n\n\n\n<h3 class=\"wp-block-heading\">I na koniec \u2013 Rada Gminy.<\/h3>\n\n\n\n<p class=\"wp-block-paragraph\">W tej historii jest jeszcze jeden test.<\/p>\n\n\n\n<p class=\"wp-block-paragraph\"><strong>Test rzeczywistej niezale\u017cno\u015bci Rady Gminy od W\u00f3jta.<\/strong><\/p>\n\n\n\n<p class=\"wp-block-paragraph\">Nie oczekuj\u0119 od radnych awantury.<\/p>\n\n\n\n<p class=\"wp-block-paragraph\">Nie oczekuj\u0119 oskar\u017ce\u0144.<\/p>\n\n\n\n<p class=\"wp-block-paragraph\">Nie oczekuj\u0119 r\u00f3wnie\u017c, \u017ceby przed przetargiem przes\u0105dzali, \u017ce ktokolwiek zrobi\u0142 co\u015b niew\u0142a\u015bciwego. Tym bardziej, \u017ce jestem przekonany, \u017ce Katarzyna Tomczyk o wszystkim wie i bierze w tym udzia\u0142.<\/p>\n\n\n\n<p class=\"wp-block-paragraph\">Oczekuj\u0119 czego\u015b znacznie prostszego.<\/p>\n\n\n\n<p class=\"wp-block-paragraph\">Na najbli\u017cszej sesji powinni zada\u0107 W\u00f3jtowi <strong>konkretne pytania<\/strong>.<\/p>\n\n\n\n<p class=\"wp-block-paragraph\">Sk\u0105d <strong>1 230 000 z\u0142<\/strong>?<\/p>\n\n\n\n<p class=\"wp-block-paragraph\">Dlaczego <strong>463 000 z\u0142 obni\u017cki<\/strong>?<\/p>\n\n\n\n<p class=\"wp-block-paragraph\">Dlaczego po pierwszym nieudanym przetargu nadal <strong>przetarg ograniczony<\/strong>?<\/p>\n\n\n\n<p class=\"wp-block-paragraph\">Czy by\u0142y rozmowy z potencjalnymi nabywcami?<\/p>\n\n\n\n<p class=\"wp-block-paragraph\">Czy rozmawiano o cenie?<\/p>\n\n\n\n<p class=\"wp-block-paragraph\">I ilu ostatecznie by\u0142o uczestnik\u00f3w przetargu?<\/p>\n\n\n\n<p class=\"wp-block-paragraph\">A p\u00f3\u017aniej powinni zrobi\u0107 jeszcze jedn\u0105 rzecz:<\/p>\n\n\n\n<p class=\"wp-block-paragraph\"><strong>nie zgodzi\u0107 si\u0119 na odpowiedzi wymijaj\u0105ce.<\/strong><\/p>\n\n\n\n<p class=\"wp-block-paragraph\">Bo niezale\u017cno\u015b\u0107 Rady Gminy od W\u00f3jta nie polega na tym, \u017ce raz na cztery lata na ulotce wyborczej napisze si\u0119 s\u0142owo <strong>\u201eniezale\u017cny\u201d.<\/strong><\/p>\n\n\n\n<p class=\"wp-block-paragraph\">Niezale\u017cno\u015b\u0107 pokazuje si\u0119 w\u0142a\u015bnie w takich momentach.<\/p>\n\n\n\n<p class=\"wp-block-paragraph\">Kiedy na stole le\u017cy maj\u0105tek gminy wart ponad milion z\u0142otych, cena wywo\u0142awcza spada o <strong>463 tysi\u0105ce<\/strong>, a mieszka\u0144cy pytaj\u0105:<\/p>\n\n\n\n<p class=\"wp-block-paragraph\"><strong>dlaczego?<\/strong><\/p>\n\n\n\n<p class=\"wp-block-paragraph\">Wtedy radny ma dwie mo\u017cliwo\u015bci.<\/p>\n\n\n\n<p class=\"wp-block-paragraph\">Mo\u017ce przyj\u0105\u0107 pierwsz\u0105 og\u00f3ln\u0105 odpowied\u017a, pokiwa\u0107 g\u0142ow\u0105 i przej\u015b\u0107 do nast\u0119pnego punktu porz\u0105dku obrad.<\/p>\n\n\n\n<p class=\"wp-block-paragraph\">Albo mo\u017ce powiedzie\u0107:<\/p>\n\n\n\n<p class=\"wp-block-paragraph\"><strong>\u201ePanie W\u00f3jcie, nie o to pyta\u0142em. Prosz\u0119 odpowiedzie\u0107 konkretnie.\u201d<\/strong><\/p>\n\n\n\n<p class=\"wp-block-paragraph\">I w\u0142a\u015bnie po tym poznamy, <strong>czy mamy Rad\u0119 Gminy kontroluj\u0105c\u0105 W\u00f3jta, czy Rad\u0119 Gminy, kt\u00f3ra jedynie przyjmuje jego wyja\u015bnienia do wiadomo\u015bci.<\/strong><\/p>\n\n\n\n<p class=\"wp-block-paragraph\">Ja odpowiedzi nie b\u0119d\u0119 dzi\u015b podpowiada\u0142.<\/p>\n\n\n\n<p class=\"wp-block-paragraph\">Niech ka\u017cdy patrzy na liczby, dokumenty i odpowie sobie sam.<\/p>\n\n\n\n<p class=\"wp-block-paragraph\"><strong>A po najbli\u017cszej sesji zobaczymy r\u00f3wnie\u017c, jakiej odpowiedzi udzielili nam radni.<\/strong><\/p>\n\n\n\n<p class=\"wp-block-paragraph\"><\/p>\n","protected":false},"excerpt":{"rendered":"<p>No i mamy kolejny ciekawy odcinek z cyklu: \u201eJak gospodarujemy maj\u0105tkiem Gminy P\u0142aska?\u201d Tym razem nie rozmawiamy o kilku czy kilkunastu tysi\u0105cach z\u0142otych. Rozmawiamy o: 463 000 z\u0142. Ale zacznijmy od pocz\u0105tku, bo historia jest naprawd\u0119 ciekawa. W styczniu Rada Gminy P\u0142aska postanowi\u0142a wyrazi\u0107 zgod\u0119 na sprzeda\u017c gminnej sieci \u015bwiat\u0142owodowej. W uchwale zapisano nawet, \u017ce [&hellip;]<\/p>\n","protected":false},"author":1,"featured_media":0,"comment_status":"open","ping_status":"open","sticky":false,"template":"","format":"standard","meta":{"_coblocks_attr":"","_coblocks_dimensions":"","_coblocks_responsive_height":"","_coblocks_accordion_ie_support":"","hide_page_title":"","footnotes":""},"categories":[1],"tags":[],"class_list":["post-2008","post","type-post","status-publish","format-standard","hentry","category-uncategorized"],"_links":{"self":[{"href":"https:\/\/plaska.info\/index.php?rest_route=\/wp\/v2\/posts\/2008","targetHints":{"allow":["GET"]}}],"collection":[{"href":"https:\/\/plaska.info\/index.php?rest_route=\/wp\/v2\/posts"}],"about":[{"href":"https:\/\/plaska.info\/index.php?rest_route=\/wp\/v2\/types\/post"}],"author":[{"embeddable":true,"href":"https:\/\/plaska.info\/index.php?rest_route=\/wp\/v2\/users\/1"}],"replies":[{"embeddable":true,"href":"https:\/\/plaska.info\/index.php?rest_route=%2Fwp%2Fv2%2Fcomments&post=2008"}],"version-history":[{"count":3,"href":"https:\/\/plaska.info\/index.php?rest_route=\/wp\/v2\/posts\/2008\/revisions"}],"predecessor-version":[{"id":2014,"href":"https:\/\/plaska.info\/index.php?rest_route=\/wp\/v2\/posts\/2008\/revisions\/2014"}],"wp:attachment":[{"href":"https:\/\/plaska.info\/index.php?rest_route=%2Fwp%2Fv2%2Fmedia&parent=2008"}],"wp:term":[{"taxonomy":"category","embeddable":true,"href":"https:\/\/plaska.info\/index.php?rest_route=%2Fwp%2Fv2%2Fcategories&post=2008"},{"taxonomy":"post_tag","embeddable":true,"href":"https:\/\/plaska.info\/index.php?rest_route=%2Fwp%2Fv2%2Ftags&post=2008"}],"curies":[{"name":"wp","href":"https:\/\/api.w.org\/{rel}","templated":true}]}}