{"id":2001,"date":"2026-08-20T12:12:00","date_gmt":"2026-08-20T11:12:00","guid":{"rendered":"https:\/\/plaska.info\/?p=2001"},"modified":"2026-08-20T15:22:34","modified_gmt":"2026-08-20T14:22:34","slug":"obchody-81-rocznicy-oblawy-augustowskiej","status":"publish","type":"post","link":"https:\/\/plaska.info\/?p=2001","title":{"rendered":"Obchody 81 rocznicy Ob\u0142awy Augustowskiej"},"content":{"rendered":"\n<p class=\"wp-block-paragraph\">Mam pro\u015bb\u0119,<\/p>\n\n\n\n<p class=\"wp-block-paragraph\">Chcia\u0142bym, \u017ceby W\u00f3jt Gminy P\u0142aska Micha\u0142 Skubis oraz Przewodnicz\u0105ca Rady Gminy Katarzyna Tomczyk zacz\u0119li zwraca\u0107 wi\u0119ksz\u0105 uwag\u0119 na to, <strong>jak reprezentuj\u0105 Nasz\u0105 gmin\u0119<\/strong>.<\/p>\n\n\n\n<p class=\"wp-block-paragraph\">Przed chwil\u0105 ogl\u0105da\u0142em zdj\u0119cia z obchod\u00f3w 81. rocznicy Ob\u0142awy Augustowskiej.<\/p>\n\n\n\n<p class=\"wp-block-paragraph\"><a href=\"https:\/\/giby.pl\/obchody-75-rocznicy-oblawy-augustowskiej\/\">Obchody Rocznicy Ob\u0142awy Augustowskiej \u2013 Gmina Giby<\/a><\/p>\n\n\n\n<p class=\"wp-block-paragraph\">Dla tej ziemi i ludzi, kt\u00f3rzy tutaj \u017cyj\u0105 \u2014 a szczeg\u00f3lnie dla tych, kt\u00f3rzy pami\u0119taj\u0105 historie swoich rodzin \u2014 nie jest to kolejna impreza w kalendarzu.<\/p>\n\n\n\n<p class=\"wp-block-paragraph\"><strong>To pami\u0119\u0107, kt\u00f3ra nadal \u015bciska za serce.<\/strong><\/p>\n\n\n\n<p class=\"wp-block-paragraph\">Sp\u00f3jrzcie na delegacje widoczne na zdj\u0119ciach. Przedstawiciele instytucji, samorz\u0105d\u00f3w i organizacji ubrani s\u0105 stosownie do charakteru uroczysto\u015bci. Garnitury, mundury, stroje oficjalne.<\/p>\n\n\n\n<p class=\"wp-block-paragraph\">Nie dlatego, \u017ce by\u0142o im w nich wygodniej w letni dzie\u0144.<\/p>\n\n\n\n<p class=\"wp-block-paragraph\"><strong>Dlatego, \u017ce strojem r\u00f3wnie\u017c okazuje si\u0119 szacunek.<\/strong><\/p>\n\n\n\n<p class=\"wp-block-paragraph\">A teraz sp\u00f3jrzcie na reprezentacj\u0119 naszej gminy.<\/p>\n\n\n\n<figure class=\"wp-block-image size-full\"><img loading=\"lazy\" decoding=\"async\" width=\"945\" height=\"630\" src=\"https:\/\/plaska.info\/wp-content\/uploads\/2026\/08\/image-7.png\" alt=\"\" class=\"wp-image-2004\" srcset=\"https:\/\/plaska.info\/wp-content\/uploads\/2026\/08\/image-7.png 945w, https:\/\/plaska.info\/wp-content\/uploads\/2026\/08\/image-7-300x200.png 300w, https:\/\/plaska.info\/wp-content\/uploads\/2026\/08\/image-7-768x512.png 768w\" sizes=\"auto, (max-width: 945px) 100vw, 945px\" \/><\/figure>\n\n\n\n<p class=\"wp-block-paragraph\">Spodnie boj\u00f3wki, koszulka polo, okulary zawieszone pod szyj\u0105.<\/p>\n\n\n\n<p class=\"wp-block-paragraph\">Na innym zdj\u0119ciu przemkn\u0119\u0142y mi chyba r\u00f3wnie\u017c adidasy.<\/p>\n\n\n\n<p class=\"wp-block-paragraph\">I naprawd\u0119 nie chodzi o to, czy kto\u015b lubi garnitury.<\/p>\n\n\n\n<p class=\"wp-block-paragraph\">Prywatnie ka\u017cdy mo\u017ce chodzi\u0107 ubrany, jak chce. Sam r\u00f3wnie\u017c nie sp\u0119dzam \u017cycia pod krawatem.<\/p>\n\n\n\n<p class=\"wp-block-paragraph\">Ale kiedy jedzie si\u0119 jako <strong>oficjalny przedstawiciel Gminy P\u0142aska<\/strong> na uroczysto\u015b\u0107 po\u015bwi\u0119con\u0105 ludziom zamordowanym i zaginionym w Ob\u0142awie Augustowskiej, przez t\u0119 godzin\u0119 nie reprezentuje si\u0119 siebie.<\/p>\n\n\n\n<p class=\"wp-block-paragraph\"><strong>Reprezentuje nas wszystkich.<\/strong><\/p>\n\n\n\n<p class=\"wp-block-paragraph\">I wtedy str\u00f3j nie jest kwesti\u0105 mody.<\/p>\n\n\n\n<p class=\"wp-block-paragraph\">Jest elementem ceremonia\u0142u i okazaniem szacunku ludziom, przed kt\u00f3rych pomnikiem sk\u0142adamy kwiaty.<\/p>\n\n\n\n<p class=\"wp-block-paragraph\">Pozosta\u0142e delegacje swoim wygl\u0105dem m\u00f3wi\u0105:<\/p>\n\n\n\n<p class=\"wp-block-paragraph\"><strong>\u201ePami\u0119tamy. Przyjechali\u015bmy odda\u0107 Wam ho\u0142d.\u201d<\/strong><\/p>\n\n\n\n<p class=\"wp-block-paragraph\">Chcia\u0142bym, \u017ceby reprezentanci mojej gminy wysy\u0142ali dok\u0142adnie taki sam komunikat.<\/p>\n\n\n\n<p class=\"wp-block-paragraph\">Mo\u017cna \u017ale zrobi\u0107 plakat. Mo\u017cna nieudolnie promowa\u0107 imprez\u0119. Mo\u017cna nawet zrobi\u0107 gminie kiepski PR. Ludzie o tym zapomn\u0105.<\/p>\n\n\n\n<p class=\"wp-block-paragraph\">Ale s\u0105 wydarzenia, przy kt\u00f3rych naprawd\u0119 wypada wiedzie\u0107, <strong>gdzie si\u0119 przyjecha\u0142o i kogo przyjecha\u0142o si\u0119 uczci\u0107.<\/strong><\/p>\n\n\n\n<p class=\"wp-block-paragraph\"><strong>Ob\u0142awa Augustowska jest jednym z nich.<\/strong><\/p>\n","protected":false},"excerpt":{"rendered":"<p>Mam pro\u015bb\u0119, Chcia\u0142bym, \u017ceby W\u00f3jt Gminy P\u0142aska Micha\u0142 Skubis oraz Przewodnicz\u0105ca Rady Gminy Katarzyna Tomczyk zacz\u0119li zwraca\u0107 wi\u0119ksz\u0105 uwag\u0119 na to, jak reprezentuj\u0105 Nasz\u0105 gmin\u0119. Przed chwil\u0105 ogl\u0105da\u0142em zdj\u0119cia z obchod\u00f3w 81. rocznicy Ob\u0142awy Augustowskiej. Obchody Rocznicy Ob\u0142awy Augustowskiej \u2013 Gmina Giby Dla tej ziemi i ludzi, kt\u00f3rzy tutaj \u017cyj\u0105 \u2014 a szczeg\u00f3lnie dla tych, [&hellip;]<\/p>\n","protected":false},"author":1,"featured_media":0,"comment_status":"open","ping_status":"open","sticky":false,"template":"","format":"standard","meta":{"_coblocks_attr":"","_coblocks_dimensions":"","_coblocks_responsive_height":"","_coblocks_accordion_ie_support":"","hide_page_title":"","footnotes":""},"categories":[1],"tags":[],"class_list":["post-2001","post","type-post","status-publish","format-standard","hentry","category-uncategorized"],"_links":{"self":[{"href":"https:\/\/plaska.info\/index.php?rest_route=\/wp\/v2\/posts\/2001","targetHints":{"allow":["GET"]}}],"collection":[{"href":"https:\/\/plaska.info\/index.php?rest_route=\/wp\/v2\/posts"}],"about":[{"href":"https:\/\/plaska.info\/index.php?rest_route=\/wp\/v2\/types\/post"}],"author":[{"embeddable":true,"href":"https:\/\/plaska.info\/index.php?rest_route=\/wp\/v2\/users\/1"}],"replies":[{"embeddable":true,"href":"https:\/\/plaska.info\/index.php?rest_route=%2Fwp%2Fv2%2Fcomments&post=2001"}],"version-history":[{"count":2,"href":"https:\/\/plaska.info\/index.php?rest_route=\/wp\/v2\/posts\/2001\/revisions"}],"predecessor-version":[{"id":2005,"href":"https:\/\/plaska.info\/index.php?rest_route=\/wp\/v2\/posts\/2001\/revisions\/2005"}],"wp:attachment":[{"href":"https:\/\/plaska.info\/index.php?rest_route=%2Fwp%2Fv2%2Fmedia&parent=2001"}],"wp:term":[{"taxonomy":"category","embeddable":true,"href":"https:\/\/plaska.info\/index.php?rest_route=%2Fwp%2Fv2%2Fcategories&post=2001"},{"taxonomy":"post_tag","embeddable":true,"href":"https:\/\/plaska.info\/index.php?rest_route=%2Fwp%2Fv2%2Ftags&post=2001"}],"curies":[{"name":"wp","href":"https:\/\/api.w.org\/{rel}","templated":true}]}}