{"id":1943,"date":"2026-08-19T22:40:51","date_gmt":"2026-08-19T21:40:51","guid":{"rendered":"https:\/\/plaska.info\/?p=1943"},"modified":"2026-08-19T22:40:52","modified_gmt":"2026-08-19T21:40:52","slug":"krotka-polemika-z-dyrektorem-gok","status":"publish","type":"post","link":"https:\/\/plaska.info\/?p=1943","title":{"rendered":"Kr\u00f3tka polemika z dyrektorem GOK"},"content":{"rendered":"\n<p class=\"wp-block-paragraph\">Panie Dyrektorze,<\/p>\n\n\n\n<p class=\"wp-block-paragraph\">dzi\u0119kuj\u0119 za obszerny komentarz z dodatkowymi informacjami &#8211; publikuj\u0119 go na dole oraz jest widoczny jako komentarz do poprzedniego postu. <\/p>\n\n\n\n<p class=\"wp-block-paragraph\">I w\u0142a\u015bnie o tak\u0105 rozmow\u0119 mi chodzi, bo pojawi\u0142o si\u0119 w niej kilka konkret\u00f3w, do kt\u00f3rych warto si\u0119 odnie\u015b\u0107.<\/p>\n\n\n\n<p class=\"wp-block-paragraph\">Zaczn\u0119 od tych <strong>2000 os\u00f3b po 100 z\u0142 i 5000 po 40 z\u0142<\/strong>, bo mam wra\u017cenie, \u017ce zaczynamy dyskutowa\u0107 o liczbach, kt\u00f3re z rzeczywist\u0105 frekwencj\u0105 RockWater maj\u0105 na razie niewiele wsp\u00f3lnego.<\/p>\n\n\n\n<p class=\"wp-block-paragraph\">W ubieg\u0142ym roku sprzedano oko\u0142o <strong>1700 bilet\u00f3w \u0142\u0105cznie na dwa dni<\/strong>, a w tym roku oko\u0142o <strong>1000<\/strong>. Sprzedany bilet nie oznacza oczywi\u015bcie osoby przebywaj\u0105cej na terenie imprezy w konkretnym momencie, szczeg\u00f3lnie przy wydarzeniu dwudniowym.<\/p>\n\n\n\n<p class=\"wp-block-paragraph\">Dlatego zanim zaczniemy zastanawia\u0107 si\u0119 nad 5000 uczestnik\u00f3w, warto by\u0142oby odpowiedzie\u0107 na znacznie prostsze pytanie:<\/p>\n\n\n\n<p class=\"wp-block-paragraph\"><strong>ile os\u00f3b faktycznie znajdowa\u0142o si\u0119 jednocze\u015bnie na terenie RockWater w szczytowym momencie?<\/strong><\/p>\n\n\n\n<p class=\"wp-block-paragraph\">By\u0107 mo\u017ce nigdy nie by\u0142o tam jednocze\u015bnie nawet 1000 os\u00f3b. Tego nie wiem, wi\u0119c nie b\u0119d\u0119 tego twierdzi\u0142.<\/p>\n\n\n\n<p class=\"wp-block-paragraph\">Natomiast jedno wiemy: <strong>2000 os\u00f3b nie jest liczb\u0105 wynikaj\u0105c\u0105 z dotychczasowej rzeczywistej frekwencji RockWater<\/strong>, a 5000 jest ju\u017c ca\u0142kowicie hipotetycznym przyk\u0142adem.<\/p>\n\n\n\n<p class=\"wp-block-paragraph\">Dlatego zestawienie \u201e2000 os\u00f3b po 100 z\u0142 albo 5000 po 40 z\u0142\u201d brzmi efektownie, ale na dzisiaj troch\u0119 przypomina wyb\u00f3r pomi\u0119dzy dwiema sytuacjami, z kt\u00f3rych \u017cadna jeszcze nie wyst\u0105pi\u0142a.<\/p>\n\n\n\n<p class=\"wp-block-paragraph\"><strong>Najpierw spr\u00f3bujmy doj\u015b\u0107 do 1500 czy 2000 uczestnik\u00f3w, a p\u00f3\u017aniej martwmy si\u0119 problemami zwi\u0105zanymi z pi\u0119cioma tysi\u0105cami.<\/strong><\/p>\n\n\n\n<p class=\"wp-block-paragraph\">Jednocze\u015bnie zwr\u00f3ci\u0142 Pan uwag\u0119 na rzecz znacznie ciekawsz\u0105.<\/p>\n\n\n\n<p class=\"wp-block-paragraph\">Pisze Pan o imprezie organizowanej na <strong>1500 os\u00f3b<\/strong>, natomiast 5000 os\u00f3b w Serwach by\u0142oby z punktu widzenia bezpiecze\u0144stwa \u201esamob\u00f3jstwem\u201d.<\/p>\n\n\n\n<p class=\"wp-block-paragraph\">I w\u0142a\u015bnie to sk\u0142ania mnie do zupe\u0142nie innego pytania:<\/p>\n\n\n\n<p class=\"wp-block-paragraph\"><strong>czy Serwy s\u0105 w\u0142a\u015bciwym miejscem dla RockWater, je\u017celi ta impreza ma si\u0119 rozwija\u0107?<\/strong><\/p>\n\n\n\n<p class=\"wp-block-paragraph\">Je\u017celi ju\u017c przy 1500 osobach powa\u017cnym wyzwaniem staj\u0105 si\u0119 toalety, umywalki, kontenery, ochrona, parkingi, dojazd, drogi ewakuacyjne czy wymagania przeciwpo\u017carowe, to mo\u017ce nie powinni\u015bmy zastanawia\u0107 si\u0119, jak zmie\u015bci\u0107 tam 5000 ludzi.<\/p>\n\n\n\n<p class=\"wp-block-paragraph\">Mo\u017ce powinni\u015bmy zastanowi\u0107 si\u0119, <strong>czy festiwal nie wyr\u00f3s\u0142 z miejsca, w kt\u00f3rym jest organizowany<\/strong>.<\/p>\n\n\n\n<p class=\"wp-block-paragraph\">Chyba \u017ce RockWater z za\u0142o\u017cenia ma pozosta\u0107 imprez\u0105 niszow\u0105 dla oko\u0142o 1000\u20131500 os\u00f3b.<\/p>\n\n\n\n<p class=\"wp-block-paragraph\">I \u017ceby by\u0142o jasne \u2014 <strong>nie ma w tym nic z\u0142ego<\/strong>.<\/p>\n\n\n\n<p class=\"wp-block-paragraph\">Kameralny festiwal nad jeziorem mo\u017ce mie\u0107 w\u0142asny klimat, charakter i wiern\u0105 publiczno\u015b\u0107. Tylko wtedy warto jasno okre\u015bli\u0107 jego cel.<\/p>\n\n\n\n<p class=\"wp-block-paragraph\">Czy za pi\u0119\u0107 lat RockWater nadal ma by\u0107 kameralnym wydarzeniem dla oko\u0142o tysi\u0105ca os\u00f3b?<\/p>\n\n\n\n<p class=\"wp-block-paragraph\">Czy chcemy stworzy\u0107 imprez\u0119 przyci\u0105gaj\u0105c\u0105 kilka tysi\u0119cy ludzi z ca\u0142ego regionu?<\/p>\n\n\n\n<p class=\"wp-block-paragraph\"><strong>Obie odpowiedzi s\u0105 dobre. Problem zaczyna si\u0119 wtedy, kiedy chcemy rozwija\u0107 du\u017cy festiwal w miejscu, kt\u00f3re pozwala organizowa\u0107 ma\u0142y.<\/strong><\/p>\n\n\n\n<p class=\"wp-block-paragraph\">Jest tylko jeszcze jeden element tej uk\u0142adanki \u2014 <strong>pieni\u0105dze i cel, jakiemu te pieni\u0105dze maj\u0105 s\u0142u\u017cy\u0107<\/strong>.<\/p>\n\n\n\n<p class=\"wp-block-paragraph\">Je\u017celi \u015bwiadomie wybieramy model niszowego koncertu dla oko\u0142o tysi\u0105ca os\u00f3b, to musimy r\u00f3wnie\u017c uczciwie powiedzie\u0107 mieszka\u0144com, jakie s\u0105 tego konsekwencje.<\/p>\n\n\n\n<p class=\"wp-block-paragraph\">Przy obecnym modelu b\u0119dziemy prawdopodobnie co roku dok\u0142ada\u0107 do RockWater <strong>80\u2013100 tys. z\u0142 z publicznych pieni\u0119dzy<\/strong>. I mo\u017cna tak\u0105 decyzj\u0119 podj\u0105\u0107. Kultura nie musi przecie\u017c na siebie zarabia\u0107.<\/p>\n\n\n\n<p class=\"wp-block-paragraph\">Tylko chcia\u0142bym wiedzie\u0107, <strong>co jako gmina otrzymujemy w zamian<\/strong>.<\/p>\n\n\n\n<p class=\"wp-block-paragraph\">Je\u017celi wydajemy te pieni\u0105dze r\u00f3wnie\u017c na promocj\u0119 gminy i rozw\u00f3j turystyki, to impreza dla oko\u0142o tysi\u0105ca os\u00f3b, kt\u00f3ra praktycznie nie przebija si\u0119 poza lokalny kr\u0105g odbiorc\u00f3w, ma bardzo ograniczon\u0105 warto\u015b\u0107 promocyjn\u0105. Nie tworzy efektu, dzi\u0119ki kt\u00f3remu kilka tysi\u0119cy nowych ludzi poznaje P\u0142ask\u0105, przyje\u017cd\u017ca tutaj, nocuje, korzysta z gastronomii, a p\u00f3\u017aniej by\u0107 mo\u017ce wraca jako turysta.<\/p>\n\n\n\n<p class=\"wp-block-paragraph\">Wtedy RockWater staje si\u0119 po prostu <strong>drogim, niszowym koncertem dla stosunkowo niewielkiej grupy odbiorc\u00f3w<\/strong>. <\/p>\n\n\n\n<p class=\"wp-block-paragraph\">I jeszcze jedna rzecz.<\/p>\n\n\n\n<p class=\"wp-block-paragraph\">Dzisiaj ten rachunek wygl\u0105da \u0142agodniej, poniewa\u017c otrzymujemy oko\u0142o <strong>100 tys. z\u0142 zewn\u0119trznego dofinansowania<\/strong>. Ale przecie\u017c nikt nam nie zagwarantuje, \u017ce marsza\u0142ek czy wojewoda b\u0119dzie finansowa\u0142 RockWater ka\u017cdego roku.<\/p>\n\n\n\n<p class=\"wp-block-paragraph\">Co si\u0119 stanie, je\u017celi kt\u00f3rego\u015b roku tych 60 tys. z\u0142 nie dostaniemy?<\/p>\n\n\n\n<p class=\"wp-block-paragraph\">Wtedy przy podobnym bud\u017cecie ca\u0142a r\u00f3\u017cnica b\u0119dzie musia\u0142a zosta\u0107 pokryta z naszych \u015brodk\u00f3w i <strong>dop\u0142ata do jednego weekendu mo\u017ce zrobi\u0107 si\u0119 naprawd\u0119 bolesna<\/strong>.<\/p>\n\n\n\n<p class=\"wp-block-paragraph\">Dlatego nie sprowadza\u0142bym tej rozmowy wy\u0142\u0105cznie do pytania, czy koncert by\u0142 fajny.<\/p>\n\n\n\n<p class=\"wp-block-paragraph\">Pytanie jest szersze:<\/p>\n\n\n\n<p class=\"wp-block-paragraph\"><strong>Po co gmina organizuje RockWater?<\/strong><\/p>\n\n\n\n<p class=\"wp-block-paragraph\">Je\u017celi przede wszystkim dla mieszka\u0144c\u00f3w \u2014 mo\u017ce warto zrobi\u0107 wydarzenie bardziej dost\u0119pne cenowo i otwarte.<\/p>\n\n\n\n<p class=\"wp-block-paragraph\">Je\u017celi dla turyst\u00f3w i promocji gminy \u2014 potrzebujemy skali, programu i promocji, kt\u00f3re rzeczywi\u015bcie przyci\u0105gn\u0105 ludzi spoza gminy.<\/p>\n\n\n\n<p class=\"wp-block-paragraph\">Je\u017celi natomiast chcemy \u015bwiadomie organizowa\u0107 niszowy festiwal muzyczny dla oko\u0142o tysi\u0105ca odbiorc\u00f3w \u2014 r\u00f3wnie\u017c mo\u017cemy.<\/p>\n\n\n\n<p class=\"wp-block-paragraph\"><strong>Tylko wtedy nazwijmy rzecz po imieniu i odpowiedzmy sobie, ile jako gmina jeste\u015bmy gotowi ka\u017cdego roku za t\u0119 niszowo\u015b\u0107 zap\u0142aci\u0107.<\/strong><\/p>\n\n\n\n<h3 class=\"wp-block-heading\">Toalety, umywalki i \u015bmieci<\/h3>\n\n\n\n<p class=\"wp-block-paragraph\">Tutaj Pa\u0144skie t\u0142umaczenie troch\u0119 mnie zaskoczy\u0142o.<\/p>\n\n\n\n<p class=\"wp-block-paragraph\">Przecie\u017c RockWater nie odbywa\u0142 si\u0119 w Serwach pierwszy raz. Za Pa\u0144stwem s\u0105 ju\u017c wcze\u015bniejsze edycje i \u2014 co wa\u017cne \u2014 w ubieg\u0142ym roku sprzedano oko\u0142o <strong>1700 bilet\u00f3w na dwa dni<\/strong>, podczas gdy w tym roku oko\u0142o <strong>1000<\/strong>.<\/p>\n\n\n\n<p class=\"wp-block-paragraph\">Nie twierdz\u0119 oczywi\u015bcie, \u017ce 1700 sprzedanych bilet\u00f3w oznacza 1700 os\u00f3b przebywaj\u0105cych jednocze\u015bnie na terenie. To dwie zupe\u0142nie r\u00f3\u017cne rzeczy.<\/p>\n\n\n\n<p class=\"wp-block-paragraph\">Ale oznacza to, \u017ce organizator ma ju\u017c praktyczne do\u015bwiadczenie z organizacj\u0105 tej imprezy i wi\u0119ksz\u0105 liczb\u0105 sprzedanych bilet\u00f3w ni\u017c w tym roku.<\/p>\n\n\n\n<p class=\"wp-block-paragraph\">Toalety, umywalki, \u015bmieci, ochrona czy zabezpieczenie medyczne nie s\u0105 przecie\u017c wymaganiami, kt\u00f3re pojawi\u0142y si\u0119 tydzie\u0144 przed koncertem.<\/p>\n\n\n\n<p class=\"wp-block-paragraph\">Je\u017celi imprez\u0119 od pocz\u0105tku planowano na 1500 os\u00f3b, to od pocz\u0105tku by\u0142o wiadomo, ile potrzeba toalet, umywalek, ochrony i pozosta\u0142ego zaplecza.<\/p>\n\n\n\n<p class=\"wp-block-paragraph\">Dlatego argument:<\/p>\n\n\n\n<p class=\"wp-block-paragraph\"><strong>\u201egdzie\u015b te toalety trzeba ustawi\u0107\u201d<\/strong><\/p>\n\n\n\n<p class=\"wp-block-paragraph\">jest dla mnie troch\u0119 niezrozumia\u0142y.<\/p>\n\n\n\n<p class=\"wp-block-paragraph\">Oczywi\u015bcie, \u017ce trzeba.<\/p>\n\n\n\n<p class=\"wp-block-paragraph\">Tylko w\u0142a\u015bnie po to planuje si\u0119 imprez\u0119, \u017ceby <strong>wcze\u015bniej ustali\u0107 gdzie<\/strong>.<\/p>\n\n\n\n<p class=\"wp-block-paragraph\">Tym bardziej \u017ce organizujecie j\u0105 Pa\u0144stwo w tym miejscu kolejny raz.<\/p>\n\n\n\n<p class=\"wp-block-paragraph\">Je\u017celi po kilku edycjach nadal okazuje si\u0119, \u017ce nie ma dobrego miejsca na wymagane zaplecze, toalety przeszkadzaj\u0105 publiczno\u015bci, parkingi stanowi\u0105 problem, a wi\u0119ksza liczba uczestnik\u00f3w zaczyna powodowa\u0107 problemy z bezpiecze\u0144stwem, to ponownie wracamy do pytania:<\/p>\n\n\n\n<p class=\"wp-block-paragraph\"><strong>czy problemem naprawd\u0119 s\u0105 toalety, czy mo\u017ce lokalizacja?<\/strong><\/p>\n\n\n\n<h3 class=\"wp-block-heading\">Koszt 2000 i 5000 uczestnik\u00f3w<\/h3>\n\n\n\n<p class=\"wp-block-paragraph\">Napisa\u0142 Pan, \u017ce nie b\u0119dzie rozpisywa\u0142 koszt\u00f3w imprezy dla 1500 czy 5000 os\u00f3b.<\/p>\n\n\n\n<p class=\"wp-block-paragraph\">A mnie akurat <strong>bardzo interesowa\u0142by taki rachunek<\/strong>.<\/p>\n\n\n\n<p class=\"wp-block-paragraph\">Oczywi\u015bcie wraz ze wzrostem frekwencji rosn\u0105 koszty ochrony, sanitariat\u00f3w, odpad\u00f3w, zabezpieczenia medycznego, organizacji ruchu czy cz\u0119\u015bci obs\u0142ugi.<\/p>\n\n\n\n<p class=\"wp-block-paragraph\">Tego nie kwestionuj\u0119.<\/p>\n\n\n\n<p class=\"wp-block-paragraph\">Tyle \u017ce najwi\u0119ksze pozycje kosztowe koncertu w znacznej cz\u0119\u015bci nie rosn\u0105 proporcjonalnie do liczby ludzi.<\/p>\n\n\n\n<p class=\"wp-block-paragraph\">Zesp\u00f3\u0142 nie bierze trzy razy wi\u0119kszego honorarium dlatego, \u017ce zamiast 1500 os\u00f3b pod scen\u0105 stoi 5000. Podobnie wiele koszt\u00f3w sceny, techniki koncertowej, nag\u0142o\u015bnienia, o\u015bwietlenia, transportu czy organizacji wydarzenia trzeba ponie\u015b\u0107 niezale\u017cnie od tego, czy przyjdzie 1000, 2000 czy wi\u0119cej os\u00f3b.<\/p>\n\n\n\n<p class=\"wp-block-paragraph\">Dlatego skoro sam Pan wcze\u015bniej poda\u0142 przyk\u0142ad:<\/p>\n\n\n\n<p class=\"wp-block-paragraph\"><strong>2000 \u00d7 100 z\u0142 = 200 000 z\u0142<\/strong><\/p>\n\n\n\n<p class=\"wp-block-paragraph\">i<\/p>\n\n\n\n<p class=\"wp-block-paragraph\"><strong>5000 \u00d7 40 z\u0142 = 200 000 z\u0142,<\/strong><\/p>\n\n\n\n<p class=\"wp-block-paragraph\">to wp\u0142ywy ze sprzeda\u017cy bilet\u00f3w w obu przypadkach s\u0105 dok\u0142adnie takie same.<\/p>\n\n\n\n<p class=\"wp-block-paragraph\">Oczywi\u015bcie r\u00f3\u017cnica pojawia si\u0119 po stronie koszt\u00f3w zale\u017cnych od liczby uczestnik\u00f3w.<\/p>\n\n\n\n<p class=\"wp-block-paragraph\">Tylko w\u0142a\u015bnie dlatego interesowa\u0142oby mnie, <strong>o ile rzeczywi\u015bcie wzr\u00f3s\u0142by ca\u0142kowity koszt imprezy przy 5000 zamiast 2000 uczestnik\u00f3w<\/strong>.<\/p>\n\n\n\n<p class=\"wp-block-paragraph\">Bo mo\u017ce si\u0119 okaza\u0107, \u017ce wi\u0119ksza frekwencja pozwala roz\u0142o\u017cy\u0107 najwi\u0119ksze koszty wydarzenia na wi\u0119ksz\u0105 liczb\u0119 uczestnik\u00f3w i dzi\u0119ki temu zaoferowa\u0107 ta\u0144szy bilet.<\/p>\n\n\n\n<p class=\"wp-block-paragraph\">A je\u017celi przeszkod\u0105 dla takiego modelu nie s\u0105 przede wszystkim koszty koncertu, tylko mo\u017cliwo\u015bci Serw \u2014 ponownie dochodzimy do lokalizacji.<\/p>\n\n\n\n<h3 class=\"wp-block-heading\">KGW \u201edodatkiem do koncertu\u201d<\/h3>\n\n\n\n<p class=\"wp-block-paragraph\">Tutaj pozwol\u0119 sobie zdecydowanie si\u0119 z Panem nie zgodzi\u0107.<\/p>\n\n\n\n<p class=\"wp-block-paragraph\"><strong>Nie ma co zaklina\u0107 rzeczywisto\u015bci.<\/strong><\/p>\n\n\n\n<p class=\"wp-block-paragraph\">By\u0107 mo\u017ce w za\u0142o\u017ceniach organizatora KGW mia\u0142y by\u0107 jedynie dodatkiem do koncertu. Tyle \u017ce zar\u00f3wno w ubieg\u0142ym roku, a ju\u017c szczeg\u00f3lnie w tym, to w\u0142a\u015bnie Ko\u0142a Gospody\u0144 Wiejskich zebra\u0142y jedne z najlepszych opinii uczestnik\u00f3w.<\/p>\n\n\n\n<p class=\"wp-block-paragraph\">Ludzie je chwalili, zatrzymywali si\u0119 przy stoiskach, rozmawiali, jedli i bardzo dobrze oceniali t\u0119 cz\u0119\u015b\u0107 wydarzenia.<\/p>\n\n\n\n<p class=\"wp-block-paragraph\">I naprawd\u0119 nie widz\u0119 powodu, \u017ceby umniejsza\u0107 ich roli.<\/p>\n\n\n\n<p class=\"wp-block-paragraph\">Organizator mo\u017ce zdecydowa\u0107, co w programie nazwie atrakcj\u0105 g\u0142\u00f3wn\u0105, a co dodatkiem.<\/p>\n\n\n\n<p class=\"wp-block-paragraph\"><strong>Nie mo\u017ce jednak zdecydowa\u0107 za uczestnik\u00f3w, co dla nich by\u0142o najwi\u0119ksz\u0105 atrakcj\u0105.<\/strong><\/p>\n\n\n\n<p class=\"wp-block-paragraph\">Powiem nawet wi\u0119cej.<\/p>\n\n\n\n<p class=\"wp-block-paragraph\">Patrz\u0105c na odbi\u00f3r ostatnich edycji, zaczynam si\u0119 zastanawia\u0107, czy rzeczywi\u015bcie KGW s\u0105 jeszcze dodatkiem do koncertu, czy powoli <strong>to koncert nie zaczyna by\u0107 dodatkiem do KGW<\/strong>.<\/p>\n\n\n\n<p class=\"wp-block-paragraph\">I wcale nie pisz\u0119 tego z\u0142o\u015bliwie.<\/p>\n\n\n\n<p class=\"wp-block-paragraph\">Mo\u017ce w\u0142a\u015bnie publiczno\u015b\u0107 pokazuje organizatorowi, gdzie znajduje si\u0119 jeden z najwi\u0119kszych atut\u00f3w tej imprezy.<\/p>\n\n\n\n<p class=\"wp-block-paragraph\">Bo sukces wydarzenia nie zawsze polega na tym, \u017ce publiczno\u015b\u0107 zachwyca si\u0119 dok\u0142adnie tym elementem, kt\u00f3ry organizator wcze\u015bniej uzna\u0142 za najwa\u017cniejszy.<\/p>\n\n\n\n<p class=\"wp-block-paragraph\">Czasem publiczno\u015b\u0107 sama pokazuje organizatorowi, <strong>co w jego imprezie jest najlepsze<\/strong>.<\/p>\n\n\n\n<h3 class=\"wp-block-heading\">Dlaczego KGW znalaz\u0142y si\u0119 za bramkami?<\/h3>\n\n\n\n<p class=\"wp-block-paragraph\">To jest zreszt\u0105 kolejny ciekawy temat.<\/p>\n\n\n\n<p class=\"wp-block-paragraph\">Pisze Pan, \u017ce skoro KGW by\u0142y cz\u0119\u015bci\u0105 koncertu, dlatego znalaz\u0142y si\u0119 wewn\u0105trz strefy biletowanej.<\/p>\n\n\n\n<p class=\"wp-block-paragraph\">Tylko \u017ce konsekwencja tej decyzji by\u0142a bardzo konkretna.<\/p>\n\n\n\n<p class=\"wp-block-paragraph\">Mieszkaniec albo turysta, kt\u00f3ry chcia\u0142 przyj\u015b\u0107 wy\u0142\u0105cznie do KGW, zje\u015b\u0107, spotka\u0107 si\u0119 ze znajomymi i zostawi\u0107 troch\u0119 pieni\u0119dzy u naszych K\u00f3\u0142, <strong>najpierw musia\u0142 kupi\u0107 bilet na koncert<\/strong>.<\/p>\n\n\n\n<p class=\"wp-block-paragraph\">Gdyby strefa KGW by\u0142a og\u00f3lnodost\u0119pna, a biletowana by\u0142a dopiero w\u0142a\u015bciwa strefa koncertowa, prawdopodobnie cz\u0119\u015b\u0107 bilet\u00f3w nie zosta\u0142aby sprzedana.<\/p>\n\n\n\n<p class=\"wp-block-paragraph\">Nie zamierzam udawa\u0107, \u017ce takiego efektu by nie by\u0142o.<\/p>\n\n\n\n<p class=\"wp-block-paragraph\">Ale jednocze\u015bnie przez stref\u0119 KGW mog\u0142oby przewin\u0105\u0107 si\u0119 znacznie wi\u0119cej mieszka\u0144c\u00f3w i turyst\u00f3w, a same Ko\u0142a mia\u0142yby mo\u017cliwo\u015b\u0107 obs\u0142u\u017cenia wi\u0119kszej liczby klient\u00f3w i osi\u0105gni\u0119cia wi\u0119kszych obrot\u00f3w.<\/p>\n\n\n\n<p class=\"wp-block-paragraph\">I dlatego naprawd\u0119 interesuje mnie:<\/p>\n\n\n\n<p class=\"wp-block-paragraph\"><strong>kto i z jakich powod\u00f3w zdecydowa\u0142, \u017ce KGW musz\u0105 znale\u017a\u0107 si\u0119 wewn\u0105trz strefy biletowanej?<\/strong><\/p>\n\n\n\n<p class=\"wp-block-paragraph\">Bo to nie jest decyzja bez znaczenia.<\/p>\n\n\n\n<p class=\"wp-block-paragraph\">Ma ona konsekwencje zar\u00f3wno dla liczby sprzedanych bilet\u00f3w, jak i dla liczby os\u00f3b, kt\u00f3re mog\u0142y skorzysta\u0107 z oferty KGW.<\/p>\n\n\n\n<p class=\"wp-block-paragraph\">By\u0107 mo\u017ce warto za rok pomy\u015ble\u0107 o zupe\u0142nie innym modelu:<\/p>\n\n\n\n<p class=\"wp-block-paragraph\"><strong>otwartej, bezp\u0142atnej strefie lokalnej z KGW oraz oddzielnej, biletowanej strefie koncertowej.<\/strong><\/p>\n\n\n\n<p class=\"wp-block-paragraph\">Wtedy mieszkaniec, kt\u00f3ry chce przyj\u015b\u0107 do KGW, mo\u017ce to zrobi\u0107 bez kupowania biletu na koncert, a osoba zainteresowana koncertem kupuje bilet i wchodzi dalej.<\/p>\n\n\n\n<p class=\"wp-block-paragraph\">Mo\u017ce si\u0119 wtedy okaza\u0107, \u017ce bilet\u00f3w sprzedamy troch\u0119 mniej.<\/p>\n\n\n\n<p class=\"wp-block-paragraph\">Ale mo\u017ce si\u0119 r\u00f3wnie\u017c okaza\u0107, \u017ce na ca\u0142e wydarzenie przyjdzie znacznie wi\u0119cej ludzi, KGW zarobi\u0105 wi\u0119cej, atmosfera b\u0119dzie lepsza, a cz\u0119\u015b\u0107 os\u00f3b odwiedzaj\u0105cych bezp\u0142atn\u0105 stref\u0119 spontanicznie zdecyduje si\u0119 r\u00f3wnie\u017c kupi\u0107 bilet na koncert.<\/p>\n\n\n\n<h3 class=\"wp-block-heading\">VAT<\/h3>\n\n\n\n<p class=\"wp-block-paragraph\">Co do VAT \u2014 tutaj przyjmuj\u0119 Pa\u0144skie wyja\u015bnienie.<\/p>\n\n\n\n<p class=\"wp-block-paragraph\">Rzeczywi\u015bcie biletowany charakter wydarzenia mo\u017ce mie\u0107 znaczenie dla mo\u017cliwo\u015bci odliczenia VAT od wydatk\u00f3w zwi\u0105zanych ze sprzeda\u017c\u0105 opodatkowan\u0105.<\/p>\n\n\n\n<p class=\"wp-block-paragraph\">Tylko nie przecenia\u0142bym tego argumentu.<\/p>\n\n\n\n<p class=\"wp-block-paragraph\">Tegoroczny RockWater kosztowa\u0142 oko\u0142o <strong>290 tys. z\u0142, czyli oko\u0142o 60 tys. z\u0142 wi\u0119cej ni\u017c rok wcze\u015bniej<\/strong>.<\/p>\n\n\n\n<p class=\"wp-block-paragraph\">Od ca\u0142ej tej kwoty VAT oczywi\u015bcie odzyska\u0107 si\u0119 nie da. Znaczn\u0105 cz\u0119\u015b\u0107 koszt\u00f3w stanowi\u0105 honoraria artyst\u00f3w oraz inne pozycje, przy kt\u00f3rych VAT do odliczenia mo\u017ce w og\u00f3le nie wyst\u0119powa\u0107.<\/p>\n\n\n\n<p class=\"wp-block-paragraph\">Nie znam wszystkich faktur, wi\u0119c nie b\u0119d\u0119 zgadywa\u0142 konkretnej kwoty.<\/p>\n\n\n\n<p class=\"wp-block-paragraph\">Podejrzewam jednak, \u017ce m\u00f3wimy o <strong>oko\u0142o 40&nbsp;tysi\u0105cach z\u0142otych<\/strong>, a nie o kwocie, kt\u00f3ra sama w sobie przes\u0105dza o ekonomicznym sensie ca\u0142ej imprezy.<\/p>\n\n\n\n<p class=\"wp-block-paragraph\">I chyba warto pami\u0119ta\u0107 o jednej rzeczy:<\/p>\n\n\n\n<p class=\"wp-block-paragraph\"><strong>nie organizujemy p\u0142atnego koncertu po to, \u017ceby odzyska\u0107 VAT.<\/strong><\/p>\n\n\n\n<p class=\"wp-block-paragraph\">VAT jest elementem rozliczenia wydarzenia, a nie jego celem.<\/p>\n\n\n\n<p class=\"wp-block-paragraph\">Je\u017celi chcemy oceni\u0107 ekonomiczny sens przyj\u0119tego modelu, to policzmy wszystko:<\/p>\n\n\n\n<p class=\"wp-block-paragraph\">koszt imprezy, wp\u0142ywy ze sprzeda\u017cy bilet\u00f3w, rzeczywi\u015bcie odliczony VAT i ostateczn\u0105 kwot\u0119, kt\u00f3r\u0105 do wydarzenia do\u0142o\u017cy\u0142 GOK czy gmina.<\/p>\n\n\n\n<p class=\"wp-block-paragraph\">Wtedy b\u0119dziemy mieli konkrety zamiast przypuszcze\u0144.<\/p>\n\n\n\n<h3 class=\"wp-block-heading\">I na koniec August\u00f3w<\/h3>\n\n\n\n<p class=\"wp-block-paragraph\">Napisa\u0142 Pan, \u017ce pytanie powinno raczej brzmie\u0107:<\/p>\n\n\n\n<p class=\"wp-block-paragraph\"><strong>\u201edlaczego ludzie z Augustowa nie przyjechali na p\u0142atn\u0105 imprez\u0119 do Serw, kiedy w Augustowie mieli w\u0142asn\u0105 bezp\u0142atn\u0105?\u201d<\/strong><\/p>\n\n\n\n<p class=\"wp-block-paragraph\">Panie Dyrektorze&#8230;<\/p>\n\n\n\n<p class=\"wp-block-paragraph\"><strong>No w\u0142a\u015bnie dlatego.<\/strong><\/p>\n\n\n\n<p class=\"wp-block-paragraph\">Bo tam by\u0142o za darmo.<\/p>\n\n\n\n<p class=\"wp-block-paragraph\">Bo oferta koncertowa i oko\u0142okoncertowa by\u0142a w mojej ocenie atrakcyjniejsza.<\/p>\n\n\n\n<p class=\"wp-block-paragraph\">I wreszcie dlatego, \u017ce o tamtej imprezie ludzie wiedzieli.<\/p>\n\n\n\n<p class=\"wp-block-paragraph\">A o RockWater <strong>wielu potencjalnych uczestnik\u00f3w nawet nie wiedzia\u0142o<\/strong>.<\/p>\n\n\n\n<p class=\"wp-block-paragraph\">I w\u0142a\u015bnie tutaj znajduje si\u0119 problem promocji, o kt\u00f3rym pisz\u0119 od pocz\u0105tku.<\/p>\n\n\n\n<p class=\"wp-block-paragraph\">Uczestnik w sobotnie popo\u0142udnie nie analizuje kosztu ochroniarza, liczby kontener\u00f3w, stawki VAT czy kosztu wynaj\u0119cia toalety.<\/p>\n\n\n\n<p class=\"wp-block-paragraph\">Podejmuje du\u017co prostsz\u0105 decyzj\u0119:<\/p>\n\n\n\n<p class=\"wp-block-paragraph\"><strong>Co si\u0119 dzisiaj dzieje?<\/strong><\/p>\n\n\n\n<p class=\"wp-block-paragraph\"><strong>Gdzie pojad\u0119?<\/strong><\/p>\n\n\n\n<p class=\"wp-block-paragraph\"><strong>Co tam dostan\u0119?<\/strong><\/p>\n\n\n\n<p class=\"wp-block-paragraph\"><strong>Ile mnie to b\u0119dzie kosztowa\u0142o?<\/strong><\/p>\n\n\n\n<p class=\"wp-block-paragraph\">Tylko zanim podejmie nawet t\u0119 decyzj\u0119, najpierw musi jeszcze wiedzie\u0107, <strong>\u017ce dana impreza w og\u00f3le istnieje<\/strong>.<\/p>\n\n\n\n<p class=\"wp-block-paragraph\">August\u00f3w w tym roku odpowiedzia\u0142 na te pytania lepiej.<\/p>\n\n\n\n<p class=\"wp-block-paragraph\">I dlatego nie do ko\u0144ca przekonuje mnie ko\u0144czenie tej dyskusji stwierdzeniem:<\/p>\n\n\n\n<p class=\"wp-block-paragraph\"><strong>\u201ewszystkim nie dogodzisz\u201d.<\/strong><\/p>\n\n\n\n<p class=\"wp-block-paragraph\">Oczywi\u015bcie, \u017ce wszystkim nie dogodzimy.<\/p>\n\n\n\n<p class=\"wp-block-paragraph\">Tylko przecie\u017c <strong>nie o to chodzi<\/strong>.<\/p>\n\n\n\n<p class=\"wp-block-paragraph\">Nie twierdz\u0119, \u017ce organizowanie RockWater jest \u0142atwe. Nie jest.<\/p>\n\n\n\n<p class=\"wp-block-paragraph\">Nie twierdz\u0119 r\u00f3wnie\u017c, \u017ce wszystko by\u0142o \u017ale. Nie by\u0142o. KGW s\u0105 najlepszym przyk\u0142adem czego\u015b, co wysz\u0142o naprawd\u0119 dobrze.<\/p>\n\n\n\n<p class=\"wp-block-paragraph\">Nie chodzi te\u017c o krytykowanie dla samego krytykowania.<\/p>\n\n\n\n<p class=\"wp-block-paragraph\">Chodzi o to, \u017ce po ka\u017cdej imprezie mo\u017cna zrobi\u0107 jedn\u0105 z dw\u00f3ch rzeczy.<\/p>\n\n\n\n<p class=\"wp-block-paragraph\">Mo\u017cna t\u0142umaczy\u0107, <strong>dlaczego inaczej si\u0119 nie da\u0142o<\/strong>.<\/p>\n\n\n\n<p class=\"wp-block-paragraph\">Albo mo\u017cna spokojnie przeanalizowa\u0107, co zadzia\u0142a\u0142o, co nie zadzia\u0142a\u0142o i zastanowi\u0107 si\u0119, <strong>co zrobi\u0107 lepiej nast\u0119pnym razem<\/strong>.<\/p>\n\n\n\n<p class=\"wp-block-paragraph\">I dla mnie najwa\u017cniejsze pytanie po tegorocznym RockWater brzmi bardzo prosto:<\/p>\n\n\n\n<p class=\"wp-block-paragraph\"><strong>Co zrobi\u0107, \u017ceby za rok ludzie, maj\u0105c do wyboru August\u00f3w i Serwy, wybrali Serwy?<\/strong><\/p>\n\n\n\n<p class=\"wp-block-paragraph\">Bo ostatecznie imprezy organizujemy nie dla organizator\u00f3w.<\/p>\n\n\n\n<p class=\"wp-block-paragraph\"><strong>Organizujemy je dla ludzi.<\/strong><\/p>\n\n\n\n<p class=\"wp-block-paragraph\"><\/p>\n\n\n\n<p class=\"wp-block-paragraph\">Oryginalny komentarz:<\/p>\n\n\n\n<p class=\"wp-block-paragraph\"><em>Panie Andrzeju wiem co pisz\u0119 i jak odbieraj\u0105 to ludzie . Na Serwach nie wyobra\u017cam sobie imprezy na 5 tys. os\u00f3b bo to w sprawach bezpiecze\u0144stwa jest samob\u00f3jstwo. Dlatego pisz\u0105c \u017ce wol\u0119 2 tys. os\u00f3b po 100 z\u0142 ni\u017c 5 tys. po 40 z\u0142 w\u0142a\u015bnie to mia\u0142em na my\u015bli. Nast\u0119pna sprawa : \u015bmieci. Inna jest ich ich ilo\u015b\u0107 przy 2000 os\u00f3b a inna przy 5000. Tak samo inna ilo\u015b\u0107 kontener\u00f3w , kt\u00f3re gdzie\u015b trzeba umie\u015bci\u0107. Druga sprawa je\u015bli impreza masowa jest organizowana na 1500 os\u00f3b to potrzebne jest odpowiednie zapotrzebowanie na toalety i ochron\u0119. Na temat toalet by\u0142y g\u0142osy krytyczne ze sa ustawione niedaleko publiczno\u015bci. A gdzie je mo\u017cna ustawi\u0107 jak wsz\u0119dzie i wszystkim przeszkadzaj\u0105 bo po prostu \u015bmierdz\u0105. Ale by\u0107 musz\u0105. Przy imprezie masowej na 1500 os\u00f3b ich liczba powinna wynosi\u0107 wed\u0142ug wzoru: 1 toaleta na 250 os\u00f3b czyli 1500 podzieli\u0107 na 250 czyli 6 plus jedna na 750 os\u00f3b czyli jeszcze 2 . Razem daje to 8. Przy sprzeda\u017cy piwa trzeba doliczy\u0107 20% zaokr\u0105gli\u0107 w g\u00f3r\u0119 czyli \u0142\u0105cznie 10. To jest minimum. Do tego powinny by\u0107 umywalki przy tej ilo\u015bci os\u00f3b 23 sztuki. Gdzie\u015b to ustawi\u0107 trzeba. Nie b\u0119d\u0119 rozpisywa\u0142 tu koszt\u00f3w imprezy na 1500 os\u00f3b w por\u00f3wnaniu z kosztami imprezy na 5000 os\u00f3b bo chyba nie o to panu chodzi.<br>Nie b\u0119d\u0119 si\u0119 rozpisywa\u0142 na temat koncertu bo ka\u017cdy ma swoje zdanie. Jednak chcia\u0142bym zauwa\u017cy\u0107 \u017ce tu KGW (wypad\u0142y bardzo dobrze) by\u0142y dodatkiem do koncertu a nie jak s\u0105dz\u0105 niekt\u00f3rzy \u017ce koncert by\u0142 dodatkiem do stoisk KGW. Dlatego ko\u0142a by\u0142y w strefie koncertu a nie na zewn\u0105trz. Koncert by\u0142 p\u0142atny bo gdyby by\u0142 darmowy nie mogliby\u015bmy odzyska\u0107 podatku VAT, kt\u00f3ry troch\u0119 wynosi.<br>Pa\u0144skie stwierdzenie\u2026Dlaczego ludzie pojechali na darmow\u0105 imprez\u0119 do Augustowa?\u2026.nie wiem czy jest w\u0142a\u015bciwe , bo powinno raczej brzmie\u0107 dlaczego ludzie z Augustowa nie przyjechali na p\u0142atn\u0105 imprez\u0119 do Serw , kiedy w Augustowie mieli w\u0142asn\u0105 bezp\u0142atn\u0105? Podsumuj\u0119 na koniec kr\u00f3tko : wszystkim nie dogodzisz bo zawsze b\u0119d\u0105 tacy co chwal\u0105 i tacy co krytykuj\u0105 nie znaj\u0105\u0107 reali\u00f3w z jakimi mierz\u0105 si\u0119 organizatorzy.<br>Pozdrawiam<\/em><\/p>\n","protected":false},"excerpt":{"rendered":"<p>Panie Dyrektorze, dzi\u0119kuj\u0119 za obszerny komentarz z dodatkowymi informacjami &#8211; publikuj\u0119 go na dole oraz jest widoczny jako komentarz do poprzedniego postu. I w\u0142a\u015bnie o tak\u0105 rozmow\u0119 mi chodzi, bo pojawi\u0142o si\u0119 w niej kilka konkret\u00f3w, do kt\u00f3rych warto si\u0119 odnie\u015b\u0107. Zaczn\u0119 od tych 2000 os\u00f3b po 100 z\u0142 i 5000 po 40 z\u0142, bo [&hellip;]<\/p>\n","protected":false},"author":1,"featured_media":0,"comment_status":"open","ping_status":"open","sticky":false,"template":"","format":"standard","meta":{"_coblocks_attr":"","_coblocks_dimensions":"","_coblocks_responsive_height":"","_coblocks_accordion_ie_support":"","hide_page_title":"","footnotes":""},"categories":[1],"tags":[],"class_list":["post-1943","post","type-post","status-publish","format-standard","hentry","category-uncategorized"],"_links":{"self":[{"href":"https:\/\/plaska.info\/index.php?rest_route=\/wp\/v2\/posts\/1943","targetHints":{"allow":["GET"]}}],"collection":[{"href":"https:\/\/plaska.info\/index.php?rest_route=\/wp\/v2\/posts"}],"about":[{"href":"https:\/\/plaska.info\/index.php?rest_route=\/wp\/v2\/types\/post"}],"author":[{"embeddable":true,"href":"https:\/\/plaska.info\/index.php?rest_route=\/wp\/v2\/users\/1"}],"replies":[{"embeddable":true,"href":"https:\/\/plaska.info\/index.php?rest_route=%2Fwp%2Fv2%2Fcomments&post=1943"}],"version-history":[{"count":4,"href":"https:\/\/plaska.info\/index.php?rest_route=\/wp\/v2\/posts\/1943\/revisions"}],"predecessor-version":[{"id":1947,"href":"https:\/\/plaska.info\/index.php?rest_route=\/wp\/v2\/posts\/1943\/revisions\/1947"}],"wp:attachment":[{"href":"https:\/\/plaska.info\/index.php?rest_route=%2Fwp%2Fv2%2Fmedia&parent=1943"}],"wp:term":[{"taxonomy":"category","embeddable":true,"href":"https:\/\/plaska.info\/index.php?rest_route=%2Fwp%2Fv2%2Fcategories&post=1943"},{"taxonomy":"post_tag","embeddable":true,"href":"https:\/\/plaska.info\/index.php?rest_route=%2Fwp%2Fv2%2Ftags&post=1943"}],"curies":[{"name":"wp","href":"https:\/\/api.w.org\/{rel}","templated":true}]}}