{"id":1923,"date":"2026-08-19T20:00:00","date_gmt":"2026-08-19T19:00:00","guid":{"rendered":"https:\/\/plaska.info\/?p=1923"},"modified":"2026-08-19T19:03:57","modified_gmt":"2026-08-19T18:03:57","slug":"rock-water-2026-dyrektor-gok-podsumowal-impreze","status":"publish","type":"post","link":"https:\/\/plaska.info\/?p=1923","title":{"rendered":"ROCK WATER 2026. Dyrektor GOK podsumowa\u0142 imprez\u0119."},"content":{"rendered":"\n<figure class=\"wp-block-image size-large\"><img loading=\"lazy\" decoding=\"async\" width=\"1024\" height=\"683\" src=\"http:\/\/plaska.info\/wp-content\/uploads\/2026\/08\/ChatGPT-Image-19-sie-2026-12_44_11-1024x683.png\" alt=\"\" class=\"wp-image-1925\" srcset=\"https:\/\/plaska.info\/wp-content\/uploads\/2026\/08\/ChatGPT-Image-19-sie-2026-12_44_11-1024x683.png 1024w, https:\/\/plaska.info\/wp-content\/uploads\/2026\/08\/ChatGPT-Image-19-sie-2026-12_44_11-300x200.png 300w, https:\/\/plaska.info\/wp-content\/uploads\/2026\/08\/ChatGPT-Image-19-sie-2026-12_44_11-768x512.png 768w, https:\/\/plaska.info\/wp-content\/uploads\/2026\/08\/ChatGPT-Image-19-sie-2026-12_44_11.png 1536w\" sizes=\"auto, (max-width: 1024px) 100vw, 1024px\" \/><\/figure>\n\n\n\n<p class=\"wp-block-paragraph\">I na pocz\u0105tek rzecz, kt\u00f3r\u0105 trzeba mu odda\u0107: podpisa\u0142 si\u0119 pod organizacj\u0105 imprezy w\u0142asnym nazwiskiem, napisa\u0142, \u017ce bierze odpowiedzialno\u015b\u0107 \u201ena klat\u0119\u201d, poda\u0142 konkretne liczby i zapowiedzia\u0142 przedstawienie pe\u0142nego rozliczenia.<\/p>\n\n\n\n<p class=\"wp-block-paragraph\">To jest w\u0142a\u015bciwe podej\u015bcie.<\/p>\n\n\n\n<p class=\"wp-block-paragraph\">Wiem te\u017c, \u017ce Rock Water w tym roku mia\u0142 bardzo trudne warunki. Jednak sami sobie te warunki stworzyli\u015bmy, wi\u0119c nie ma co p\u0142aka\u0107 nad rozlanym mlekiem. \u00a0Konkurencja Augustowa i Suwa\u0142k by\u0142a ogromna i tego nie ma sensu pomija\u0107. Ale &#8230;&#8230;&#8230;. to my zaplanowali\u015bmy jako Gmina t\u0119 imprez\u0119 i w swej megalomanii co niekt\u00f3rzy w Gminie pomy\u015bleli, ze ca\u0142a Polska ruszy do nas.<\/p>\n\n\n\n<p class=\"wp-block-paragraph\">Ale skoro m\u00f3wi Pan, Panie Dyrektorze, \u017ce jako organizator bierze Pan wszystko \u201ena klat\u0119\u201d, to trzeba wzi\u0105\u0107 na ni\u0105 r\u00f3wnie\u017c to, <strong>co si\u0119 na tej klacie nie utrzyma\u0142o<\/strong>.<\/p>\n\n\n\n<p class=\"wp-block-paragraph\">A problem\u00f3w by\u0142o sporo. Od komunikacji i reklamy po sam\u0105 organizacj\u0119. I by\u0142y to problemy, kt\u00f3rych przy trzecim roku organizowania tej imprezy nie powinno by\u0107.<\/p>\n\n\n\n<p class=\"wp-block-paragraph\">Skoro jednak mamy ju\u017c liczby i konkretne informacje, to przyjrzyjmy si\u0119 temu, co z tego podsumowania wynika.<\/p>\n\n\n\n<p class=\"wp-block-paragraph\">Ale najpierw jedna sprawa, bo tutaj, Panie Dyrektorze, r\u00f3\u017cnimy si\u0119 fundamentalnie.<\/p>\n\n\n\n<p class=\"wp-block-paragraph\">Napisa\u0142 Pan:<\/p>\n\n\n\n<p class=\"wp-block-paragraph\">\u201eSzczerze m\u00f3wi\u0105c wola\u0142bym 2 tys. uczestnik\u00f3w kt\u00f3rzy zap\u0142ac\u0105 po 100 z\u0142 (200 tys) ni\u017c 5 tys co zap\u0142ac\u0105 po 40 z\u0142 (te\u017c 200 tys).\u201d<\/p>\n\n\n\n<p class=\"wp-block-paragraph\">Czytaj mniej si\u0119 napracowa\u0107, a dosta\u0107 tyle samo.<\/p>\n\n\n\n<p class=\"wp-block-paragraph\">Pozwol\u0119 sobie tutaj na ma\u0142\u0105 emocj\u0119.<\/p>\n\n\n\n<p class=\"wp-block-paragraph\"><strong>A ja, cholera, wol\u0119 te 5 tysi\u0119cy ludzi, kt\u00f3rzy zap\u0142ac\u0105 po 40 z\u0142.<\/strong><\/p>\n\n\n\n<p class=\"wp-block-paragraph\">Wie Pan dlaczego?<\/p>\n\n\n\n<p class=\"wp-block-paragraph\">Bo musimy wreszcie zdecydowa\u0107, <strong>czym w\u0142a\u015bciwie ma by\u0107 Rock Water<\/strong>.<\/p>\n\n\n\n<p class=\"wp-block-paragraph\">Je\u017celi ma by\u0107 po prostu koncertem, kt\u00f3ry raz w roku ma zarobi\u0107 albo przynajmniej mo\u017cliwie najmniej kosztowa\u0107 bud\u017cet, to Pa\u0144skie rozumowanie ma sens.<\/p>\n\n\n\n<p class=\"wp-block-paragraph\">Dwa tysi\u0105ce ludzi razy 100 z\u0142 daje 200 tys. z\u0142.<\/p>\n\n\n\n<p class=\"wp-block-paragraph\">Pi\u0119\u0107 tysi\u0119cy razy 40 z\u0142 r\u00f3wnie\u017c daje 200 tys. z\u0142.<\/p>\n\n\n\n<p class=\"wp-block-paragraph\"><strong>Ksi\u0119gowo remis.<\/strong><\/p>\n\n\n\n<p class=\"wp-block-paragraph\">Tylko \u017ce sam Pan napisa\u0142, \u017ce Rock Water jest:<\/p>\n\n\n\n<p class=\"wp-block-paragraph\">\u201enajwi\u0119ksz\u0105 imprez\u0105 muzyczn\u0105 reklamuj\u0105c\u0105 gmin\u0119 P\u0142aska\u201d.<\/p>\n\n\n\n<p class=\"wp-block-paragraph\">Tak\u017ce W\u00f3jt Skubis g\u0142osi wszem i wobec, \u017ce to ma by\u0107 reklama Gminy.<\/p>\n\n\n\n<p class=\"wp-block-paragraph\">W ubieg\u0142ym roku W\u00f3jt pisa\u0142 mi jak to festiwal przek\u0142ada si\u0119 na dziesi\u0105tki tysi\u0119cy z\u0142otych zarobionych na noclegach w P\u0142askiej .<\/p>\n\n\n\n<p class=\"wp-block-paragraph\">A je\u017celi Rock Water ma <strong>reklamowa\u0107 gmin\u0119 P\u0142aska<\/strong>, to 2 tysi\u0105ce ludzi i 5 tysi\u0119cy ludzi nie jest tym samym.<\/p>\n\n\n\n<p class=\"wp-block-paragraph\"><strong>Ja chc\u0119 tych dodatkowych 3 tysi\u0119cy.<\/strong><\/p>\n\n\n\n<p class=\"wp-block-paragraph\">I chyba inaczej patrzymy na to, kogo powinni\u015bmy pr\u00f3bowa\u0107 t\u0105 imprez\u0105 do P\u0142askiej przyci\u0105gn\u0105\u0107.<\/p>\n\n\n\n<p class=\"wp-block-paragraph\">Cz\u0142owiek, kt\u00f3ry bez wi\u0119kszego zastanowienia mo\u017ce przeznaczy\u0107 100 z\u0142 od osoby na kilka godzin koncertu, ma r\u00f3wnie\u017c ogromny wyb\u00f3r innych wydarze\u0144.<\/p>\n\n\n\n<p class=\"wp-block-paragraph\">Mo\u017ce pojecha\u0107 do Augustowa, Suwa\u0142k, Bia\u0142egostoku czy Warszawy. Mo\u017ce wybiera\u0107 spo\u015br\u00f3d znacznie wi\u0119kszych koncert\u00f3w, wi\u0119kszych nazwisk, wi\u0119kszych scen i imprez dysponuj\u0105cych bud\u017cetami, z kt\u00f3rymi gmina licz\u0105ca oko\u0142o 2,5 tysi\u0105ca mieszka\u0144c\u00f3w po prostu nie b\u0119dzie konkurowa\u0107.<\/p>\n\n\n\n<p class=\"wp-block-paragraph\">A cz\u0119\u015b\u0107 tych wydarze\u0144, jak pokaza\u0142 ten rok, b\u0119dzie jeszcze na dodatek bezp\u0142atna.<\/p>\n\n\n\n<p class=\"wp-block-paragraph\"><strong>My nie wygramy z du\u017cymi miastami ich w\u0142asn\u0105 broni\u0105.<\/strong><\/p>\n\n\n\n<p class=\"wp-block-paragraph\">Ale mamy co\u015b, czego one nie maj\u0105.<\/p>\n\n\n\n<p class=\"wp-block-paragraph\"><strong>Mamy P\u0142ask\u0105.<\/strong><\/p>\n\n\n\n<p class=\"wp-block-paragraph\">Dlatego mnie bardziej interesuje rodzina, kt\u00f3ra przyjecha\u0142a w nasze okolice na tydzie\u0144 pod namiot, kamperem, na camping albo do gospodarstwa agroturystycznego.<\/p>\n\n\n\n<p class=\"wp-block-paragraph\">Rodzina, kt\u00f3ra na co dzie\u0144 liczy pieni\u0105dze.<\/p>\n\n\n\n<p class=\"wp-block-paragraph\">Bo 100 z\u0142 za bilet nie zawsze oznacza 100 z\u0142.<\/p>\n\n\n\n<p class=\"wp-block-paragraph\">Dwie osoby to 200 z\u0142.<\/p>\n\n\n\n<p class=\"wp-block-paragraph\">Rodzina z dw\u00f3jk\u0105 starszych dzieci to ju\u017c 400 z\u0142 tylko za wej\u015bcie. Do tego jedzenie, dojazd i inne wydatki.<\/p>\n\n\n\n<p class=\"wp-block-paragraph\">I taka rodzina mo\u017ce zwyczajnie powiedzie\u0107:<\/p>\n\n\n\n<p class=\"wp-block-paragraph\"><strong>\u201eZa drogo. Nie idziemy.\u201d<\/strong><\/p>\n\n\n\n<p class=\"wp-block-paragraph\">Ale przy bilecie za 40 z\u0142 mo\u017ce powiedzie\u0107:<\/p>\n\n\n\n<p class=\"wp-block-paragraph\"><strong>\u201eA chod\u017amy. Zobaczymy, co tam jest.\u201d<\/strong><\/p>\n\n\n\n<p class=\"wp-block-paragraph\">I w\u0142a\u015bnie tych ludzi chcia\u0142bym zobaczy\u0107 na Rock Water.<\/p>\n\n\n\n<p class=\"wp-block-paragraph\">Niech przyjad\u0105. Niech pos\u0142uchaj\u0105 muzyki. Niech zjedz\u0105 co\u015b przygotowanego przez nasze KGW. Niech zobacz\u0105 Serwy, P\u0142ask\u0105, jeziora i Kana\u0142 Augustowski.<\/p>\n\n\n\n<p class=\"wp-block-paragraph\">Niech nast\u0119pnego dnia wypo\u017cycz\u0105 kajak. Niech zrobi\u0105 zakupy w miejscowym sklepie. Niech zjedz\u0105 obiad. Niech skorzystaj\u0105 z lokalnych us\u0142ug. Niech przenocuj\u0105 tutaj kolejny dzie\u0144.<\/p>\n\n\n\n<p class=\"wp-block-paragraph\">A przede wszystkim:<\/p>\n\n\n\n<p class=\"wp-block-paragraph\"><strong>niech za rok powiedz\u0105: jedziemy do P\u0142askiej.<\/strong><\/p>\n\n\n\n<p class=\"wp-block-paragraph\">Bo w\u0142a\u015bnie o to, moim zdaniem, powinni\u015bmy walczy\u0107.<\/p>\n\n\n\n<p class=\"wp-block-paragraph\">Taki turysta mo\u017ce zostawi\u0107 w naszej gminie podczas tygodniowego pobytu znacznie wi\u0119cej pieni\u0119dzy ni\u017c r\u00f3\u017cnica 60 z\u0142 na jednym bilecie.<\/p>\n\n\n\n<p class=\"wp-block-paragraph\">A je\u017celi spodoba mu si\u0119 tutaj, mo\u017ce wraca\u0107 przez nast\u0119pne lata.<\/p>\n\n\n\n<p class=\"wp-block-paragraph\">Dlatego 5 tysi\u0119cy ludzi po 40 z\u0142 i 2 tysi\u0105ce ludzi po 100 z\u0142 to dla mnie <strong>nie jest ten sam wynik<\/strong>, nawet je\u017celi na kalkulatorze w obu przypadkach pojawia si\u0119 dok\u0142adnie 200 tys. z\u0142.<\/p>\n\n\n\n<p class=\"wp-block-paragraph\">Kasa biletowa pokazuje nam tylko, ile pieni\u0119dzy zebrali\u015bmy przy bramce.<\/p>\n\n\n\n<p class=\"wp-block-paragraph\"><strong>Gmina powinna patrzy\u0107 w przysz\u0142o\u015b\u0107 i policzy\u0107 r\u00f3wnie\u017c to, co dzieje si\u0119 po drugiej stronie tej bramki.<\/strong><\/p>\n\n\n\n<p class=\"wp-block-paragraph\">Czy zale\u017cy nam na tym, \u017ceby raz w roku zrobi\u0107 koncert i maksymalizowa\u0107 wp\u0142ywy z bilet\u00f3w?<\/p>\n\n\n\n<p class=\"wp-block-paragraph\">Czy chcemy stworzy\u0107 imprez\u0119, kt\u00f3ra b\u0119dzie jednym z narz\u0119dzi <strong>budowania turystyki w gminie P\u0142aska<\/strong>?<\/p>\n\n\n\n<p class=\"wp-block-paragraph\">Po prostu czy chcemy stworzy\u0107 mod\u0119 na P\u0142ask\u0105.<\/p>\n\n\n\n<p class=\"wp-block-paragraph\">Je\u017celi wybieramy pierwsz\u0105 mo\u017cliwo\u015b\u0107, mo\u017cemy dyskutowa\u0107 o cenie 80, 100 czy 120 z\u0142 i zastanawia\u0107 si\u0119, ile maksymalnie uczestnik jest gotowy zap\u0142aci\u0107.<\/p>\n\n\n\n<p class=\"wp-block-paragraph\">Je\u017celi jednak wybieramy drug\u0105, to zaczyna nas interesowa\u0107 nie tylko kasa przy wej\u015bciu.<\/p>\n\n\n\n<p class=\"wp-block-paragraph\">Zaczyna nas interesowa\u0107 cz\u0142owiek.<\/p>\n\n\n\n<p class=\"wp-block-paragraph\">Sk\u0105d przyjecha\u0142. Czy zosta\u0142 na noc. Czy co\u015b tutaj kupi\u0142. Czy skorzysta\u0142 z lokalnych us\u0142ug. Czy zobaczy\u0142 co\u015b poza scen\u0105. Czy opowiedzia\u0142 o P\u0142askiej znajomym.<\/p>\n\n\n\n<p class=\"wp-block-paragraph\">I przede wszystkim:<\/p>\n\n\n\n<p class=\"wp-block-paragraph\"><strong>czy wr\u00f3ci.<\/strong><\/p>\n\n\n\n<p class=\"wp-block-paragraph\">Bo koncert trwa dwa dni.<\/p>\n\n\n\n<p class=\"wp-block-paragraph\">A dobrze pozyskany turysta mo\u017ce wraca\u0107 do gminy P\u0142aska przez nast\u0119pne dwadzie\u015bcia lat.<\/p>\n\n\n\n<p class=\"wp-block-paragraph\">Dlatego ja naprawd\u0119 wybieram <strong>5 tysi\u0119cy ludzi po 40 z\u0142<\/strong>.<\/p>\n\n\n\n<p class=\"wp-block-paragraph\">Nie dlatego, \u017ce nie potrafi\u0119 policzy\u0107, \u017ce 2 000 \u00d7 100 i 5 000 \u00d7 40 daje dok\u0142adnie tyle samo.<\/p>\n\n\n\n<p class=\"wp-block-paragraph\">Tylko dlatego, \u017ce <strong>licz\u0119 co\u015b wi\u0119cej ni\u017c wp\u0142ywy z bilet\u00f3w<\/strong>.<\/p>\n\n\n\n<p class=\"wp-block-paragraph\">Je\u017celi Rock Water ma by\u0107 imprez\u0105 promuj\u0105c\u0105 gmin\u0119, powinien by\u0107 dla turysty powodem, \u017ceby odkry\u0107 P\u0142ask\u0105.<\/p>\n\n\n\n<p class=\"wp-block-paragraph\">A nie finansow\u0105 barier\u0105, kt\u00f3ra sprawi, \u017ce nawet nie przekroczy bramy.<\/p>\n\n\n\n<hr class=\"wp-block-separator has-alpha-channel-opacity\"\/>\n\n\n\n<p class=\"wp-block-paragraph\"><strong>1. 290 tysi\u0119cy z\u0142otych i 953 sprzedane bilety<\/strong><\/p>\n\n\n\n<p class=\"wp-block-paragraph\">Wed\u0142ug dyrektora ca\u0142kowity koszt Rock Water wyni\u00f3s\u0142 oko\u0142o <strong>290 tys. z\u0142<\/strong>.<\/p>\n\n\n\n<p class=\"wp-block-paragraph\">Sprzedano <strong>953 bilety<\/strong>, czyli \u2014 jak sam przyznaje \u2014 oko\u0142o po\u0142owy tego, co w ubieg\u0142ym roku.<\/p>\n\n\n\n<p class=\"wp-block-paragraph\">Bilety kosztowa\u0142y w dniu koncertu 45 z\u0142 za jeden dzie\u0144 i 80 z\u0142 za dwa dni. W przedsprzeda\u017cy online by\u0142y ta\u0144sze.<\/p>\n\n\n\n<p class=\"wp-block-paragraph\">Obstawiam \u017ce doch\u00f3d z bilet\u00f3w to 43-54 ty\u015b z\u0142 w zale\u017cno\u015bci w kt\u00f3rych miesi\u0105cach kupowane by\u0142y bilety w internecie (cena ros\u0142a o oko\u0142o 5 z\u0142 co miesi\u0105c od maja).<\/p>\n\n\n\n<p class=\"wp-block-paragraph\">Czyli doch\u00f3d z bilet\u00f3w to oko\u0142o <strong>14,5 &#8211; 18,7% kosztu ca\u0142ej imprezy<\/strong>.<\/p>\n\n\n\n<p class=\"wp-block-paragraph\">W przypadku imprezy biletowanej z dotacjami powinno to by\u0107 minimum 25%. <\/p>\n\n\n\n<p class=\"wp-block-paragraph\">Dlatego z ocen\u0105 finansow\u0105 poczekajmy na zapowiedziane przez dyrektora pe\u0142ne rozliczenie.<\/p>\n\n\n\n<p class=\"wp-block-paragraph\">Chcia\u0142bym w nim zobaczy\u0107 przede wszystkim: ca\u0142kowite wp\u0142ywy z bilet\u00f3w, wp\u0142ywy od sponsor\u00f3w i innych podmiot\u00f3w oraz ostateczn\u0105 kwot\u0119, kt\u00f3r\u0105 do imprezy do\u0142o\u017cy\u0142a gmina\/GOK ze \u015brodk\u00f3w publicznych.<\/p>\n\n\n\n<p class=\"wp-block-paragraph\">Dopiero wtedy b\u0119dziemy wiedzieli, ile Rock Water 2026 rzeczywi\u015bcie kosztowa\u0142 mieszka\u0144c\u00f3w.<\/p>\n\n\n\n<p class=\"wp-block-paragraph\"><strong>2. August\u00f3w i Suwa\u0142ki<\/strong><\/p>\n\n\n\n<p class=\"wp-block-paragraph\">Wed\u0142ug dyrektora jedn\u0105 z przyczyn s\u0142abszej frekwencji mog\u0142a by\u0107 darmowa trzydniowa impreza w Augustowie oraz koncert Agnieszki Chyli\u0144skiej w Suwa\u0142kach.<\/p>\n\n\n\n<p class=\"wp-block-paragraph\">Zapewne mia\u0142o to wp\u0142yw.<\/p>\n\n\n\n<p class=\"wp-block-paragraph\">Tylko \u017ce konkurencyjne wydarzenia w sezonie wakacyjnym na Suwalszczy\u017anie i w Augustowie nie s\u0105 zjawiskiem nadzwyczajnym.<\/p>\n\n\n\n<p class=\"wp-block-paragraph\">Je\u017celi organizujemy wydarzenie za oko\u0142o <strong>290 tys. z\u0142<\/strong>, kalendarz du\u017cych imprez w najbli\u017cszej okolicy powinien by\u0107 jednym z element\u00f3w planowania terminu i strategii promocji.<\/p>\n\n\n\n<p class=\"wp-block-paragraph\">Pytanie nie powinno wi\u0119c brzmie\u0107 dopiero po imprezie:<\/p>\n\n\n\n<p class=\"wp-block-paragraph\"><strong>\u201eDlaczego ludzie pojechali na darmow\u0105 imprez\u0119 do Augustowa?\u201d<\/strong><\/p>\n\n\n\n<p class=\"wp-block-paragraph\">Tylko przed imprez\u0105:<\/p>\n\n\n\n<p class=\"wp-block-paragraph\"><strong>\u201eCo zrobimy, \u017ceby mimo konkurencji chcieli przyjecha\u0107 w\u0142a\u015bnie do Serw?\u201d<\/strong><\/p>\n\n\n\n<p class=\"wp-block-paragraph\"><strong>3. Reklama<\/strong><\/p>\n\n\n\n<p class=\"wp-block-paragraph\">Dyrektor pisze:<\/p>\n\n\n\n<p class=\"wp-block-paragraph\">\u201eS\u0105 g\u0142osy \u017ce w gminie by\u0142a s\u0142aba reklama tego wydarzenia. Te\u017c mog\u0119 si\u0119 z tym zgodzi\u0107 ale wiadomo \u017ce nie dotrzesz do ludzi, kt\u00f3rych to nie interesuje.\u201d<\/p>\n\n\n\n<p class=\"wp-block-paragraph\">Tu mam inne zdanie.<\/p>\n\n\n\n<p class=\"wp-block-paragraph\">Reklamy nie robi si\u0119 wy\u0142\u0105cznie dla ludzi, kt\u00f3rzy ju\u017c interesuj\u0105 si\u0119 Rock Water i wiedz\u0105, \u017ce chc\u0105 przyjecha\u0107.<\/p>\n\n\n\n<p class=\"wp-block-paragraph\"><strong>Reklama ma w\u0142a\u015bnie zainteresowa\u0107 wydarzeniem ludzi, kt\u00f3rzy wcze\u015bniej nie planowali w nim uczestniczy\u0107.<\/strong><\/p>\n\n\n\n<p class=\"wp-block-paragraph\">Je\u017celi sprzeda\u017c bilet\u00f3w spada z roku na rok o oko\u0142o po\u0142ow\u0119, pytanie o skuteczno\u015b\u0107 promocji nie jest z\u0142o\u015bliwo\u015bci\u0105.<\/p>\n\n\n\n<p class=\"wp-block-paragraph\">Jest jednym z podstawowych pyta\u0144, jakie powinien sobie zada\u0107 organizator.<\/p>\n\n\n\n<p class=\"wp-block-paragraph\"><strong>4. Najpowa\u017cniejszy fragment ca\u0142ego podsumowania<\/strong><\/p>\n\n\n\n<p class=\"wp-block-paragraph\">I tutaj ko\u0144cz\u0105 si\u0119 kwestie frekwencji, reklamy i pieni\u0119dzy.<\/p>\n\n\n\n<p class=\"wp-block-paragraph\">Dyrektor napisa\u0142 o miejscu organizacji Rock Water:<\/p>\n\n\n\n<p class=\"wp-block-paragraph\">\u201eParking jest na terenie prywatnym i je\u015bli w\u0142a\u015bciciel si\u0119 nie zgodzi to&#8230;\u017cegnaj pie\u015bni.\u201d<\/p>\n\n\n\n<p class=\"wp-block-paragraph\">Nast\u0119pnie:<\/p>\n\n\n\n<p class=\"wp-block-paragraph\">\u201ePodobnie jak drogi ewakuacyjne wychodz\u0105 na posesje prywatne.\u201d<\/p>\n\n\n\n<p class=\"wp-block-paragraph\">I dalej:<\/p>\n\n\n\n<p class=\"wp-block-paragraph\">\u201eDojazd du\u017cego wozu stra\u017cackiego w pobli\u017ce sceny w\u015br\u00f3d rozstawionych stoisk i biegaj\u0105cych ludzi teoretycznie mo\u017cliwy ale praktycznie \u2026.bez komentarza.\u201d<\/p>\n\n\n\n<p class=\"wp-block-paragraph\">To s\u0105 ju\u017c stwierdzenia, kt\u00f3rych nie powinno si\u0119 traktowa\u0107 jako elementu lu\u017anej dyskusji o tym, czy impreza si\u0119 uda\u0142a.<\/p>\n\n\n\n<p class=\"wp-block-paragraph\">Je\u017celi organizator publicznie wskazuje problemy dotycz\u0105ce dr\u00f3g ewakuacyjnych oraz praktycznej mo\u017cliwo\u015bci dojazdu du\u017cego samochodu stra\u017cackiego w pobli\u017ce sceny, to nale\u017cy po prostu sprawdzi\u0107 dokumentacj\u0119.<\/p>\n\n\n\n<p class=\"wp-block-paragraph\">Bez oskar\u017ce\u0144 i bez wyci\u0105gania przedwczesnych wniosk\u00f3w.<\/p>\n\n\n\n<p class=\"wp-block-paragraph\">Trzeba ustali\u0107, jakie warunki bezpiecze\u0144stwa zosta\u0142y przewidziane, jakie by\u0142y uzgodnienia, jak wygl\u0105da\u0142 plan zabezpieczenia imprezy i czy rzeczywista organizacja terenu by\u0142a z nim zgodna.<\/p>\n\n\n\n<p class=\"wp-block-paragraph\">Dopiero dokumenty pozwol\u0105 oceni\u0107, czy dyrektor zastosowa\u0142 niefortunny skr\u00f3t my\u015blowy, czy opisa\u0142 rzeczywisty problem.<\/p>\n\n\n\n<p class=\"wp-block-paragraph\"><strong>5. \u201eOrganizacyjnie bez zarzutu\u201d?<\/strong><\/p>\n\n\n\n<p class=\"wp-block-paragraph\">Na pocz\u0105tku podsumowania czytamy:<\/p>\n\n\n\n<p class=\"wp-block-paragraph\">\u201eImpreza pod wzgl\u0119dem organizacyjnym nie mia\u0142a nic do zarzucenia\u201d.<\/p>\n\n\n\n<p class=\"wp-block-paragraph\">A kilka akapit\u00f3w p\u00f3\u017aniej dowiadujemy si\u0119 o spadku sprzeda\u017cy bilet\u00f3w o oko\u0142o po\u0142ow\u0119, s\u0142abej reklamie, miejscu, kt\u00f3re wed\u0142ug samego organizatora jest zbyt ma\u0142e, problemie z parkingiem, drogach ewakuacyjnych wychodz\u0105cych na prywatne posesje oraz doje\u017adzie du\u017cego wozu stra\u017cackiego, kt\u00f3ry ma by\u0107 \u201eteoretycznie mo\u017cliwy, ale praktycznie&#8230; bez komentarza\u201d.<\/p>\n\n\n\n<p class=\"wp-block-paragraph\">Dlatego stwierdzenie, \u017ce pod wzgl\u0119dem organizacyjnym impreza \u201enie mia\u0142a nic do zarzucenia\u201d, wydaje mi si\u0119 co najmniej przedwczesne.<\/p>\n\n\n\n<p class=\"wp-block-paragraph\"><strong>6. I jeszcze jedna rzecz \u2013 komunikacja GOK<\/strong><\/p>\n\n\n\n<p class=\"wp-block-paragraph\">Mam na koniec jedn\u0105 uwag\u0119 do Dyrektora GOK, zupe\u0142nie niezale\u017cn\u0105 od oceny samego Rock Water.<\/p>\n\n\n\n<p class=\"wp-block-paragraph\">Warto popracowa\u0107 nad sposobem komunikacji z mieszka\u0144cami i osobami komentuj\u0105cymi dzia\u0142alno\u015b\u0107 GOK.<\/p>\n\n\n\n<p class=\"wp-block-paragraph\">Profil <strong>Gminnego O\u015brodka Kultury w P\u0142askiej nie jest prywatnym profilem jego dyrektora<\/strong>.<\/p>\n\n\n\n<p class=\"wp-block-paragraph\">Ka\u017cda odpowied\u017a zamieszczona z tego konta jest odbierana jako wypowied\u017a publicznej instytucji, a po\u015brednio r\u00f3wnie\u017c jako element komunikacji Gminy P\u0142aska.<\/p>\n\n\n\n<p class=\"wp-block-paragraph\">Dlatego sformu\u0142owania takie jak:<\/p>\n\n\n\n<p class=\"wp-block-paragraph\">\u201eludzie pa\u0144skiego pokroju\u201d<\/p>\n\n\n\n<p class=\"wp-block-paragraph\">czy odpowied\u017a na pytanie o zamkni\u0119t\u0105 toalet\u0119:<\/p>\n\n\n\n<p class=\"wp-block-paragraph\">\u201eProste, brak ludzi do obs\u0142ugi\u201d<\/p>\n\n\n\n<p class=\"wp-block-paragraph\">nie powinny pojawia\u0107 si\u0119 w komunikacji prowadzonej z oficjalnego profilu instytucji publicznej.<\/p>\n\n\n\n<p class=\"wp-block-paragraph\">Tym bardziej, \u017ce sam Dyrektor zako\u0144czy\u0142 swoje podsumowanie pro\u015bb\u0105:<\/p>\n\n\n\n<p class=\"wp-block-paragraph\">\u201eProsi\u0142bym o komentarze, kt\u00f3re pozwol\u0105 nam wyeliminowa\u0107 pope\u0142nione b\u0142\u0119dy i pozwol\u0105 unikn\u0105\u0107 ich na przysz\u0142o\u015b\u0107\u201d.<\/p>\n\n\n\n<p class=\"wp-block-paragraph\">Je\u017celi prosimy ludzi o opinie, musimy by\u0107 przygotowani r\u00f3wnie\u017c na opinie krytyczne, niewygodne albo odmienne od naszych w\u0142asnych.<\/p>\n\n\n\n<p class=\"wp-block-paragraph\">Nie trzeba si\u0119 z nimi zgadza\u0107.<\/p>\n\n\n\n<p class=\"wp-block-paragraph\">Mo\u017cna polemizowa\u0107, przedstawia\u0107 argumenty i wyja\u015bnia\u0107 swoje decyzje.<\/p>\n\n\n\n<p class=\"wp-block-paragraph\">Ale odpowied\u017a instytucji publicznej powinna pozosta\u0107 rzeczowa i profesjonalna.<\/p>\n\n\n\n<p class=\"wp-block-paragraph\">Warto r\u00f3wnie\u017c pami\u0119ta\u0107, \u017ce Facebook nie jest rozmow\u0105 prowadzon\u0105 przy stole pomi\u0119dzy kilkoma osobami.<\/p>\n\n\n\n<p class=\"wp-block-paragraph\"><strong>To, co publikuje GOK, idzie w \u015bwiat.<\/strong><\/p>\n\n\n\n<p class=\"wp-block-paragraph\">Czytaj\u0105 to mieszka\u0144cy, tury\u015bci, arty\u015bci, potencjalni partnerzy, sponsorzy i osoby, kt\u00f3re zastanawiaj\u0105 si\u0119, czy przyjecha\u0107 do gminy P\u0142aska.<\/p>\n\n\n\n<p class=\"wp-block-paragraph\">Kto\u015b mo\u017ce zrobi\u0107 zrzut ekranu i jedna niefortunna odpowied\u017a zaczyna \u017cy\u0107 w\u0142asnym \u017cyciem, niezale\u017cnie od p\u00f3\u017aniejszych wyja\u015bnie\u0144 czy przeprosin.<\/p>\n\n\n\n<p class=\"wp-block-paragraph\">Je\u017celi Rock Water ma by\u0107 wydarzeniem promuj\u0105cym gmin\u0119, to promocj\u0105 gminy jest nie tylko scena, muzyka, plakaty i reklama.<\/p>\n\n\n\n<p class=\"wp-block-paragraph\"><strong>Promocj\u0105 jest r\u00f3wnie\u017c spos\u00f3b, w jaki jej instytucje rozmawiaj\u0105 z lud\u017ami.<\/strong><\/p>\n\n\n\n<p class=\"wp-block-paragraph\">Dyrektor GOK ma oczywi\u015bcie prawo mie\u0107 w\u0142asne zdanie, emocje i temperament.<\/p>\n\n\n\n<p class=\"wp-block-paragraph\">Ale kiedy odpowiada jako <strong>Gminny O\u015brodek Kultury w P\u0142askiej<\/strong>, nie wypowiada si\u0119 ju\u017c wy\u0142\u0105cznie we w\u0142asnym imieniu.<\/p>\n\n\n\n<p class=\"wp-block-paragraph\">I o tym warto pami\u0119ta\u0107 przed naci\u015bni\u0119ciem przycisku \u201eOpublikuj\u201d.<\/p>\n\n\n\n<p class=\"wp-block-paragraph\"><strong>I na koniec<\/strong><\/p>\n\n\n\n<p class=\"wp-block-paragraph\">Nie zamierzam krytykowa\u0107 dyrektora za to, \u017ce napisa\u0142 swoje podsumowanie.<\/p>\n\n\n\n<p class=\"wp-block-paragraph\">Wr\u0119cz przeciwnie.<\/p>\n\n\n\n<p class=\"wp-block-paragraph\"><strong>Dobrze, \u017ce je napisa\u0142.<\/strong><\/p>\n\n\n\n<p class=\"wp-block-paragraph\">Poda\u0142 liczby, przyzna\u0142, \u017ce by\u0142y problemy i zapowiedzia\u0142 pe\u0142ne rozliczenie.<\/p>\n\n\n\n<p class=\"wp-block-paragraph\">Teraz warto po prostu p\u00f3j\u015b\u0107 krok dalej i te informacje zweryfikowa\u0107.<\/p>\n\n\n\n<p class=\"wp-block-paragraph\">Bo najwa\u017cniejsze pytanie nie brzmi:<\/p>\n\n\n\n<p class=\"wp-block-paragraph\"><strong>\u201eCzy Rock Water by\u0142 sukcesem czy pora\u017ck\u0105?\u201d<\/strong><\/p>\n\n\n\n<p class=\"wp-block-paragraph\">Najwa\u017cniejsze pytanie brzmi:<\/p>\n\n\n\n<p class=\"wp-block-paragraph\"><strong>Skoro impreza kosztowa\u0142a oko\u0142o 290 tys. z\u0142, sprzedano 953 bilety, sprzeda\u017c spad\u0142a o oko\u0142o po\u0142ow\u0119, a organizator sam wskazuje problemy z promocj\u0105 i miejscem organizacji \u2014 to jaki konkretnie efekt promocyjny otrzyma\u0142a gmina za wydane pieni\u0105dze i ile ostatecznie zap\u0142acili za niego mieszka\u0144cy?<\/strong><\/p>\n\n\n\n<p class=\"wp-block-paragraph\">A kwesti\u0119 dr\u00f3g ewakuacyjnych i dojazdu stra\u017cy trzeba wyja\u015bni\u0107 osobno.<\/p>\n\n\n\n<p class=\"wp-block-paragraph\">Bo za to mo\u017ce by\u0107 prokurator.<\/p>\n\n\n\n<p class=\"wp-block-paragraph\"><\/p>\n\n\n\n<p class=\"wp-block-paragraph\">Oryginalny post:<\/p>\n\n\n\n<p class=\"wp-block-paragraph\"><a href=\"https:\/\/www.facebook.com\/profile.php?id=100064131035960&amp;__cft__%5b0%5d=AZZyDn8A-gIpKnHOAXls2H40lOYUmYThQWsYV5UCeBN2Vdp880SueNx4iOlSm8f6S2EOCYpIfKQeU3-WJzAyiYK-JFE5sNj0IA6uAyVUB_1LOJCunQcSi9nthcGcs0M6b4t2j4n5ybYnqnOXWNPiP2vOHBjIue_yWGys3FaQuH4yqg&amp;__cft__%5b1%5d=AZYhujn2C6kkENF89py_IcAQTe-BKY9fvI4lbNISlk6b8ZoXh2kQ3OfAX_MCWdUa4ECCtgfYTatH9OUrCV5h4AmHeoG_6X2N0X1qZuwIg1E6OZ4vFPRsShmkzHgkJi1UJzmKkitd3CG_aYM-DNiVyqvVwOszb162EfX58PB3IcjSlg&amp;__tn__=-UC%2CP-R\"><strong><em>Gminny O\u015brodek Kultury w P\u0142askiej<\/em><\/strong><\/a><\/p>\n\n\n\n<p class=\"wp-block-paragraph\"><em><u>Fajnie by\u0142o ale si\u0119 sko\u0144czy\u0142o. Czas przej\u015b\u0107 do podsumowa\u0144. Organizatorem by\u0142 ten tu na zdj\u0119ciu i jak co\u015b to pretensje do niego i to on to pisze bior\u0105c pe\u0142n\u0105 odpowiedzialno\u015b\u0107 na klat\u0119.<\/u><\/em><\/p>\n\n\n\n<p class=\"wp-block-paragraph\"><em><u>Min\u0119\u0142o ju\u017c 10 dni jak zako\u0144czy\u0142 si\u0119 w Serwach Festival Rock Water 2026 najwi\u0119ksza impreza muzyczna reklamuj\u0105ca gmin\u0119 P\u0142aska. Festival trwa\u0142 trwa\u0142 2 dni .Wyst\u0105pi\u0142o \u0142\u0105cznie 10 zespo\u0142\u00f3w muzycznych z ca\u0142ej Polski . Po wys\u0142uchaniu r\u00f3\u017cnych opinii jako organizator tego wydarzenia chcia\u0142bym podsumowa\u0107 ca\u0142\u0105 imprez\u0119.<\/u><\/em><\/p>\n\n\n\n<p class=\"wp-block-paragraph\"><em><u>Na temat strony technicznej (nag\u0142o\u015bnienie ) opinie zespo\u0142\u00f3w by\u0142y bardzo pozytywne. Bardzo dobrze oceniono prac\u0119 ca\u0142ej ekipy technicznej , kt\u00f3ra sk\u0142ada\u0142a si\u0119 w do\u015bwiadczonych specjalist\u00f3w w swoim ,,fachu\u201d.<\/u><\/em><\/p>\n\n\n\n<p class=\"wp-block-paragraph\"><em><u>Bardzo dobrze wypad\u0142y Ko\u0142a Gospody\u0144 Wiejskich ze swoimi frykasami serwowanymi na stoiskach. Impreza pod wzg\u0119dem organizacyjnym nie mia\u0142a nic do zarzucenia , nie b\u0119d\u0119 si\u0119 chwali\u0142 \u017ce to moja zas\u0142uga ale troch\u0119 pracy GOK w to w\u0142o\u017cy\u0142.<\/u><\/em><\/p>\n\n\n\n<p class=\"wp-block-paragraph\"><em><u>W sprawie porz\u0105dku by\u0142y nieliczne wypadki (mo\u017cna policzy\u0107 na palcach jednej r\u0119ki) \u0142amania porz\u0105dku publicznego ale ochrona i s\u0142u\u017cby poradzi\u0142y z tym bez problemu.<\/u><\/em><\/p>\n\n\n\n<p class=\"wp-block-paragraph\"><em><u>Opinie zespo\u0142\u00f3w wyst\u0119puj\u0105cych s\u0105 wspania\u0142e . Impreza dla publiczno\u015bci Ok , a dla organizator\u00f3w do przemy\u015blenia w pewnych aspektach.<\/u><\/em><\/p>\n\n\n\n<p class=\"wp-block-paragraph\"><em><u>Jak to w przyrodzie , s\u0105 plusy to musz\u0105 by\u0107 minusy.<\/u><\/em><\/p>\n\n\n\n<p class=\"wp-block-paragraph\"><em><u>Pierwszym minusem jest niewielka ilo\u015b\u0107 uczestnik\u00f3w . Sprzedano 953 bilety wst\u0119pu co stanowi oko\u0142o po\u0142owy sprzedanych bilet\u00f3w z ubieg\u0142ego roku.<\/u><\/em><\/p>\n\n\n\n<p class=\"wp-block-paragraph\"><em><u>Powodem mo\u017ce by\u0107 to \u017ce w tym samym czasie w s\u0105siednim Augustowie trwa\u0142a 3-dniowa darmowa impreza muzyczna a na dodatek w sobot\u0119 w Suwa\u0142kach odby\u0142 si\u0119 koncert Chyli\u0144skiej. Trudno konkurowa\u0107 naszej 2,5 tys. gminie z tymi miastami, kt\u00f3re na kultur\u0119 przeznaczaj\u0105 oko\u0142o 3 % bud\u017cetu.<\/u><\/em><\/p>\n\n\n\n<p class=\"wp-block-paragraph\"><em><u>S\u0105 g\u0142osy \u017ce w gminie by\u0142a s\u0142aba reklama tego wydarzenia. Te\u017c mog\u0119 si\u0119 z tym zgodzi\u0107 ale wiadomo \u017ce nie dotrzesz do ludzi, kt\u00f3rych to nie interesuje. Z tego co wiem wydarzenie to przyci\u0105ga oko\u0142o 2 tys. Mo\u017ce w dobrym okresie 2,5 tys uczestnik\u00f3w i nie ma si\u0119 co oszukiwa\u0107 \u017ce przebywa tu 4-5 tys ludzi.<\/u><\/em><\/p>\n\n\n\n<p class=\"wp-block-paragraph\"><em><u>W tym roku na wydarzeniu \u0142\u0105cznie z obs\u0142ug\u0105 i muzykami by\u0142o oko\u0142o 1200 os\u00f3b.<\/u><\/em><\/p>\n\n\n\n<p class=\"wp-block-paragraph\"><em><u>Nast\u0119pnym minusem jest miejsce, kt\u00f3re cho\u0107 kultowe jest zbyt ma\u0142e. Do imprez do 2 tys ludzi wystarczy ale ju\u017c s\u0105 problemy m.in.: parkingiem i drog\u0105 ewakuacyjn\u0105 oraz dojazdem w pobli\u017ce sceny podczas imprezy. Parking jest na terenie prywatnym i je\u015bli w\u0142a\u015bciciel si\u0119 nie zgodzi to&#8230;\u017cegnaj pie\u015bni. Podobnie jak drogi ewakuacyjne wychodz\u0105 na posesje prywatne.<\/u><\/em><\/p>\n\n\n\n<p class=\"wp-block-paragraph\"><em><u>Dojazd du\u017cego wozu stra\u017cackiego w pobli\u017ce sceny w\u015br\u00f3d rozstawionych stoisk i biegajacych ludzi teoretycznie mo\u017cliwy ale praktycznie \u2026.bez komentarza.<\/u><\/em><\/p>\n\n\n\n<p class=\"wp-block-paragraph\"><em><u>Ca\u0142kowity koszt finansowy imprezy wynios\u0142 oko\u0142o 290 tys z\u0142. Pozwolicie ze najpierw rozlicz\u0119 wszystko co do z\u0142ot\u00f3wki i przedstawi\u0119 oficjalny raport w\u0142adzom gminy ni\u017c opublikuj\u0119 tu, gdy\u017c b\u0119dzie to wygl\u0105da\u0107 niepowa\u017cnie \u017ce radni dowiaduj\u0105 si\u0119 z internetu a nie z raportu.<\/u><\/em><\/p>\n\n\n\n<p class=\"wp-block-paragraph\"><em><u>By\u0142y g\u0142osy \u017ce ceny bilet\u00f3w s\u0105 za wysokie . Przypomn\u0119 w dniu koncertu bilety kosztowa\u0142y odpowiednio: jeden dzie\u0144 45 z\u0142 i 2 dni 80 z\u0142. Czy to du\u017co???<\/u><\/em><\/p>\n\n\n\n<p class=\"wp-block-paragraph\"><em><u>Wp\u0142ywy z bilet\u00f3w to jeden ze wa\u017cniejszych koszt\u00f3w organizacyjnych imprezy. Z drugiej strony cena \u015bwiadczy te\u017c o randze imprezy. Je\u015bli zrobimy bilety po 5 z\u0142 &#8230;to nas wy\u015bmiej\u0105 i pomy\u015bla co to jest? Szczerze m\u00f3wi\u0105c wola\u0142bym 2 tys. uczestnik\u00f3w kt\u00f3rzy zap\u0142ac\u0105 po 100 z\u0142 (200 tys) ni\u017c 5 tys co zap\u0142ac\u0105 po 40z\u0142 (te\u017c 200 tys).<\/u><\/em><\/p>\n\n\n\n<p class=\"wp-block-paragraph\"><em><u>Wysz\u0142o jak wysz\u0142o. Jako dyrektor GOK podj\u0105\u0142em si\u0119 zlecenia realizacji tej imprezy, cho\u0107 nie musia\u0142em tego robi\u0107 gdy\u017c na sesji m\u00f3wi\u0142em jak to mo\u017ce wypa\u015b\u0107 finansowo.<\/u><\/em><\/p>\n\n\n\n<p class=\"wp-block-paragraph\"><em><u>Podsumowanie: moje zdanie jest takie \u017ce trzeba przemy\u015ble\u0107 t\u0105 imprez\u0119 bo w tej formie sprzed 20 lat niestety gmina nie wyrobi. A szczeg\u00f3lnie je\u015bli w tym samym czasie w pobli\u017cu b\u0119dzie odbywa\u0107 si\u0119 impreza r\u00f3wnoleg\u0142a za darmo.<\/u><\/em><\/p>\n\n\n\n<p class=\"wp-block-paragraph\"><em><u>Prosi\u0142bym o komentarze , kt\u00f3re pozwol\u0105 nam wyeliminowa\u0107 pope\u0142nione b\u0142\u0119dy i pozwol\u0105 unikn\u0105\u0107 ich na przysz\u0142o\u015b\u0107<\/u><\/em><\/p>\n\n\n\n<p class=\"wp-block-paragraph\"><\/p>\n","protected":false},"excerpt":{"rendered":"<p>I na pocz\u0105tek rzecz, kt\u00f3r\u0105 trzeba mu odda\u0107: podpisa\u0142 si\u0119 pod organizacj\u0105 imprezy w\u0142asnym nazwiskiem, napisa\u0142, \u017ce bierze odpowiedzialno\u015b\u0107 \u201ena klat\u0119\u201d, poda\u0142 konkretne liczby i zapowiedzia\u0142 przedstawienie pe\u0142nego rozliczenia. To jest w\u0142a\u015bciwe podej\u015bcie. Wiem te\u017c, \u017ce Rock Water w tym roku mia\u0142 bardzo trudne warunki. Jednak sami sobie te warunki stworzyli\u015bmy, wi\u0119c nie ma co [&hellip;]<\/p>\n","protected":false},"author":1,"featured_media":0,"comment_status":"open","ping_status":"open","sticky":false,"template":"","format":"standard","meta":{"_coblocks_attr":"","_coblocks_dimensions":"","_coblocks_responsive_height":"","_coblocks_accordion_ie_support":"","hide_page_title":"","footnotes":""},"categories":[1],"tags":[],"class_list":["post-1923","post","type-post","status-publish","format-standard","hentry","category-uncategorized"],"_links":{"self":[{"href":"https:\/\/plaska.info\/index.php?rest_route=\/wp\/v2\/posts\/1923","targetHints":{"allow":["GET"]}}],"collection":[{"href":"https:\/\/plaska.info\/index.php?rest_route=\/wp\/v2\/posts"}],"about":[{"href":"https:\/\/plaska.info\/index.php?rest_route=\/wp\/v2\/types\/post"}],"author":[{"embeddable":true,"href":"https:\/\/plaska.info\/index.php?rest_route=\/wp\/v2\/users\/1"}],"replies":[{"embeddable":true,"href":"https:\/\/plaska.info\/index.php?rest_route=%2Fwp%2Fv2%2Fcomments&post=1923"}],"version-history":[{"count":12,"href":"https:\/\/plaska.info\/index.php?rest_route=\/wp\/v2\/posts\/1923\/revisions"}],"predecessor-version":[{"id":1940,"href":"https:\/\/plaska.info\/index.php?rest_route=\/wp\/v2\/posts\/1923\/revisions\/1940"}],"wp:attachment":[{"href":"https:\/\/plaska.info\/index.php?rest_route=%2Fwp%2Fv2%2Fmedia&parent=1923"}],"wp:term":[{"taxonomy":"category","embeddable":true,"href":"https:\/\/plaska.info\/index.php?rest_route=%2Fwp%2Fv2%2Fcategories&post=1923"},{"taxonomy":"post_tag","embeddable":true,"href":"https:\/\/plaska.info\/index.php?rest_route=%2Fwp%2Fv2%2Ftags&post=1923"}],"curies":[{"name":"wp","href":"https:\/\/api.w.org\/{rel}","templated":true}]}}