{"id":1920,"date":"2026-08-19T09:31:03","date_gmt":"2026-08-19T08:31:03","guid":{"rendered":"https:\/\/plaska.info\/?p=1920"},"modified":"2026-08-19T09:31:03","modified_gmt":"2026-08-19T08:31:03","slug":"trzeba-sluchac-ludzi-to-dla-nich-robimy-te-imprezy","status":"publish","type":"post","link":"https:\/\/plaska.info\/?p=1920","title":{"rendered":"TRZEBA S\u0141UCHA\u0106 LUDZI. TO DLA NICH ROBIMY TE IMPREZY."},"content":{"rendered":"\n<figure class=\"wp-block-image size-large\"><img loading=\"lazy\" decoding=\"async\" width=\"1024\" height=\"819\" src=\"http:\/\/plaska.info\/wp-content\/uploads\/2026\/08\/ChatGPT-Image-19-sie-2026-10_30_15-1024x819.png\" alt=\"\" class=\"wp-image-1921\" srcset=\"https:\/\/plaska.info\/wp-content\/uploads\/2026\/08\/ChatGPT-Image-19-sie-2026-10_30_15-1024x819.png 1024w, https:\/\/plaska.info\/wp-content\/uploads\/2026\/08\/ChatGPT-Image-19-sie-2026-10_30_15-300x240.png 300w, https:\/\/plaska.info\/wp-content\/uploads\/2026\/08\/ChatGPT-Image-19-sie-2026-10_30_15-768x615.png 768w, https:\/\/plaska.info\/wp-content\/uploads\/2026\/08\/ChatGPT-Image-19-sie-2026-10_30_15.png 1402w\" sizes=\"auto, (max-width: 1024px) 100vw, 1024px\" \/><\/figure>\n\n\n\n<p class=\"wp-block-paragraph\">Ten komentarz zas\u0142uguje moim zdaniem na co\u015b wi\u0119cej ni\u017c pozostawienie go gdzie\u015b pod postem.<\/p>\n\n\n\n<p class=\"wp-block-paragraph\">Dlatego publikuj\u0119 go poni\u017cej osobno.<\/p>\n\n\n\n<p class=\"wp-block-paragraph\">Przede wszystkim dlatego, \u017ce <strong>nie napisa\u0142 go kolejny mieszkaniec krytykuj\u0105cy W\u00f3jta, GOK czy Gmin\u0119<\/strong>.<\/p>\n\n\n\n<p class=\"wp-block-paragraph\">Napisa\u0142 go cz\u0142owiek z zewn\u0105trz.<\/p>\n\n\n\n<p class=\"wp-block-paragraph\">Cz\u0142owiek, kt\u00f3ry pozna\u0142 RockWater wcze\u015bniej, spodoba\u0142o mu si\u0119 i postanowi\u0142 wr\u00f3ci\u0107.<\/p>\n\n\n\n<p class=\"wp-block-paragraph\"><strong>Wyda\u0142 pieni\u0105dze. Zaplanowa\u0142 pod festiwal sw\u00f3j urlop. Przyjecha\u0142 zza granicy kilka dni wcze\u015bniej. Nam\u00f3wi\u0142 na przyjazd syna. Zabra\u0142 wnuka, \u017ceby pokaza\u0107 mu kawa\u0142ek Polski, kt\u00f3ry sam wcze\u015bniej polubi\u0142.<\/strong><\/p>\n\n\n\n<p class=\"wp-block-paragraph\">Czyli zrobi\u0142 dok\u0142adnie to, czego oczekujemy od dobrze prowadzonej promocji turystycznej.<\/p>\n\n\n\n<p class=\"wp-block-paragraph\">Przyjecha\u0142.<\/p>\n\n\n\n<p class=\"wp-block-paragraph\">Przywi\u00f3z\u0142 nast\u0119pnych ludzi.<\/p>\n\n\n\n<p class=\"wp-block-paragraph\">Zostawi\u0142 tutaj pieni\u0105dze.<\/p>\n\n\n\n<p class=\"wp-block-paragraph\">I mia\u0142 wyjecha\u0107 z takim wspomnieniem, \u017ceby za rok zrobi\u0107 to ponownie.<\/p>\n\n\n\n<p class=\"wp-block-paragraph\"><strong>To w\u0142a\u015bnie dla takich ludzi organizujemy imprezy i wydajemy publiczne pieni\u0105dze na promocj\u0119.<\/strong><\/p>\n\n\n\n<p class=\"wp-block-paragraph\">Dlatego trzeba ich s\u0142ucha\u0107.<\/p>\n\n\n\n<p class=\"wp-block-paragraph\">Nie obra\u017ca\u0107 si\u0119 na krytyk\u0119. Nie t\u0142umaczy\u0107, \u017ce przecie\u017c by\u0142o \u015bwietnie. Nie przekonywa\u0107 turysty, \u017ce powinien by\u0107 zadowolony, skoro nie jest.<\/p>\n\n\n\n<p class=\"wp-block-paragraph\"><strong>S\u0142ucha\u0107. Wyci\u0105ga\u0107 wnioski. Poprawia\u0107.<\/strong><\/p>\n\n\n\n<p class=\"wp-block-paragraph\">Bo mo\u017cemy sami sobie wystawi\u0107 najlepsz\u0105 recenzj\u0119 na \u015bwiecie, ale ostatecznie o sukcesie promocji Gminy P\u0142aska zdecyduje cz\u0142owiek, kt\u00f3ry po powrocie do Warszawy, \u0141odzi, Bia\u0142egostoku czy za granic\u0119 powie znajomym:<\/p>\n\n\n\n<p class=\"wp-block-paragraph\"><strong>\u201eBy\u0142em w P\u0142askiej. Musicie tam pojecha\u0107.\u201d<\/strong><\/p>\n\n\n\n<p class=\"wp-block-paragraph\">W jego komentarzu jest sporo gorzkich s\u0142\u00f3w.<\/p>\n\n\n\n<p class=\"wp-block-paragraph\">Ale dla mnie najwa\u017cniejsze jest co\u015b zupe\u0142nie innego.<\/p>\n\n\n\n<p class=\"wp-block-paragraph\">Ten cz\u0142owiek, mimo rozczarowania tegorocznym festiwalem, <strong>nie przekre\u015bla P\u0142askiej<\/strong>.<\/p>\n\n\n\n<p class=\"wp-block-paragraph\">Wr\u0119cz przeciwnie.<\/p>\n\n\n\n<p class=\"wp-block-paragraph\">Pisze o naszych mieszka\u0144cach. O KGW. O jeziorach, lasach i Kanale Augustowskim. Pisze, \u017ce chce wr\u00f3ci\u0107.<\/p>\n\n\n\n<p class=\"wp-block-paragraph\">A na koniec nie m\u00f3wi:<\/p>\n\n\n\n<p class=\"wp-block-paragraph\"><strong>\u201ezr\u00f3bcie co\u015b\u201d.<\/strong><\/p>\n\n\n\n<p class=\"wp-block-paragraph\">M\u00f3wi:<\/p>\n\n\n\n<p class=\"wp-block-paragraph\"><strong>\u201epomog\u0119\u201d.<\/strong><\/p>\n\n\n\n<p class=\"wp-block-paragraph\">Jest motocyklist\u0105, fotografem, potrafi zrobi\u0107 stron\u0119 internetow\u0105 i deklaruje, \u017ce je\u015bli pomys\u0142 zlotu motocykli nad Kana\u0142em Augustowskim spotka si\u0119 z zainteresowaniem:<\/p>\n\n\n\n<p class=\"wp-block-paragraph\"><strong>\u201epomog\u0119. Nie s\u0142owami, robot\u0105.\u201d<\/strong><\/p>\n\n\n\n<p class=\"wp-block-paragraph\">I w\u0142a\u015bnie dlatego ten komentarz tak bardzo pasuje do pomys\u0142u <strong>\u201eModa na P\u0142ask\u0105\u201d<\/strong>.<\/p>\n\n\n\n<p class=\"wp-block-paragraph\">Bo mo\u017ce w\u0142a\u015bnie tak powinno si\u0119 j\u0105 budowa\u0107.<\/p>\n\n\n\n<p class=\"wp-block-paragraph\">Nie od pytania, jak zrobi\u0107 wi\u0119ksz\u0105 scen\u0119 ni\u017c August\u00f3w.<\/p>\n\n\n\n<p class=\"wp-block-paragraph\">Tylko od ludzi, kt\u00f3rzy przyjechali tutaj raz, co\u015b ich w tym miejscu urzek\u0142o i dzisiaj m\u00f3wi\u0105:<\/p>\n\n\n\n<h1 class=\"wp-block-heading\"><strong>\u201eChc\u0119 wr\u00f3ci\u0107 za rok.\u201d<\/strong><\/h1>\n\n\n\n<p class=\"wp-block-paragraph\">A jeszcze lepiej:<\/p>\n\n\n\n<h1 class=\"wp-block-heading\"><strong>\u201eChc\u0119 wr\u00f3ci\u0107 za rok i mog\u0119 Wam pom\u00f3c.\u201d<\/strong><\/h1>\n\n\n\n<p class=\"wp-block-paragraph\">Przeczytajcie jego komentarz. W ca\u0142o\u015bci.<\/p>\n\n\n\n<p class=\"wp-block-paragraph\">Bo czasami jeden g\u0142os cz\u0142owieka, kt\u00f3ry przyjecha\u0142 tutaj jako turysta, m\u00f3wi o naszej promocji wi\u0119cej ni\u017c najlepsze oficjalne podsumowanie.<\/p>\n\n\n\n<p class=\"wp-block-paragraph\"><\/p>\n\n\n\n<p class=\"wp-block-paragraph\"><strong>ODDAJ\u0118 G\u0141OS TW\u00d3RCY KOMENTARZA, KT\u00d3RY JEST R\u00d3WNIE\u017b WIDOCZNY POD OSTATNIM POSTEM:<\/strong><\/p>\n\n\n\n<p class=\"wp-block-paragraph\"><em>Przyjecha\u0142em zza granicy zobaczy\u0107 RockWater. Zamiast tego zobaczy\u0142em toi-toi obok sceny Nie b\u0119d\u0119 powtarza\u0142 zarzut\u00f3w, kt\u00f3re ju\u017c tu pad\u0142y \u2013 zgadzam si\u0119 z tym, co napisa\u0142 tw\u00f3rca festiwalu, i z tym, co napisa\u0142a Pani, kt\u00f3ra przyjecha\u0142a zachwycona, a wyjecha\u0142a rozczarowana. Nie mam nic do dodania do tej listy. Chc\u0119 napisa\u0107 co innego \u2013 o tym, jak to wygl\u0105da z perspektywy kogo\u015b, kto przyjecha\u0142 specjalnie po to. Zaplanowa\u0142em ca\u0142y urlop pod ten festiwal. Nie wpad\u0142em tu przypadkiem po drodze. To nie by\u0142 m\u00f3j pierwszy raz. Dwa lata temu by\u0142em tu po raz pierwszy \u2013 akurat wtedy, gdy RockWater wraca\u0142 po d\u0142ugiej przerwie. Wtedy naprawd\u0119 mnie to z\u0142apa\u0142o. Rok temu nie uda\u0142o si\u0119 przyjecha\u0107. W tym roku postanowi\u0142em to nadrobi\u0107 \u2013 przyjecha\u0142em kilka dni wcze\u015bniej i nam\u00f3wi\u0142em te\u017c syna, \u017ceby do\u0142\u0105czy\u0142. Wyl\u0105dowa\u0142 dok\u0142adnie w dniu festiwalu, po tym jak przez miesi\u0105ce zapewnia\u0142em go, jak dobrze tu jest. Wzi\u0105\u0142em te\u017c wnuka. Wychowuje si\u0119 za granic\u0105, w innej kulturze, i chcia\u0142em, \u017ceby zobaczy\u0142 kawa\u0142ek Polski, kt\u00f3rego mu na co dzie\u0144 brakuje. I to jest w\u0142a\u015bnie ten moment, w kt\u00f3rym musz\u0119 powiedzie\u0107 wprost: by\u0142em zdruzgotany. Syn, kt\u00f3remu tyle obiecywa\u0142em,- rozczarowany. To gorsze ni\u017c zawie\u015b\u0107 si\u0119 samemu \u2013 zawiod\u0142em kogo\u015b, komu co\u015b obieca\u0142em. Z tegorocznej edycji wywo\u017c\u0119 jedno wspomnienie: zapach toalet ustawionych tu\u017c obok sceny. Nie muzyk\u0119. Nie atmosfer\u0119. Zapach. M\u00f3g\u0142bym na tym sko\u0144czy\u0107 i zostawi\u0107 kolejn\u0105 skarg\u0119 w komentarzach. Nie zrobi\u0119 tego, bo by\u0142oby to niesprawiedliwe wobec ludzi, kt\u00f3rzy uratowali ten weekend. Obok ca\u0142ej organizacyjnej niemocy byli zwykli ludzie, i to dzi\u0119ki nim, a nie dzi\u0119ki samemu festiwalowi, chc\u0119 tu wr\u00f3ci\u0107 za rok. Kobiety przy stoiskach z jedzeniem, kt\u00f3re traktowa\u0142y to miejsce jak sw\u00f3j dom. S\u0105siedzi, kt\u00f3rzy podpowiadali, gdzie zaparkowa\u0107, gdzie zje\u015b\u0107, jak doj\u015b\u0107 do jeziora. Osobne podzi\u0119kowanie nale\u017cy si\u0119 Paniom z K\u00f3\u0142 Gospody\u0144 Wiejskich. To one wykona\u0142y w tym roku najwi\u0119ksz\u0105 robot\u0119 \u2013 bez sceny, bez mikrofonu, po prostu stoj\u0105c na miejscu do ko\u0144ca. Szczeg\u00f3lnie dzi\u0119kuj\u0119 KGW z Gorczycy \u2013 spotka\u0142em je jeszcze raz nast\u0119pnego dnia, przypadkiem, na wystawie koni w Augustowie. Drobiazg, ale zapad\u0142 mi w pami\u0119\u0107, bo takie rzeczy buduj\u0105 prawdziwy obraz gminy, nie posty na Facebooku. To zabieram ze sob\u0105. Nie festiwal. Ludzi. Wnuk dorasta. Za rok czy dwa mo\u017ce b\u0119dzie tu przyje\u017cd\u017ca\u0142 z w\u0142asnymi wspomnieniami, mo\u017ce nam\u00f3wi koleg\u00f3w , mo\u017ce zostawi\u0105 tu troch\u0119 pieni\u0119dzy, zabior\u0105 co\u015b, czego nie da si\u0119 kupi\u0107 \u2026a moze nie ? I jeszcze jedno, bo to wa\u017cne: \u017cyjemy w czasach, w kt\u00f3rych jedno zdj\u0119cie albo jeden \u017ale postawiony toi-toi mog\u0105 zawa\u017cy\u0107 na tym, czy kto\u015b wr\u00f3ci, czy nie. Nie trzeba do tego milion\u00f3w. Trzeba dopilnowa\u0107 szczeg\u00f3\u0142\u00f3w i uszanowa\u0107 go\u015bcia, kt\u00f3ry zaplanowa\u0142 tu sw\u00f3j urlop. Sam organizowa\u0142em kilka imprez , mniejszych i wi\u0119kszych ni\u017c RockWater. Wiem, ile roboty kosztuje dopi\u0119cie szczeg\u00f3\u0142\u00f3w, i wiem, \u017ce to one, a nie bud\u017cet, decyduj\u0105, czy cz\u0142owiek wyje\u017cd\u017ca zadowolony. Dlatego zgadzam si\u0119 z koncepcj\u0105 opisan\u0105 na tym blogu \u2013 \u017ceby przesta\u0107 si\u0119 \u015bciga\u0107 z Augustowem na wielko\u015b\u0107 i zbudowa\u0107 co\u015b swojego, opartego na ludziach, jeziorach, lesie i Kanale Augustowskim. To ma sens i nie wymaga miliona z\u0142otych, tylko pomys\u0142u i konsekwencji. Dorzuc\u0119 jeszcze jedn\u0105 uwag\u0119, tym razem muzyczn\u0105. Jestem fanem Luxtorpedy, wychowa\u0142em si\u0119 te\u017c na R\u00f3\u017cach Europy. Ale czy ten repertuar pasuje do tego, czym RockWater ma by\u0107? Gusta s\u0105 r\u00f3\u017cne, lecz moim zdaniem -niekoniecznie. To nie jest zarzut wobec \u017cadnego zespo\u0142u, tylko pytanie o to\u017csamo\u015b\u0107 festiwalu. Jest mn\u00f3stwo m\u0142odych, dobrych zespo\u0142\u00f3w, kt\u00f3re zas\u0142uguj\u0105 na scen\u0119 i nie za\u017c\u0105daj\u0105 za koncert \u201emilion\u00f3w monet \u201e. Mo\u017ce warto zrobi\u0107 co\u015b na wz\u00f3r opolskiego przegl\u0105du m\u0142odych talent\u00f3w \u2013 \u017ceby RockWater nie tylko go\u015bci\u0142 gwiazdy, ale te\u017c je tworzy\u0142? Na koniec konkretna deklaracja: jestem motocyklist\u0105 , fotografem , potrafi\u0119 te\u017c wyd\u0142uba\u0107 co\u015b w HTML (stworzyc strone etc) Je\u015bli pomys\u0142 zlotu motocykli nad Kana\u0142em Augustowskim znajdzie zainteresowanie w\u015br\u00f3d organizator\u00f3w \u2013 pomog\u0119. Nie s\u0142owami, robot\u0105. Wiem ,ze o tym co ma byc za rok trzeba mysle\u0107 juz dzisiaj . Wracam tu nie dla festiwalu, tylko dla tego, co festiwal mia\u0142 obieca\u0107, a czego w tym roku nie dowi\u00f3z\u0142. Wierz\u0119, \u017ce za rok to nadrobimy . Do zobaczenia nad Serwami.<\/em><\/p>\n\n\n\n<p class=\"wp-block-paragraph\"><\/p>\n","protected":false},"excerpt":{"rendered":"<p>Ten komentarz zas\u0142uguje moim zdaniem na co\u015b wi\u0119cej ni\u017c pozostawienie go gdzie\u015b pod postem. Dlatego publikuj\u0119 go poni\u017cej osobno. Przede wszystkim dlatego, \u017ce nie napisa\u0142 go kolejny mieszkaniec krytykuj\u0105cy W\u00f3jta, GOK czy Gmin\u0119. Napisa\u0142 go cz\u0142owiek z zewn\u0105trz. Cz\u0142owiek, kt\u00f3ry pozna\u0142 RockWater wcze\u015bniej, spodoba\u0142o mu si\u0119 i postanowi\u0142 wr\u00f3ci\u0107. Wyda\u0142 pieni\u0105dze. Zaplanowa\u0142 pod festiwal sw\u00f3j [&hellip;]<\/p>\n","protected":false},"author":1,"featured_media":0,"comment_status":"open","ping_status":"open","sticky":false,"template":"","format":"standard","meta":{"_coblocks_attr":"","_coblocks_dimensions":"","_coblocks_responsive_height":"","_coblocks_accordion_ie_support":"","hide_page_title":"","footnotes":""},"categories":[1],"tags":[],"class_list":["post-1920","post","type-post","status-publish","format-standard","hentry","category-uncategorized"],"_links":{"self":[{"href":"https:\/\/plaska.info\/index.php?rest_route=\/wp\/v2\/posts\/1920","targetHints":{"allow":["GET"]}}],"collection":[{"href":"https:\/\/plaska.info\/index.php?rest_route=\/wp\/v2\/posts"}],"about":[{"href":"https:\/\/plaska.info\/index.php?rest_route=\/wp\/v2\/types\/post"}],"author":[{"embeddable":true,"href":"https:\/\/plaska.info\/index.php?rest_route=\/wp\/v2\/users\/1"}],"replies":[{"embeddable":true,"href":"https:\/\/plaska.info\/index.php?rest_route=%2Fwp%2Fv2%2Fcomments&post=1920"}],"version-history":[{"count":1,"href":"https:\/\/plaska.info\/index.php?rest_route=\/wp\/v2\/posts\/1920\/revisions"}],"predecessor-version":[{"id":1922,"href":"https:\/\/plaska.info\/index.php?rest_route=\/wp\/v2\/posts\/1920\/revisions\/1922"}],"wp:attachment":[{"href":"https:\/\/plaska.info\/index.php?rest_route=%2Fwp%2Fv2%2Fmedia&parent=1920"}],"wp:term":[{"taxonomy":"category","embeddable":true,"href":"https:\/\/plaska.info\/index.php?rest_route=%2Fwp%2Fv2%2Fcategories&post=1920"},{"taxonomy":"post_tag","embeddable":true,"href":"https:\/\/plaska.info\/index.php?rest_route=%2Fwp%2Fv2%2Ftags&post=1920"}],"curies":[{"name":"wp","href":"https:\/\/api.w.org\/{rel}","templated":true}]}}