{"id":1914,"date":"2026-08-18T20:51:12","date_gmt":"2026-08-18T19:51:12","guid":{"rendered":"https:\/\/plaska.info\/?p=1914"},"modified":"2026-08-18T20:51:12","modified_gmt":"2026-08-18T19:51:12","slug":"sukces-ogloszony-rzeczywistosc-poproszona-o-komentarz","status":"publish","type":"post","link":"https:\/\/plaska.info\/?p=1914","title":{"rendered":"Sukces og\u0142oszony. Rzeczywisto\u015b\u0107 poproszona o komentarz."},"content":{"rendered":"\n<p class=\"wp-block-paragraph\"><strong>Zanim napisz\u0119 swoje podsumowanie, oddaj\u0119 g\u0142os innym.<\/strong><\/p>\n\n\n\n<p class=\"wp-block-paragraph\">Najpierw tw\u00f3rcy RockWater \u2013 <strong>Grzegorzowi \u0141apczy\u0144skiemu<\/strong>. A zaraz potem jednej z uczestniczek festiwalu, kt\u00f3ra przyjecha\u0142a do Serw zachwycona ubieg\u0142oroczn\u0105 edycj\u0105 i w tym roku&#8230; prze\u017cy\u0142a do\u015b\u0107 brutalne zderzenie z rzeczywisto\u015bci\u0105.<\/p>\n\n\n\n<p class=\"wp-block-paragraph\">I przyznam, \u017ce to zestawienie jest znakomite.<\/p>\n\n\n\n<p class=\"wp-block-paragraph\">Pan \u0141apczy\u0144ski robi to jeszcze elegancko. Pisze o \u201esukcesie\u201d, gratuluje, ale mi\u0119dzy kolejnymi zdaniami wbija szpil\u0119 za szpil\u0105:<\/p>\n\n\n\n<p class=\"wp-block-paragraph\"><strong>\u201ewyj\u0105tkowo s\u0142aba tegoroczna promocja\u201d<\/strong><\/p>\n\n\n\n<p class=\"wp-block-paragraph\"><strong>\u201ekto\u015b w\u0142\u0105czy\u0142 hamulec i wyhamowa\u0142 progres naszego wydarzenia\u201d<\/strong><\/p>\n\n\n\n<p class=\"wp-block-paragraph\"><strong>\u201enawet laicy zauwa\u017cyli ogromn\u0105 r\u00f3\u017cnic\u0119\u201d<\/strong><\/p>\n\n\n\n<p class=\"wp-block-paragraph\"><strong>\u201eklapa wizerunkowa w tym roku\u201d<\/strong><\/p>\n\n\n\n<p class=\"wp-block-paragraph\">To jest wersja dyplomatyczna.<\/p>\n\n\n\n<p class=\"wp-block-paragraph\">Pani Agnieszka dyplomacj\u0119 najwyra\u017aniej zostawi\u0142a w domu. \ud83d\ude02<\/p>\n\n\n\n<p class=\"wp-block-paragraph\">I dzi\u0119ki temu dostajemy co\u015b znacznie cenniejszego ni\u017c oficjalne komunikaty o \u201ejednej z najlepszych imprez w Regionie\u201d.<\/p>\n\n\n\n<p class=\"wp-block-paragraph\">Dostajemy odpowied\u017a na pytanie:<\/p>\n\n\n\n<p class=\"wp-block-paragraph\"><strong>jak tegoroczny RockWater zobaczy\u0142 cz\u0142owiek, kt\u00f3ry przyjecha\u0142 tutaj z zewn\u0105trz?<\/strong><\/p>\n\n\n\n<p class=\"wp-block-paragraph\">I to jest chyba najbardziej bolesne.<\/p>\n\n\n\n<p class=\"wp-block-paragraph\">Bo mo\u017cemy sobie nawzajem opowiada\u0107, jaki odnie\u015bli\u015bmy sukces. Mo\u017cemy wrzuca\u0107 zdj\u0119cia, dzi\u0119kowa\u0107 sobie nawzajem, gratulowa\u0107 i przekonywa\u0107 mieszka\u0144c\u00f3w, \u017ce by\u0142o fantastycznie.<\/p>\n\n\n\n<p class=\"wp-block-paragraph\">Tylko \u017ce <strong>marki turystycznej nie buduje si\u0119 dla W\u00f3jta, GOK-u ani urz\u0119dnik\u00f3w. Buduje si\u0119 j\u0105 w\u0142a\u015bnie dla takich ludzi jak Pani Agnieszka.<\/strong><\/p>\n\n\n\n<p class=\"wp-block-paragraph\">Dla cz\u0142owieka, kt\u00f3ry przyjecha\u0142 pierwszy raz, zachwyci\u0142 si\u0119 Serwami, wr\u00f3ci\u0142 do domu, opowiedzia\u0142 o imprezie znajomym, a rok p\u00f3\u017aniej specjalnie organizowa\u0142 sobie wolne w pracy i kilka miesi\u0119cy wcze\u015bniej kupi\u0142 bilety, \u017ceby tutaj wr\u00f3ci\u0107.<\/p>\n\n\n\n<p class=\"wp-block-paragraph\"><strong>To jest w\u0142a\u015bnie turysta, kt\u00f3rego Gmina P\u0142aska powinna zdobywa\u0107.<\/strong><\/p>\n\n\n\n<p class=\"wp-block-paragraph\">Dlatego jej komentarz jest dla mnie znacznie wa\u017cniejszy ni\u017c najbardziej entuzjastyczne podsumowanie napisane przez organizatora.<\/p>\n\n\n\n<p class=\"wp-block-paragraph\">Co najwa\u017cniejsze, gdy odrzuci\u0107 kilka osobistych czy ambicjonalnych uwag Pana \u0141apczy\u0144skiego, z <strong>zdecydowan\u0105 wi\u0119kszo\u015bci\u0105 merytorycznych zarzut\u00f3w obojga autor\u00f3w trudno si\u0119 nie zgodzi\u0107<\/strong>, je\u017celi patrzy si\u0119 na tegoroczn\u0105 imprez\u0119 bez potrzeby og\u0142aszania sukcesu za wszelk\u0105 cen\u0119.<\/p>\n\n\n\n<p class=\"wp-block-paragraph\">Przeczytajcie oba komentarze.<\/p>\n\n\n\n<p class=\"wp-block-paragraph\">A p\u00f3\u017aniej jeszcze raz przeczytajcie podsumowanie Pana W\u00f3jta:<\/p>\n\n\n\n<p class=\"wp-block-paragraph\"><strong>\u201eRockWater Festival 2026 by\u0142 jedn\u0105 z najlepszych imprez w Regionie!\u201d<\/strong><\/p>\n\n\n\n<p class=\"wp-block-paragraph\">I sami zdecydujcie, <strong>kto opisuje RockWater 2026, a kto jego wersj\u0119 reklamow\u0105.<\/strong><\/p>\n\n\n\n<p class=\"wp-block-paragraph\">Ja swoje podsumowanie wrzuc\u0119 za chwil\u0119.<\/p>\n\n\n\n<p class=\"wp-block-paragraph\">I wtedy do opinii do\u0142o\u017cymy jeszcze co\u015b, czego nie da si\u0119 zagada\u0107.<\/p>\n\n\n\n<p class=\"wp-block-paragraph\"><strong>Liczby.<\/strong><\/p>\n\n\n\n<p class=\"wp-block-paragraph\">Co najwa\u017cniejsze mamy podsumowanie jak nas widz\u0105. Problem jest taki, \u017ce z 90% zarzut\u00f3w (poza kilkoma ambicjonalnymi Pana \u0141apczy\u0144skiego) zgodzi\u0107 si\u0119 musi ka\u017cdy trze\u017awo my\u015bl\u0105cy czytelnik:<\/p>\n\n\n\n<p class=\"wp-block-paragraph\"><a href=\"https:\/\/www.facebook.com\/profile.php?id=100000329818330&amp;comment_id=Y29tbWVudDoxMjIyMzAyMjY0NDQzMTM2MjNfMTg2NTQwNTAyMTU2NDg0OQ%3D%3D&amp;__cft__%5b0%5d=AZZLwC6bXuFdUMrM1nJa-Di7uL0ocRG_QYN9CMd3uVllZfd0uxQ9FmpQoo6TUV1PUJOOlcxY7PSD624M9xLktyZp866HgWnW7bWCXYYu1v6H13v3HvAWE_X-2dlu9NsWY3BFNbEoVRRqAbUzTB6zoES95ITrBQnI7SNC5D4Au0B7glMP3yn4rbn2L9GP0FcIUZ_oa_vCM9EVyu3L2kpL6wTT&amp;__tn__=R-R\"><strong>Grzegorz \u0141apczy\u0144ski<\/strong><\/a><\/p>\n\n\n\n<p class=\"wp-block-paragraph\">&nbsp;Szanowny Panie W\u00f3jcie, dzi\u0119ki za wyr\u00f3\u017cnienie, dobre i to cho\u0107 brak zaproszenia dla mnie i os\u00f3b bardzo mocno zwi\u0105zanych z dzia\u0142alno\u015bci\u0105 festiwalu uznaje za niefortunne zdarzenie. Sukces bez w\u0105tpienia, ciekawy jestem czy by\u0142a to zas\u0142uga wypracowanego przez lata wizerunku i marki og\u00f3lnopolskiego wydarzenia czy wyj\u0105tkowo s\u0142abej tegorocznej promocji kt\u00f3ra ograniczy\u0142a si\u0119 do zawieszenia baner\u00f3w i plakat\u00f3w kilka dni przed dat\u0105 festiwalu? Wydaje mi si\u0119 \u017ce jest to idealna okazja aby w\u0142odarze gminy podj\u0119li decyzj\u0119 czy wspieraj\u0105 festiwal muzyczny kt\u00f3ry jest wizyt\u00f3wk\u0105 regionu i bez w\u0105tpienia mega sukcesem spo\u0142eczno\u015bci mieszka\u0144c\u00f3w gminy P\u0142aska czy jednak wol\u0105 imprez\u0119 skierowan\u0105 dla g\u0142\u00f3wnie mieszka\u0144c\u00f3w czyli popularna formu\u0142a Dni &#8230; P\u0142askiej. Festiwal w Serwach od lat wypracowa\u0142 mark\u0119 na kt\u00f3r\u0105 przyje\u017cd\u017caj\u0105 fani z ca\u0142ej Polski i zagranicy, jest to konsekwencja grania muzyki kt\u00f3rej nigdzie indziej nie mo\u017cna us\u0142ysze\u0107 czyli jest po prostu oryginalna. Zmiana formu\u0142y a zw\u0142aszcza profilu muzycznego bardzo szybko spowoduje \u017ce zwolennicy tej muzyki nie b\u0119d\u0105 ju\u017c przyje\u017cd\u017ca\u0107. Mieli\u015bmy okazj\u0119 po zesz\u0142orocznym mega sukcesie naszego festiwalu znowu wy\u015brubowa\u0107 jako\u015b\u0107 kt\u00f3r\u0105 mogli\u015bmy nawet przykry\u0107 mocno dotowan\u0105 tegoroczn\u0105 augustowsk\u0105 imprez\u0119, by\u0142oby tak gdyby z nieznanych przyczyn kto\u015b nie w\u0142\u0105czy\u0142 hamulca i wyhamowa\u0142 progres naszego wydarzenia. Bez urazy ale nawet por\u00f3wnuj\u0105c zdj\u0119cia i filmy z zesz\u0142ego roku z tegoroczn\u0105 imprez\u0105 nawet laicy zauwa\u017cyli ogromn\u0105 r\u00f3\u017cnic\u0119. Scena z zesz\u0142ego roku wygl\u0105da\u0142a bardziej atrakcyjnie od tegorocznej w Augustowie z milionowym bud\u017cetem. Podobnie z kiblami kt\u00f3re kto\u015b ustawi\u0142 w\u015br\u00f3d widowni strzelaj\u0105c sobie w kolano jako ca\u0142kowity nietakt. Uwag jest bardzo du\u017co ale nie chc\u0119 bi\u0107 le\u017c\u0105cego, nie trzeba na si\u0142\u0119 lansowa\u0107 si\u0119 na marce kt\u00f3ra zosta\u0142a wypracowana cz\u0119sto kosztem wielu wyrzecze\u0144, nie musi te\u017c tego dalej robi\u0107 kole\u015b kt\u00f3ry jest tu tylko przyjezdnym, zostawmy RockWater jako legend\u0119 a dla mieszka\u0144c\u00f3w niech powstanie impreza skierowana do nich z Zenkiem, Skolimem czy szantami bo chyba o to chodzi. Dla wiadomo\u015bci os\u00f3b neguj\u0105cych festiwal znacz\u0105ca ilo\u015b\u0107 posiadaczy dzia\u0142ek nad Serwami ale tak\u017ce innymi jeziorami oraz ca\u0142\u0105 gmin\u0119 P\u0142aska znale\u017ali si\u0119 tutaj dzi\u0119ki festiwalowi, kt\u00f3ry kiedy\u015b odwiedzili i ju\u017c zostali, festiwal promuje Serwy ale bez w\u0105tpienia promuje ca\u0142y region, bo to tak dzia\u0142a. Festiwal jest ostatni\u0105 szans\u0105 aby pobudzi\u0107 turystyk\u0119 kt\u00f3ra w naszym regionie coraz bardziej s\u0142abnie. Festiwal jest mark\u0105 og\u00f3lnopolsk\u0105 czyli znan\u0105 w ca\u0142ej Polsce, zmiana jej profilu szybko zmieni j\u0105 w wydarzenie lokalne a nawet miejscowe bo silny o\u015brodek w Augustowie nigdy ju\u017c nie pozwoli aby konkurencja uros\u0142a obok niego. Podsumowuj\u0105c w tym roku si\u0119 uda\u0142o bo si\u0142a tej imprezy zw\u0142aszcza po zesz\u0142ym roku jest bardzo du\u017ca, czy uda si\u0119 w nast\u0119pnym? By\u0107 mo\u017ce cho\u0107 mam obawy zw\u0142aszcza po klapie wizerunkowej w tym roku. Czy warto jest ratowa\u0107 RockWater? Zostawiam to mieszka\u0144com, pieni\u0105dze przeznaczone na festiwal i tak nigdy nie zostan\u0105 przeznaczone na drogi czy inne cele bo to inne \u015brodki. Gratuluj\u0119 Panie W\u00f3jcie super impreza jak kto\u015b doda\u0142 &#8221; jak zawsze&#8221;<\/p>\n\n\n\n<p class=\"wp-block-paragraph\">\uf0b7&nbsp; <strong>Odpowiedz<\/strong><\/p>\n\n\n\n<p class=\"wp-block-paragraph\"><a href=\"https:\/\/www.facebook.com\/agnieszka.skibowska?comment_id=Y29tbWVudDoxMjIyMzAyMjY0NDQzMTM2MjNfMTc0NjY0OTM1NjI1MjU4OQ%3D%3D&amp;__cft__%5b0%5d=AZZLwC6bXuFdUMrM1nJa-Di7uL0ocRG_QYN9CMd3uVllZfd0uxQ9FmpQoo6TUV1PUJOOlcxY7PSD624M9xLktyZp866HgWnW7bWCXYYu1v6H13v3HvAWE_X-2dlu9NsWY3BFNbEoVRRqAbUzTB6zoES95ITrBQnI7SNC5D4Au0B7glMP3yn4rbn2L9GP0FcIUZ_oa_vCM9EVyu3L2kpL6wTT&amp;__tn__=R-R\"><strong>Agnieszka Skibowska<\/strong><\/a><\/p>\n\n\n\n<p class=\"wp-block-paragraph\">W zesz\u0142ym roku by\u0142am pierwszy raz i nie \u017ca\u0142uj\u0119,by\u0142am w szoku, \u017ce w tak ma\u0142ej mie\u015bcinie jak Serwy mo\u017ce by\u0107 co\u015b takiego, pi\u0119kne wydarzenie organizacja, scena, zespo\u0142y, koncerty, no Mega!!!<\/p>\n\n\n\n<p class=\"wp-block-paragraph\">To ile razy wychodzi\u0142e\u015b na scen\u0119,kontakt z widowni\u0105 chcia\u0142o si\u0119 s\u0142ucha\u0107 i by\u0142o oczywiste \u017ce tworzy to cz\u0142owiek z pasj\u0105&nbsp;<\/p>\n\n\n\n<p class=\"wp-block-paragraph\">By\u0142am pewna \u017ce w tym roku musz\u0119 te\u017c tam by\u0107, wi\u0119c wcze\u015bniejsze zorganizowanie wolnego z pracy i kupienie bilet\u00f3w na ca\u0142e wydarzenie kilka miesi\u0119cy przed imprez\u0105 uwa\u017ca\u0142am za co\u015b oczywistego,czeka\u0142am i cieszy\u0142am si\u0119 jak ma\u0142e dziecko.<\/p>\n\n\n\n<p class=\"wp-block-paragraph\">Szanowny panie w\u00f3jcie&#8230;<\/p>\n\n\n\n<p class=\"wp-block-paragraph\">Jak \u017ce du\u017ce by\u0142o moje rozczarowanie jak ju\u017c tam dotar\u0142am pierwszego dnia,koszulki z molami,magnesy z ubieg\u0142ego roku,na bramie opr\u00f3cz przesympatycznej ochrony&nbsp;wita\u0142 zapach pieczonych ziemniak\u00f3w i toi toi niezapomniane chwile.<\/p>\n\n\n\n<p class=\"wp-block-paragraph\">Ten mi\u0119dzyczas kiedy to zespo\u0142y wyjd\u0105 na scen\u0119 trwa\u0142 wieki liczenie artyst\u00f3w do dziesi\u0119ciu zanim si\u0119 wszystko ustawi i sprawdzi by\u0142 imponuj\u0105cy.<\/p>\n\n\n\n<p class=\"wp-block-paragraph\">Pan w\u00f3jt przez ca\u0142a imprez\u0119 kilka razy pojawi\u0142 si\u0119 na scenie ,chyba tylko po to by sprawdzi\u0107 czy jeszcze kto\u015b jest, tym piskliwym g\u0142osikiem jak si\u0119 bawi\u0105 Serwy.<\/p>\n\n\n\n<p class=\"wp-block-paragraph\">,,No jak si\u0119 zap\u0142aci\u0142o to robim co mo\u017cem.&#8221;<\/p>\n\n\n\n<p class=\"wp-block-paragraph\">Sam fakt przez ca\u0142\u0105 imprez\u0119 nie by\u0142 udost\u0119pniony aktualny post,wszystko z ubieg\u0142ego roku to chyba daje co\u015b do my\u015blenia,arty\u015bci musieli je\u017adzi\u0107 po miejscowo\u015bci szuka\u0107 noclegu, kultura by wymaga\u0142a przywita\u0107 jak nie osobi\u015bcie to wytyczy\u0107 osob\u0119 godn\u0105,poniewa\u017c to arty\u015bci s\u0105 najwa\u017cniejsi.<\/p>\n\n\n\n<p class=\"wp-block-paragraph\">D\u0142ugo by tak wytyka\u0107 jeszcze b\u0142\u0119dy, dlatego Grzegorz \u0141apczy\u0144ski cudowny cz\u0142owieku, ja b\u0142agam nie pozw\u00f3l na to by tak pi\u0119kny stw\u00f3r jak&nbsp;<a href=\"https:\/\/www.facebook.com\/profile.php?id=100040041262036&amp;__cft__%5b0%5d=AZZLwC6bXuFdUMrM1nJa-Di7uL0ocRG_QYN9CMd3uVllZfd0uxQ9FmpQoo6TUV1PUJOOlcxY7PSD624M9xLktyZp866HgWnW7bWCXYYu1v6H13v3HvAWE_X-2dlu9NsWY3BFNbEoVRRqAbUzTB6zoES95ITrBQnI7SNC5D4Au0B7glMP3yn4rbn2L9GP0FcIUZ_oa_vCM9EVyu3L2kpL6wTT&amp;__tn__=R-R\"><strong>RockWater Festival<\/strong><\/a>&nbsp;wyhodowany na twojej piersi, sta\u0142 si\u0119 gminnymi do\u017cynkami!!!<\/p>\n\n\n\n<p class=\"wp-block-paragraph\">I jak brzmi wasz hymn &#8230;<\/p>\n\n\n\n<p class=\"wp-block-paragraph\">Na s\u0142abe nerwy &#8230;w tym roku nie okaza\u0142y si\u0119 Serwy tylko Catering Kalinka i ich dobre piwo&nbsp;&nbsp;bez tego nie da\u0142o si\u0119<\/p>\n\n\n\n<p class=\"wp-block-paragraph\">Pozdrawiam cieplutko<\/p>\n\n\n\n<p class=\"wp-block-paragraph\"><\/p>\n","protected":false},"excerpt":{"rendered":"<p>Zanim napisz\u0119 swoje podsumowanie, oddaj\u0119 g\u0142os innym. Najpierw tw\u00f3rcy RockWater \u2013 Grzegorzowi \u0141apczy\u0144skiemu. A zaraz potem jednej z uczestniczek festiwalu, kt\u00f3ra przyjecha\u0142a do Serw zachwycona ubieg\u0142oroczn\u0105 edycj\u0105 i w tym roku&#8230; prze\u017cy\u0142a do\u015b\u0107 brutalne zderzenie z rzeczywisto\u015bci\u0105. I przyznam, \u017ce to zestawienie jest znakomite. Pan \u0141apczy\u0144ski robi to jeszcze elegancko. Pisze o \u201esukcesie\u201d, gratuluje, ale [&hellip;]<\/p>\n","protected":false},"author":1,"featured_media":0,"comment_status":"open","ping_status":"open","sticky":false,"template":"","format":"standard","meta":{"_coblocks_attr":"","_coblocks_dimensions":"","_coblocks_responsive_height":"","_coblocks_accordion_ie_support":"","hide_page_title":"","footnotes":""},"categories":[1],"tags":[],"class_list":["post-1914","post","type-post","status-publish","format-standard","hentry","category-uncategorized"],"_links":{"self":[{"href":"https:\/\/plaska.info\/index.php?rest_route=\/wp\/v2\/posts\/1914","targetHints":{"allow":["GET"]}}],"collection":[{"href":"https:\/\/plaska.info\/index.php?rest_route=\/wp\/v2\/posts"}],"about":[{"href":"https:\/\/plaska.info\/index.php?rest_route=\/wp\/v2\/types\/post"}],"author":[{"embeddable":true,"href":"https:\/\/plaska.info\/index.php?rest_route=\/wp\/v2\/users\/1"}],"replies":[{"embeddable":true,"href":"https:\/\/plaska.info\/index.php?rest_route=%2Fwp%2Fv2%2Fcomments&post=1914"}],"version-history":[{"count":1,"href":"https:\/\/plaska.info\/index.php?rest_route=\/wp\/v2\/posts\/1914\/revisions"}],"predecessor-version":[{"id":1915,"href":"https:\/\/plaska.info\/index.php?rest_route=\/wp\/v2\/posts\/1914\/revisions\/1915"}],"wp:attachment":[{"href":"https:\/\/plaska.info\/index.php?rest_route=%2Fwp%2Fv2%2Fmedia&parent=1914"}],"wp:term":[{"taxonomy":"category","embeddable":true,"href":"https:\/\/plaska.info\/index.php?rest_route=%2Fwp%2Fv2%2Fcategories&post=1914"},{"taxonomy":"post_tag","embeddable":true,"href":"https:\/\/plaska.info\/index.php?rest_route=%2Fwp%2Fv2%2Ftags&post=1914"}],"curies":[{"name":"wp","href":"https:\/\/api.w.org\/{rel}","templated":true}]}}