{"id":1912,"date":"2026-08-18T20:33:29","date_gmt":"2026-08-18T19:33:29","guid":{"rendered":"https:\/\/plaska.info\/?p=1912"},"modified":"2026-08-18T20:33:29","modified_gmt":"2026-08-18T19:33:29","slug":"zabierzcie-mu-internet-w-imie-boga-i-dla-dobra-gminy-plaska","status":"publish","type":"post","link":"https:\/\/plaska.info\/?p=1912","title":{"rendered":"Zabierzcie mu internet. W imi\u0119 Boga i dla dobra Gminy P\u0142aska."},"content":{"rendered":"\n<p class=\"wp-block-paragraph\">Za godzin\u0119 napisz\u0119 wi\u0119cej, ale mam ju\u017c do\u015b\u0107 tej b\u0142azenady.<\/p>\n\n\n\n<p class=\"wp-block-paragraph\">Pan W\u00f3jt znowu odpali\u0142 si\u0119 na Facebooku.<\/p>\n\n\n\n<p class=\"wp-block-paragraph\">I naprawd\u0119 zaczynam si\u0119 zastanawia\u0107, czy wszyscy \u017cyjemy w tej samej rzeczywisto\u015bci.<\/p>\n\n\n\n<p class=\"wp-block-paragraph\">Bo mo\u017cna uprawia\u0107 PR.<br>Mo\u017cna przedstawia\u0107 rzeczy w korzystnym dla siebie \u015bwietle.<br>Mo\u017cna nawet bardzo kreatywnie interpretowa\u0107 fakty.<\/p>\n\n\n\n<p class=\"wp-block-paragraph\">Ale w pewnym momencie zaczyna si\u0119 ju\u017c <strong>alternatywna rzeczywisto\u015b\u0107 i naginanie fakt\u00f3w<\/strong>.<\/p>\n\n\n\n<p class=\"wp-block-paragraph\">Przeczyta\u0142em w\u0142a\u015bnie podsumowanie RockWater Festival 2026 autorstwa Pana W\u00f3jta.<\/p>\n\n\n\n<p class=\"wp-block-paragraph\"><strong>\u201eJedna z najlepszych imprez w Regionie!\u201d<\/strong><\/p>\n\n\n\n<p class=\"wp-block-paragraph\">No dobrze.<\/p>\n\n\n\n<p class=\"wp-block-paragraph\">Skoro Pan W\u00f3jt postanowi\u0142 og\u0142osi\u0107 sukces, to za godzin\u0119 sprawdzimy, <strong>jak ten sukces wygl\u0105da po wy\u0142\u0105czeniu Facebooka i w\u0142\u0105czeniu rzeczywisto\u015bci.<\/strong><\/p>\n\n\n\n<p class=\"wp-block-paragraph\">Tym bardziej \u017ce g\u0142os zabra\u0142 r\u00f3wnie\u017c <strong>tw\u00f3rca RockWater<\/strong>.<\/p>\n\n\n\n<p class=\"wp-block-paragraph\">I mam nieodparte wra\u017cenie, \u017ce obaj Panowie opisuj\u0105 dwie zupe\u0142nie r\u00f3\u017cne imprezy.<\/p>\n\n\n\n<p class=\"wp-block-paragraph\">B\u0119dzie ciekawie.<\/p>\n\n\n\n<p class=\"wp-block-paragraph\"><strong>Do zobaczenia za godzin\u0119. \ud83d\ude09<\/strong><\/p>\n\n\n\n<h2 class=\"wp-block-heading\"><a href=\"https:\/\/www.facebook.com\/michalpiotrskubis?__cft__[0]=AZZ1yBH_PauqYmw9VcDNbJGUux66QsOGzs51tOu25ZYR0XksDOqBuvZlqwkRrwWU20aIC656MvGQlCaK08MxXienKcM7VuRqlxvqq4_797ipbvCwFj75qVxWzFgLBboJy6vajPhbsJPErapBUwNZaDmTaz7YgpMx5NtJZ0MupF6yeYlgy0Lp4NSS5CJnT0JxlnvZRX4DlUq2BumeNr69lYSP&amp;__tn__=-UC%2CP-R\"><strong>Micha\u0142 Piotr Skubis &#8211; w\u00f3jt gminy P\u0142aska<\/strong><\/a><\/h2>\n\n\n\n<p class=\"wp-block-paragraph\"><a href=\"https:\/\/www.facebook.com\/michalpiotrskubis\/posts\/pfbid0M2WM9t4XTddB775kzU4Ag7ztpxqjpJWN8zCXyvGMrZZBEvDyXTXijuKRMkNfTxA8l?__cft__[0]=AZZ1yBH_PauqYmw9VcDNbJGUux66QsOGzs51tOu25ZYR0XksDOqBuvZlqwkRrwWU20aIC656MvGQlCaK08MxXienKcM7VuRqlxvqq4_797ipbvCwFj75qVxWzFgLBboJy6vajPhbsJPErapBUwNZaDmTaz7YgpMx5NtJZ0MupF6yeYlgy0Lp4NSS5CJnT0JxlnvZRX4DlUq2BumeNr69lYSP&amp;__tn__=%2CO%2CP-R\"><strong>1\u034f1\u034f&nbsp;\u034fs\u034fi\u034fe\u034fr\u034fp\u034fn\u034fi\u034fa\u034f&nbsp;\u034fo\u034f&nbsp;\u034f2\u034f0\u034f:\u034f5\u034f4\u034f<\/strong><\/a>&nbsp;\u00b7<\/p>\n\n\n\n<p class=\"wp-block-paragraph\"><img loading=\"lazy\" decoding=\"async\" height=\"16\" width=\"16\" alt=\"\ud83c\udfb8\" src=\"https:\/\/static.xx.fbcdn.net\/images\/emoji.php\/v9\/t21\/1\/16\/1f3b8.png\"><a href=\"https:\/\/www.facebook.com\/profile.php?id=100040041262036&amp;__cft__[0]=AZZ1yBH_PauqYmw9VcDNbJGUux66QsOGzs51tOu25ZYR0XksDOqBuvZlqwkRrwWU20aIC656MvGQlCaK08MxXienKcM7VuRqlxvqq4_797ipbvCwFj75qVxWzFgLBboJy6vajPhbsJPErapBUwNZaDmTaz7YgpMx5NtJZ0MupF6yeYlgy0Lp4NSS5CJnT0JxlnvZRX4DlUq2BumeNr69lYSP&amp;__tn__=-]K-R\">RockWater Festival<\/a> Serwy 2026 ju\u017c za nami! <img loading=\"lazy\" decoding=\"async\" height=\"16\" width=\"16\" alt=\"\ud83c\udfb8\" src=\"https:\/\/static.xx.fbcdn.net\/images\/emoji.php\/v9\/t21\/1\/16\/1f3b8.png\"><\/p>\n\n\n\n<p class=\"wp-block-paragraph\">Cho\u0107 festiwal dobieg\u0142 ko\u0144ca, emocje wci\u0105\u017c s\u0105 z nami, a wspomnienia z pla\u017cy w Serwach jeszcze d\u0142ugo b\u0119d\u0105 \u017cywe. <img loading=\"lazy\" decoding=\"async\" height=\"16\" width=\"16\" alt=\"\ud83d\ude0a\" src=\"https:\/\/static.xx.fbcdn.net\/images\/emoji.php\/v9\/t7f\/1\/16\/1f60a.png\"> Czas wi\u0119c na kr\u00f3tkie podsumowanie i przede wszystkim \u2013 wielkie podzi\u0119kowania! <img loading=\"lazy\" decoding=\"async\" height=\"16\" width=\"16\" alt=\"\u2764\ufe0f\" src=\"https:\/\/static.xx.fbcdn.net\/images\/emoji.php\/v9\/t6c\/1\/16\/2764.png\"><\/p>\n\n\n\n<p class=\"wp-block-paragraph\">Na pocz\u0105tek dzi\u0119kuj\u0119 Wszystkim, kt\u00f3rzy przybyli na pla\u017c\u0119 w Serwach \u2013 naszym Mieszka\u0144com, ale tak\u017ce Go\u015bciom, kt\u00f3rzy przyjechali do nas z r\u00f3\u017cnych stron. To w\u0142a\u015bnie dla Was warto by\u0142o podj\u0105\u0107 ten wysi\u0142ek! <img loading=\"lazy\" decoding=\"async\" height=\"16\" width=\"16\" alt=\"\ud83d\ude4c\" src=\"https:\/\/static.xx.fbcdn.net\/images\/emoji.php\/v9\/tfd\/1\/16\/1f64c.png\"><\/p>\n\n\n\n<p class=\"wp-block-paragraph\"><img loading=\"lazy\" decoding=\"async\" height=\"16\" width=\"16\" alt=\"\ud83c\udfb6\" src=\"https:\/\/static.xx.fbcdn.net\/images\/emoji.php\/v9\/t1f\/1\/16\/1f3b6.png\"> Dzi\u0119kuj\u0119 naszym Artystom!<\/p>\n\n\n\n<p class=\"wp-block-paragraph\">To Wy stworzyli\u015bcie atmosfer\u0119, energi\u0119 i muzyczny klimat, dzi\u0119ki kt\u00f3rym mogli\u015bmy wsp\u00f3lnie prze\u017cy\u0107 naprawd\u0119 wyj\u0105tkowy festiwal. \u015amia\u0142o mog\u0119 powiedzie\u0107 \u2013 RockWater Festival 2026 by\u0142 jedn\u0105 z najlepszych imprez w Regionie! <img loading=\"lazy\" decoding=\"async\" height=\"16\" width=\"16\" alt=\"\ud83e\udd18\" src=\"https:\/\/static.xx.fbcdn.net\/images\/emoji.php\/v9\/t38\/1\/16\/1f918.png\"><img loading=\"lazy\" decoding=\"async\" height=\"16\" width=\"16\" alt=\"\ud83d\udd25\" src=\"https:\/\/static.xx.fbcdn.net\/images\/emoji.php\/v9\/t50\/1\/16\/1f525.png\"><\/p>\n\n\n\n<p class=\"wp-block-paragraph\">Luxtorpeda, Orkiestra Dni Naszych, Strefa Mocnych Wiatr\u00f3w, R\u00f3\u017ce Europy, EKY Gdynia, Szantana, Mechanicy Shanty, Jack Sparrow Band, Mocny Pr\u0105d \u2013 dzi\u0119ki wielkie za muzyk\u0119, energi\u0119 i \u015bwietn\u0105 zabaw\u0119! <img loading=\"lazy\" decoding=\"async\" height=\"16\" width=\"16\" alt=\"\ud83c\udfb8\" src=\"https:\/\/static.xx.fbcdn.net\/images\/emoji.php\/v9\/t21\/1\/16\/1f3b8.png\"><img loading=\"lazy\" decoding=\"async\" height=\"16\" width=\"16\" alt=\"\ud83e\udd41\" src=\"https:\/\/static.xx.fbcdn.net\/images\/emoji.php\/v9\/t8e\/1\/16\/1f941.png\"><img loading=\"lazy\" decoding=\"async\" height=\"16\" width=\"16\" alt=\"\ud83c\udfa4\" src=\"https:\/\/static.xx.fbcdn.net\/images\/emoji.php\/v9\/t7e\/1\/16\/1f3a4.png\"><\/p>\n\n\n\n<p class=\"wp-block-paragraph\"><img loading=\"lazy\" decoding=\"async\" height=\"16\" width=\"16\" alt=\"\ud83d\udc4f\" src=\"https:\/\/static.xx.fbcdn.net\/images\/emoji.php\/v9\/tfe\/1\/16\/1f44f.png\"> Ogromne podzi\u0119kowania kieruj\u0119 tak\u017ce do naszych K\u00f3\u0142 Gospody\u0144 Wiejskich \u2013 jak zwykle spisa\u0142y\u015bcie si\u0119 na medal! Jeste\u015bcie najlepsi! <img loading=\"lazy\" decoding=\"async\" height=\"16\" width=\"16\" alt=\"\u2764\ufe0f\" src=\"https:\/\/static.xx.fbcdn.net\/images\/emoji.php\/v9\/t6c\/1\/16\/2764.png\"><\/p>\n\n\n\n<p class=\"wp-block-paragraph\">Dzi\u0119kuj\u0119 r\u00f3wnie\u017c wszystkim, kt\u00f3rzy zadbali o nasze bezpiecze\u0144stwo: OSP, Policji, Medykom i Ochronie. <img loading=\"lazy\" decoding=\"async\" height=\"16\" width=\"16\" alt=\"\ud83d\ude92\" src=\"https:\/\/static.xx.fbcdn.net\/images\/emoji.php\/v9\/t67\/1\/16\/1f692.png\"><img loading=\"lazy\" decoding=\"async\" height=\"16\" width=\"16\" alt=\"\ud83d\udc6e\u200d\u2642\ufe0f\" src=\"https:\/\/static.xx.fbcdn.net\/images\/emoji.php\/v9\/t2b\/1\/16\/1f46e_200d_2642.png\"><img loading=\"lazy\" decoding=\"async\" height=\"16\" width=\"16\" alt=\"\ud83d\ude91\" src=\"https:\/\/static.xx.fbcdn.net\/images\/emoji.php\/v9\/te6\/1\/16\/1f691.png\"> Dzi\u0119ki Wam mogli\u015bmy bawi\u0107 si\u0119 spokojnie i bezpiecznie.<\/p>\n\n\n\n<p class=\"wp-block-paragraph\"><img loading=\"lazy\" decoding=\"async\" height=\"16\" width=\"16\" alt=\"\ud83d\udc4f\" src=\"https:\/\/static.xx.fbcdn.net\/images\/emoji.php\/v9\/tfe\/1\/16\/1f44f.png\"> Wielkie dzi\u0119ki tak\u017ce dla ekip technicznych odpowiedzialnych za scen\u0119, \u015bwiat\u0142a i ekrany \u2013 \u015bwietna robota! <img loading=\"lazy\" decoding=\"async\" height=\"16\" width=\"16\" alt=\"\ud83d\udca1\" src=\"https:\/\/static.xx.fbcdn.net\/images\/emoji.php\/v9\/t3c\/1\/16\/1f4a1.png\"><img loading=\"lazy\" decoding=\"async\" height=\"16\" width=\"16\" alt=\"\ud83c\udf9b\ufe0f\" src=\"https:\/\/static.xx.fbcdn.net\/images\/emoji.php\/v9\/td4\/1\/16\/1f39b.png\"><\/p>\n\n\n\n<p class=\"wp-block-paragraph\">Nie mog\u0119 zapomnie\u0107 o wszystkich osobach, kt\u00f3re wspiera\u0142y organizacj\u0119 festiwalu \u2013 s\u0105siadom z Serw za pomoc logistyczn\u0105, pracownikom Urz\u0119du \u2013 dzi\u0119kuj\u0119 za Wasz\u0105 prac\u0119 i zaanga\u017cowanie! <img loading=\"lazy\" decoding=\"async\" height=\"16\" width=\"16\" alt=\"\ud83d\udcaa\" src=\"https:\/\/static.xx.fbcdn.net\/images\/emoji.php\/v9\/t6c\/1\/16\/1f4aa.png\"><\/p>\n\n\n\n<p class=\"wp-block-paragraph\">I oczywi\u015bcie ogromne podzi\u0119kowania dla ca\u0142ego Zespo\u0142u <a href=\"https:\/\/www.facebook.com\/profile.php?id=100064131035960&amp;__cft__[0]=AZZ1yBH_PauqYmw9VcDNbJGUux66QsOGzs51tOu25ZYR0XksDOqBuvZlqwkRrwWU20aIC656MvGQlCaK08MxXienKcM7VuRqlxvqq4_797ipbvCwFj75qVxWzFgLBboJy6vajPhbsJPErapBUwNZaDmTaz7YgpMx5NtJZ0MupF6yeYlgy0Lp4NSS5CJnT0JxlnvZRX4DlUq2BumeNr69lYSP&amp;__tn__=-]K-R\">Gminny O\u015brodek Kultury w P\u0142askiej<\/a> , na czele z Panem Dyrektorem Antonim Ku\u017am\u0105. <img loading=\"lazy\" decoding=\"async\" height=\"16\" width=\"16\" alt=\"\ud83d\udc4f\" src=\"https:\/\/static.xx.fbcdn.net\/images\/emoji.php\/v9\/tfe\/1\/16\/1f44f.png\"> To w\u0142a\u015bnie GOK by\u0142 w tym roku g\u0142\u00f3wnym organizatorem festiwalu i najwi\u0119cej pracy we\u0144 w\u0142o\u017cy\u0142! <img loading=\"lazy\" decoding=\"async\" height=\"16\" width=\"16\" alt=\"\u2764\ufe0f\" src=\"https:\/\/static.xx.fbcdn.net\/images\/emoji.php\/v9\/t6c\/1\/16\/2764.png\"><\/p>\n\n\n\n<p class=\"wp-block-paragraph\"><img loading=\"lazy\" decoding=\"async\" height=\"16\" width=\"16\" alt=\"\ud83d\ude4f\" src=\"https:\/\/static.xx.fbcdn.net\/images\/emoji.php\/v9\/t80\/1\/16\/1f64f.png\"> Dzi\u0119kuj\u0119 tak\u017ce naszym Partnerom i Sponsorom.<\/p>\n\n\n\n<p class=\"wp-block-paragraph\">Bez Waszego wsparcia organizacja tak du\u017cego wydarzenia nie by\u0142aby mo\u017cliwa. To r\u00f3wnie\u017c dzi\u0119ki Wam mogli\u015bmy wsp\u00f3lnie stworzy\u0107 festiwal, z kt\u00f3rego mo\u017cemy by\u0107 dumni!<\/p>\n\n\n\n<p class=\"wp-block-paragraph\"><img loading=\"lazy\" decoding=\"async\" height=\"16\" width=\"16\" alt=\"\ud83d\udc99\" src=\"https:\/\/static.xx.fbcdn.net\/images\/emoji.php\/v9\/t6c\/1\/16\/1f499.png\"><a href=\"https:\/\/www.facebook.com\/wojpodlaskie?__cft__[0]=AZZ1yBH_PauqYmw9VcDNbJGUux66QsOGzs51tOu25ZYR0XksDOqBuvZlqwkRrwWU20aIC656MvGQlCaK08MxXienKcM7VuRqlxvqq4_797ipbvCwFj75qVxWzFgLBboJy6vajPhbsJPErapBUwNZaDmTaz7YgpMx5NtJZ0MupF6yeYlgy0Lp4NSS5CJnT0JxlnvZRX4DlUq2BumeNr69lYSP&amp;__tn__=-]K-R\">Wojew\u00f3dztwo Podlaskie<\/a><\/p>\n\n\n\n<p class=\"wp-block-paragraph\"><img loading=\"lazy\" decoding=\"async\" height=\"16\" width=\"16\" alt=\"\ud83d\udc99\" src=\"https:\/\/static.xx.fbcdn.net\/images\/emoji.php\/v9\/t6c\/1\/16\/1f499.png\"><a href=\"https:\/\/www.facebook.com\/profile.php?id=100086806570086&amp;__cft__[0]=AZZ1yBH_PauqYmw9VcDNbJGUux66QsOGzs51tOu25ZYR0XksDOqBuvZlqwkRrwWU20aIC656MvGQlCaK08MxXienKcM7VuRqlxvqq4_797ipbvCwFj75qVxWzFgLBboJy6vajPhbsJPErapBUwNZaDmTaz7YgpMx5NtJZ0MupF6yeYlgy0Lp4NSS5CJnT0JxlnvZRX4DlUq2BumeNr69lYSP&amp;__tn__=-]K-R\">Marsza\u0142ek \u0141ukasz Prokorym<\/a><\/p>\n\n\n\n<p class=\"wp-block-paragraph\"><img loading=\"lazy\" decoding=\"async\" height=\"16\" width=\"16\" alt=\"\ud83d\udc99\" src=\"https:\/\/static.xx.fbcdn.net\/images\/emoji.php\/v9\/t6c\/1\/16\/1f499.png\"><a href=\"https:\/\/www.facebook.com\/profile.php?id=100064557947869&amp;__cft__[0]=AZZ1yBH_PauqYmw9VcDNbJGUux66QsOGzs51tOu25ZYR0XksDOqBuvZlqwkRrwWU20aIC656MvGQlCaK08MxXienKcM7VuRqlxvqq4_797ipbvCwFj75qVxWzFgLBboJy6vajPhbsJPErapBUwNZaDmTaz7YgpMx5NtJZ0MupF6yeYlgy0Lp4NSS5CJnT0JxlnvZRX4DlUq2BumeNr69lYSP&amp;__tn__=-]K-R\">Bogdan Dyjuk<\/a><\/p>\n\n\n\n<p class=\"wp-block-paragraph\"><img loading=\"lazy\" decoding=\"async\" height=\"16\" width=\"16\" alt=\"\ud83d\udc99\" src=\"https:\/\/static.xx.fbcdn.net\/images\/emoji.php\/v9\/t6c\/1\/16\/1f499.png\"><a href=\"https:\/\/www.facebook.com\/profile.php?id=100063567729972&amp;__cft__[0]=AZZ1yBH_PauqYmw9VcDNbJGUux66QsOGzs51tOu25ZYR0XksDOqBuvZlqwkRrwWU20aIC656MvGQlCaK08MxXienKcM7VuRqlxvqq4_797ipbvCwFj75qVxWzFgLBboJy6vajPhbsJPErapBUwNZaDmTaz7YgpMx5NtJZ0MupF6yeYlgy0Lp4NSS5CJnT0JxlnvZRX4DlUq2BumeNr69lYSP&amp;__tn__=-]K-R\">Katering Kalinka<\/a><\/p>\n\n\n\n<p class=\"wp-block-paragraph\"><img loading=\"lazy\" decoding=\"async\" height=\"16\" width=\"16\" alt=\"\ud83d\udc99\" src=\"https:\/\/static.xx.fbcdn.net\/images\/emoji.php\/v9\/t6c\/1\/16\/1f499.png\"><a href=\"https:\/\/www.facebook.com\/grupa.izoterm?__cft__[0]=AZZ1yBH_PauqYmw9VcDNbJGUux66QsOGzs51tOu25ZYR0XksDOqBuvZlqwkRrwWU20aIC656MvGQlCaK08MxXienKcM7VuRqlxvqq4_797ipbvCwFj75qVxWzFgLBboJy6vajPhbsJPErapBUwNZaDmTaz7YgpMx5NtJZ0MupF6yeYlgy0Lp4NSS5CJnT0JxlnvZRX4DlUq2BumeNr69lYSP&amp;__tn__=-]K-R\">Grupa Izoterm<\/a><\/p>\n\n\n\n<p class=\"wp-block-paragraph\"><img loading=\"lazy\" decoding=\"async\" height=\"16\" width=\"16\" alt=\"\ud83d\udc99\" src=\"https:\/\/static.xx.fbcdn.net\/images\/emoji.php\/v9\/t6c\/1\/16\/1f499.png\"> Stanica Serwy Wyspa D\u0119bowo<\/p>\n\n\n\n<p class=\"wp-block-paragraph\"><img loading=\"lazy\" decoding=\"async\" height=\"16\" width=\"16\" alt=\"\ud83d\udc99\" src=\"https:\/\/static.xx.fbcdn.net\/images\/emoji.php\/v9\/t6c\/1\/16\/1f499.png\"><a href=\"https:\/\/www.facebook.com\/MaszynyLesneAugustow?__cft__[0]=AZZ1yBH_PauqYmw9VcDNbJGUux66QsOGzs51tOu25ZYR0XksDOqBuvZlqwkRrwWU20aIC656MvGQlCaK08MxXienKcM7VuRqlxvqq4_797ipbvCwFj75qVxWzFgLBboJy6vajPhbsJPErapBUwNZaDmTaz7YgpMx5NtJZ0MupF6yeYlgy0Lp4NSS5CJnT0JxlnvZRX4DlUq2BumeNr69lYSP&amp;__tn__=-]K-R\">MaszynyLe\u015bne.eu<\/a><\/p>\n\n\n\n<p class=\"wp-block-paragraph\"><img loading=\"lazy\" decoding=\"async\" height=\"16\" width=\"16\" alt=\"\ud83d\udc99\" src=\"https:\/\/static.xx.fbcdn.net\/images\/emoji.php\/v9\/t6c\/1\/16\/1f499.png\"><a href=\"https:\/\/www.facebook.com\/nadlesnictwo.plaska?__cft__[0]=AZZ1yBH_PauqYmw9VcDNbJGUux66QsOGzs51tOu25ZYR0XksDOqBuvZlqwkRrwWU20aIC656MvGQlCaK08MxXienKcM7VuRqlxvqq4_797ipbvCwFj75qVxWzFgLBboJy6vajPhbsJPErapBUwNZaDmTaz7YgpMx5NtJZ0MupF6yeYlgy0Lp4NSS5CJnT0JxlnvZRX4DlUq2BumeNr69lYSP&amp;__tn__=-]K-R\">Nadle\u015bnictwo P\u0142aska,<\/a><\/p>\n\n\n\n<p class=\"wp-block-paragraph\"><img loading=\"lazy\" decoding=\"async\" height=\"16\" width=\"16\" alt=\"\ud83d\udc99\" src=\"https:\/\/static.xx.fbcdn.net\/images\/emoji.php\/v9\/t6c\/1\/16\/1f499.png\"><a href=\"https:\/\/www.facebook.com\/nadlesnictwoczarnabialostocka?__cft__[0]=AZZ1yBH_PauqYmw9VcDNbJGUux66QsOGzs51tOu25ZYR0XksDOqBuvZlqwkRrwWU20aIC656MvGQlCaK08MxXienKcM7VuRqlxvqq4_797ipbvCwFj75qVxWzFgLBboJy6vajPhbsJPErapBUwNZaDmTaz7YgpMx5NtJZ0MupF6yeYlgy0Lp4NSS5CJnT0JxlnvZRX4DlUq2BumeNr69lYSP&amp;__tn__=-]K-R\">Nadle\u015bnictwo Czarna Bia\u0142ostocka<\/a><\/p>\n\n\n\n<p class=\"wp-block-paragraph\"><img loading=\"lazy\" decoding=\"async\" height=\"16\" width=\"16\" alt=\"\ud83d\udc99\" src=\"https:\/\/static.xx.fbcdn.net\/images\/emoji.php\/v9\/t6c\/1\/16\/1f499.png\"><a href=\"https:\/\/www.facebook.com\/profile.php?id=61575111962560&amp;__cft__[0]=AZZ1yBH_PauqYmw9VcDNbJGUux66QsOGzs51tOu25ZYR0XksDOqBuvZlqwkRrwWU20aIC656MvGQlCaK08MxXienKcM7VuRqlxvqq4_797ipbvCwFj75qVxWzFgLBboJy6vajPhbsJPErapBUwNZaDmTaz7YgpMx5NtJZ0MupF6yeYlgy0Lp4NSS5CJnT0JxlnvZRX4DlUq2BumeNr69lYSP&amp;__tn__=-]K-R\">Nadle\u015bnictwo August\u00f3w<\/a><\/p>\n\n\n\n<p class=\"wp-block-paragraph\"><img loading=\"lazy\" decoding=\"async\" height=\"16\" width=\"16\" alt=\"\ud83d\udc99\" src=\"https:\/\/static.xx.fbcdn.net\/images\/emoji.php\/v9\/t6c\/1\/16\/1f499.png\"><a href=\"https:\/\/www.facebook.com\/profile.php?id=61573557936521&amp;__cft__[0]=AZZ1yBH_PauqYmw9VcDNbJGUux66QsOGzs51tOu25ZYR0XksDOqBuvZlqwkRrwWU20aIC656MvGQlCaK08MxXienKcM7VuRqlxvqq4_797ipbvCwFj75qVxWzFgLBboJy6vajPhbsJPErapBUwNZaDmTaz7YgpMx5NtJZ0MupF6yeYlgy0Lp4NSS5CJnT0JxlnvZRX4DlUq2BumeNr69lYSP&amp;__tn__=-]K-R\">Nadle\u015bnictwo Olecko<\/a><\/p>\n\n\n\n<p class=\"wp-block-paragraph\"><img loading=\"lazy\" decoding=\"async\" height=\"16\" width=\"16\" alt=\"\ud83d\udc99\" src=\"https:\/\/static.xx.fbcdn.net\/images\/emoji.php\/v9\/t6c\/1\/16\/1f499.png\"><a href=\"https:\/\/www.facebook.com\/drzwical?__cft__[0]=AZZ1yBH_PauqYmw9VcDNbJGUux66QsOGzs51tOu25ZYR0XksDOqBuvZlqwkRrwWU20aIC656MvGQlCaK08MxXienKcM7VuRqlxvqq4_797ipbvCwFj75qVxWzFgLBboJy6vajPhbsJPErapBUwNZaDmTaz7YgpMx5NtJZ0MupF6yeYlgy0Lp4NSS5CJnT0JxlnvZRX4DlUq2BumeNr69lYSP&amp;__tn__=-]K-R\">CAL prawdziwe drzwi<\/a><\/p>\n\n\n\n<p class=\"wp-block-paragraph\"><img loading=\"lazy\" decoding=\"async\" height=\"16\" width=\"16\" alt=\"\ud83d\udc99\" src=\"https:\/\/static.xx.fbcdn.net\/images\/emoji.php\/v9\/t6c\/1\/16\/1f499.png\"><a href=\"https:\/\/www.facebook.com\/HotelAlbatrosSerwy?__cft__[0]=AZZ1yBH_PauqYmw9VcDNbJGUux66QsOGzs51tOu25ZYR0XksDOqBuvZlqwkRrwWU20aIC656MvGQlCaK08MxXienKcM7VuRqlxvqq4_797ipbvCwFj75qVxWzFgLBboJy6vajPhbsJPErapBUwNZaDmTaz7YgpMx5NtJZ0MupF6yeYlgy0Lp4NSS5CJnT0JxlnvZRX4DlUq2BumeNr69lYSP&amp;__tn__=-]K-R\">Albatros Hotel &amp; Spa Serwy k.Augustowa<\/a><\/p>\n\n\n\n<p class=\"wp-block-paragraph\"><img loading=\"lazy\" decoding=\"async\" height=\"16\" width=\"16\" alt=\"\ud83d\udc99\" src=\"https:\/\/static.xx.fbcdn.net\/images\/emoji.php\/v9\/t6c\/1\/16\/1f499.png\"><a href=\"https:\/\/www.facebook.com\/yachtclubpacific?__cft__[0]=AZZ1yBH_PauqYmw9VcDNbJGUux66QsOGzs51tOu25ZYR0XksDOqBuvZlqwkRrwWU20aIC656MvGQlCaK08MxXienKcM7VuRqlxvqq4_797ipbvCwFj75qVxWzFgLBboJy6vajPhbsJPErapBUwNZaDmTaz7YgpMx5NtJZ0MupF6yeYlgy0Lp4NSS5CJnT0JxlnvZRX4DlUq2BumeNr69lYSP&amp;__tn__=-]K-R\">Oficerski Yacht Club Resort &amp; Spa<\/a><\/p>\n\n\n\n<p class=\"wp-block-paragraph\">Dzi\u0119kuj\u0119 Wam wszystkim raz jeszcze! <img loading=\"lazy\" decoding=\"async\" height=\"16\" width=\"16\" alt=\"\u2764\ufe0f\" src=\"https:\/\/static.xx.fbcdn.net\/images\/emoji.php\/v9\/t6c\/1\/16\/2764.png\"><\/p>\n\n\n\n<p class=\"wp-block-paragraph\">Dzi\u0119kuj\u0119 r\u00f3wnie\u017c pomys\u0142odawcy RockWater\/RockSzant\u00f3w\/Szant w Serwach &#8211; Grzegorzowi \u0141apczy\u0144skiemu. Bez Ciebie nie by\u0142oby nawet pierwszej edycji. <img loading=\"lazy\" decoding=\"async\" height=\"16\" width=\"16\" alt=\"\ud83d\ude09\" src=\"https:\/\/static.xx.fbcdn.net\/images\/emoji.php\/v9\/t57\/1\/16\/1f609.png\"><\/p>\n\n\n\n<p class=\"wp-block-paragraph\">Jestem przekonany, \u017ce wydarzenia takie jak RockWater Festival pomagaj\u0105 budowa\u0107 pozytywny wizerunek naszej Gminy P\u0142aska i pokazuj\u0105, \u017ce warto do nas przyje\u017cd\u017ca\u0107 \u2013 nie tylko na weekend, ale i na d\u0142u\u017cej. <img loading=\"lazy\" decoding=\"async\" height=\"16\" width=\"16\" alt=\"\ud83d\ude09\" src=\"https:\/\/static.xx.fbcdn.net\/images\/emoji.php\/v9\/t57\/1\/16\/1f609.png\"><img loading=\"lazy\" decoding=\"async\" height=\"16\" width=\"16\" alt=\"\ud83c\udf32\" src=\"https:\/\/static.xx.fbcdn.net\/images\/emoji.php\/v9\/tea\/1\/16\/1f332.png\"><img loading=\"lazy\" decoding=\"async\" height=\"16\" width=\"16\" alt=\"\ud83d\udca7\" src=\"https:\/\/static.xx.fbcdn.net\/images\/emoji.php\/v9\/t42\/1\/16\/1f4a7.png\"><\/p>\n\n\n\n<p class=\"wp-block-paragraph\">A Wy mo\u017cecie nam w tym pom\u00f3c! <img loading=\"lazy\" decoding=\"async\" height=\"16\" width=\"16\" alt=\"\ud83d\ude4c\" src=\"https:\/\/static.xx.fbcdn.net\/images\/emoji.php\/v9\/tfd\/1\/16\/1f64c.png\"><\/p>\n\n\n\n<p class=\"wp-block-paragraph\">Nie\u015bcie w \u015bwiat wie\u015b\u0107, \u017ce do Gminy P\u0142aska warto przyje\u017cd\u017ca\u0107 jak najcz\u0119\u015bciej \u2013 a najlepiej zosta\u0107 z nami na sta\u0142e! <img loading=\"lazy\" decoding=\"async\" height=\"16\" width=\"16\" alt=\"\u2764\ufe0f\" src=\"https:\/\/static.xx.fbcdn.net\/images\/emoji.php\/v9\/t6c\/1\/16\/2764.png\"><\/p>\n\n\n\n<p class=\"wp-block-paragraph\">Je\u015bli dobrze bawili\u015bcie si\u0119 podczas festiwalu, zostawcie r\u00f3wnie\u017c recenzj\u0119 w Google Maps lub na innych portalach. <img loading=\"lazy\" decoding=\"async\" height=\"16\" width=\"16\" alt=\"\u2b50\" src=\"https:\/\/static.xx.fbcdn.net\/images\/emoji.php\/v9\/tb4\/1\/16\/2b50.png\"><img loading=\"lazy\" decoding=\"async\" height=\"16\" width=\"16\" alt=\"\u2b50\" src=\"https:\/\/static.xx.fbcdn.net\/images\/emoji.php\/v9\/tb4\/1\/16\/2b50.png\"><img loading=\"lazy\" decoding=\"async\" height=\"16\" width=\"16\" alt=\"\u2b50\" src=\"https:\/\/static.xx.fbcdn.net\/images\/emoji.php\/v9\/tb4\/1\/16\/2b50.png\"><img loading=\"lazy\" decoding=\"async\" height=\"16\" width=\"16\" alt=\"\u2b50\" src=\"https:\/\/static.xx.fbcdn.net\/images\/emoji.php\/v9\/tb4\/1\/16\/2b50.png\"><img loading=\"lazy\" decoding=\"async\" height=\"16\" width=\"16\" alt=\"\u2b50\" src=\"https:\/\/static.xx.fbcdn.net\/images\/emoji.php\/v9\/tb4\/1\/16\/2b50.png\"><\/p>\n\n\n\n<p class=\"wp-block-paragraph\">To drobny gest, a dla naszej Gminy i lokalnej turystyki naprawd\u0119 du\u017ca pomoc!<\/p>\n\n\n\n<p class=\"wp-block-paragraph\"><img loading=\"lazy\" decoding=\"async\" height=\"16\" width=\"16\" alt=\"\ud83c\udfb8\" src=\"https:\/\/static.xx.fbcdn.net\/images\/emoji.php\/v9\/t21\/1\/16\/1f3b8.png\"><img loading=\"lazy\" decoding=\"async\" height=\"16\" width=\"16\" alt=\"\ud83c\udf0a\" src=\"https:\/\/static.xx.fbcdn.net\/images\/emoji.php\/v9\/tbc\/1\/16\/1f30a.png\"> Do zobaczenia na kolejnej edycji RockWater Festival!<\/p>\n\n\n\n<p class=\"wp-block-paragraph\">A tymczasem \u2013 dzi\u0119ki, \u017ce byli\u015bcie z nami! <img loading=\"lazy\" decoding=\"async\" height=\"16\" width=\"16\" alt=\"\u2764\ufe0f\" src=\"https:\/\/static.xx.fbcdn.net\/images\/emoji.php\/v9\/t6c\/1\/16\/2764.png\"><\/p>\n\n\n\n<p class=\"wp-block-paragraph\"><\/p>\n","protected":false},"excerpt":{"rendered":"<p>Za godzin\u0119 napisz\u0119 wi\u0119cej, ale mam ju\u017c do\u015b\u0107 tej b\u0142azenady. Pan W\u00f3jt znowu odpali\u0142 si\u0119 na Facebooku. I naprawd\u0119 zaczynam si\u0119 zastanawia\u0107, czy wszyscy \u017cyjemy w tej samej rzeczywisto\u015bci. Bo mo\u017cna uprawia\u0107 PR.Mo\u017cna przedstawia\u0107 rzeczy w korzystnym dla siebie \u015bwietle.Mo\u017cna nawet bardzo kreatywnie interpretowa\u0107 fakty. Ale w pewnym momencie zaczyna si\u0119 ju\u017c alternatywna rzeczywisto\u015b\u0107 i [&hellip;]<\/p>\n","protected":false},"author":1,"featured_media":0,"comment_status":"open","ping_status":"open","sticky":false,"template":"","format":"standard","meta":{"_coblocks_attr":"","_coblocks_dimensions":"","_coblocks_responsive_height":"","_coblocks_accordion_ie_support":"","hide_page_title":"","footnotes":""},"categories":[1],"tags":[],"class_list":["post-1912","post","type-post","status-publish","format-standard","hentry","category-uncategorized"],"_links":{"self":[{"href":"https:\/\/plaska.info\/index.php?rest_route=\/wp\/v2\/posts\/1912","targetHints":{"allow":["GET"]}}],"collection":[{"href":"https:\/\/plaska.info\/index.php?rest_route=\/wp\/v2\/posts"}],"about":[{"href":"https:\/\/plaska.info\/index.php?rest_route=\/wp\/v2\/types\/post"}],"author":[{"embeddable":true,"href":"https:\/\/plaska.info\/index.php?rest_route=\/wp\/v2\/users\/1"}],"replies":[{"embeddable":true,"href":"https:\/\/plaska.info\/index.php?rest_route=%2Fwp%2Fv2%2Fcomments&post=1912"}],"version-history":[{"count":1,"href":"https:\/\/plaska.info\/index.php?rest_route=\/wp\/v2\/posts\/1912\/revisions"}],"predecessor-version":[{"id":1913,"href":"https:\/\/plaska.info\/index.php?rest_route=\/wp\/v2\/posts\/1912\/revisions\/1913"}],"wp:attachment":[{"href":"https:\/\/plaska.info\/index.php?rest_route=%2Fwp%2Fv2%2Fmedia&parent=1912"}],"wp:term":[{"taxonomy":"category","embeddable":true,"href":"https:\/\/plaska.info\/index.php?rest_route=%2Fwp%2Fv2%2Fcategories&post=1912"},{"taxonomy":"post_tag","embeddable":true,"href":"https:\/\/plaska.info\/index.php?rest_route=%2Fwp%2Fv2%2Ftags&post=1912"}],"curies":[{"name":"wp","href":"https:\/\/api.w.org\/{rel}","templated":true}]}}