{"id":1872,"date":"2026-08-07T07:00:00","date_gmt":"2026-08-07T06:00:00","guid":{"rendered":"https:\/\/plaska.info\/?p=1872"},"modified":"2026-08-07T08:51:48","modified_gmt":"2026-08-07T07:51:48","slug":"czyli-jednak-klamali","status":"publish","type":"post","link":"https:\/\/plaska.info\/?p=1872","title":{"rendered":"Czyli jednak k\u0142amali?"},"content":{"rendered":"\n<p class=\"wp-block-paragraph\"><\/p>\n\n\n\n<p class=\"wp-block-paragraph\"><strong>Dzisiaj nie b\u0119dzie prze\u015bmiewczego komentarza, ani obrazka, bo sprawa jest zbyt powa\u017cna. Przeczytajcie poni\u017cej email jaki otrzyma\u0142 Pan Zdancewicz z ca\u0142\u0105 Wsp\u00f3ln\u0105 Spraw\u0105. Sami sobie odpowiedzcie w jakim \u015bwiecie \u017cyjecie. A oni mo\u017ce si\u0119 zastanowi\u0105, \u017ce my wiemy co zrobili z t\u0105 gmin\u0105.<\/strong><\/p>\n\n\n\n<p class=\"wp-block-paragraph\">Dzie\u0144 dobry,<\/p>\n\n\n\n<p class=\"wp-block-paragraph\">dzi\u0119kuj\u0119 Panu Zdancewiczowi za przes\u0142anie informacji (za\u0142\u0105cznik). Oznacza to, \u017ce zrzucaj\u0105c dane dzisiaj mamy wszystkie informacje 12 miesi\u0119cy wstecz.<\/p>\n\n\n\n<p class=\"wp-block-paragraph\">Musz\u0119 jeszcze wyja\u015bni\u0107 jedn\u0105 kwesti\u0119 z Zak\u0142adem Gospodarki Komunalnej, poniewa\u017c przekazane dane r\u00f3\u017cni\u0105 si\u0119 od informacji, kt\u00f3re wcze\u015bniej otrzyma\u0142em z ZGK. Pani Magda wraca z urlopu za oko\u0142o dwa tygodnie i w\u00f3wczas postaramy si\u0119 wyja\u015bni\u0107 te rozbie\u017cno\u015bci. Zwr\u00f3ci\u0142em r\u00f3wnie\u017c uwag\u0119, \u017ce przes\u0142any dokument nie stanowi zrzutu z systemu Libra RS.<\/p>\n\n\n\n<p class=\"wp-block-paragraph\">Jednocze\u015bnie ciesz\u0119 si\u0119, \u017ce przekazane informacje potwierdzaj\u0105 okoliczno\u015bci, na kt\u00f3re zwraca\u0142em uwag\u0119 od pocz\u0105tku prowadzenia tej sprawy. Wszystkie przedstawiane przeze mnie twierdzenia znalaz\u0142y potwierdzenie w przekazanej dokumentacji, natomiast informacje przekazywane wcze\u015bniej przez Urz\u0105d okaza\u0142y si\u0119 niezgodne ze stanem faktycznym. \u0141\u0105cznie z oficjalnymi emailami W\u00f3jta i nagranymi s\u0142owami Pani Przewodnicz\u0105cej Rady, kt\u00f3re bardzo \u017ale si\u0119 zestarza\u0142y. Nawet twierdzenia na komisji Skarg Wniosk\u00f3w i Petycji okaza\u0142y si\u0119 nieprawdziwe. Tak samo g\u0142osowane przez komisj\u0119 stanowisko kt\u00f3re odrzuca\u0142o skarg\u0119. Nawet mecenas napisa\u0142 nieprawd\u0119. Jak to si\u0119ga g\u0142\u0119boko?<\/p>\n\n\n\n<p class=\"wp-block-paragraph\">Dzi\u0119ki temu rzeczywisty przebieg zdarze\u0144 staje si\u0119 coraz bardziej jednoznaczny.<\/p>\n\n\n\n<p class=\"wp-block-paragraph\">Niezale\u017cnie od powy\u017cszego rozumiem, \u017ce przedstawione informacje stanowi\u0105 ostateczne potwierdzenie, i\u017c rozliczenie rycza\u0142towe za okres&nbsp;<strong>grudzie\u0144 2024 r. \u2013 marzec 2025 r.<\/strong>&nbsp;zosta\u0142o przeprowadzone niezgodnie z obowi\u0105zuj\u0105c\u0105 uchwa\u0142\u0105 Rady Gminy oraz zatwierdzonymi dokumentami przez Wody Polskie. Oznacza to, \u017ce Gmina P\u0142aska mia\u0142a mo\u017cliwo\u015b\u0107 dokonania rozliczenia zgodnie z obowi\u0105zuj\u0105cymi zasadami, jednak z przyczyn, kt\u00f3rych obecnie nie znam, podj\u0119to inn\u0105 decyzj\u0119, skutkuj\u0105c\u0105 nieprawid\u0142owym rozliczeniem mieszka\u0144c\u00f3w.<\/p>\n\n\n\n<p class=\"wp-block-paragraph\">Ocena przyczyn podj\u0119cia takiej decyzji oraz odpowiedzialno\u015bci za jej skutki pozostaje ju\u017c w gestii w\u0142a\u015bciwych organ\u00f3w Gminy w tym Pani \u015alepskiej, Pani Citkowskiej i Pana Demskiego. Mam nadziej\u0119 tylko, \u017ce w patrz\u0105c na zgromadzone dowody, ju\u017c nie b\u0119dzie cudu &#8222;nad urn\u0105&#8221; i tym razem b\u0119dzie to uczciwe.<\/p>\n\n\n\n<h2 class=\"wp-block-heading\"><strong>Zak\u0142adam r\u00f3wnie\u017c, \u017ce konsekwencj\u0105 potwierdzenia tych okoliczno\u015bci b\u0119dzie dokonanie stosownych korekt oraz zwrot mieszka\u0144com nienale\u017cnie pobranych \u015brodk\u00f3w.<\/strong><\/h2>\n\n\n\n<p class=\"wp-block-paragraph\"><\/p>\n\n\n\n<p class=\"wp-block-paragraph\"><\/p>\n\n\n\n<p class=\"wp-block-paragraph\"><\/p>\n","protected":false},"excerpt":{"rendered":"<p>Dzisiaj nie b\u0119dzie prze\u015bmiewczego komentarza, ani obrazka, bo sprawa jest zbyt powa\u017cna. Przeczytajcie poni\u017cej email jaki otrzyma\u0142 Pan Zdancewicz z ca\u0142\u0105 Wsp\u00f3ln\u0105 Spraw\u0105. Sami sobie odpowiedzcie w jakim \u015bwiecie \u017cyjecie. A oni mo\u017ce si\u0119 zastanowi\u0105, \u017ce my wiemy co zrobili z t\u0105 gmin\u0105. Dzie\u0144 dobry, dzi\u0119kuj\u0119 Panu Zdancewiczowi za przes\u0142anie informacji (za\u0142\u0105cznik). Oznacza to, \u017ce [&hellip;]<\/p>\n","protected":false},"author":1,"featured_media":0,"comment_status":"open","ping_status":"open","sticky":false,"template":"","format":"standard","meta":{"_coblocks_attr":"","_coblocks_dimensions":"","_coblocks_responsive_height":"","_coblocks_accordion_ie_support":"","hide_page_title":"","footnotes":""},"categories":[1],"tags":[],"class_list":["post-1872","post","type-post","status-publish","format-standard","hentry","category-uncategorized"],"_links":{"self":[{"href":"https:\/\/plaska.info\/index.php?rest_route=\/wp\/v2\/posts\/1872","targetHints":{"allow":["GET"]}}],"collection":[{"href":"https:\/\/plaska.info\/index.php?rest_route=\/wp\/v2\/posts"}],"about":[{"href":"https:\/\/plaska.info\/index.php?rest_route=\/wp\/v2\/types\/post"}],"author":[{"embeddable":true,"href":"https:\/\/plaska.info\/index.php?rest_route=\/wp\/v2\/users\/1"}],"replies":[{"embeddable":true,"href":"https:\/\/plaska.info\/index.php?rest_route=%2Fwp%2Fv2%2Fcomments&post=1872"}],"version-history":[{"count":4,"href":"https:\/\/plaska.info\/index.php?rest_route=\/wp\/v2\/posts\/1872\/revisions"}],"predecessor-version":[{"id":1876,"href":"https:\/\/plaska.info\/index.php?rest_route=\/wp\/v2\/posts\/1872\/revisions\/1876"}],"wp:attachment":[{"href":"https:\/\/plaska.info\/index.php?rest_route=%2Fwp%2Fv2%2Fmedia&parent=1872"}],"wp:term":[{"taxonomy":"category","embeddable":true,"href":"https:\/\/plaska.info\/index.php?rest_route=%2Fwp%2Fv2%2Fcategories&post=1872"},{"taxonomy":"post_tag","embeddable":true,"href":"https:\/\/plaska.info\/index.php?rest_route=%2Fwp%2Fv2%2Ftags&post=1872"}],"curies":[{"name":"wp","href":"https:\/\/api.w.org\/{rel}","templated":true}]}}