{"id":1867,"date":"2026-08-07T11:39:00","date_gmt":"2026-08-07T10:39:00","guid":{"rendered":"https:\/\/plaska.info\/?p=1867"},"modified":"2026-08-07T11:16:32","modified_gmt":"2026-08-07T10:16:32","slug":"wiecie-co-jest-piekne-w-mediach-spolecznosciowych","status":"publish","type":"post","link":"https:\/\/plaska.info\/?p=1867","title":{"rendered":"Wiecie, co jest pi\u0119kne w mediach spo\u0142eczno\u015bciowych?"},"content":{"rendered":"\n<figure class=\"wp-block-image size-full\"><img loading=\"lazy\" decoding=\"async\" width=\"756\" height=\"605\" src=\"https:\/\/plaska.info\/wp-content\/uploads\/2026\/08\/image-3.jpeg\" alt=\"\" class=\"wp-image-1868\" srcset=\"https:\/\/plaska.info\/wp-content\/uploads\/2026\/08\/image-3.jpeg 756w, https:\/\/plaska.info\/wp-content\/uploads\/2026\/08\/image-3-300x240.jpeg 300w\" sizes=\"auto, (max-width: 756px) 100vw, 756px\" \/><\/figure>\n\n\n\n<p class=\"wp-block-paragraph\">Na przyk\u0142adzie poni\u017cszego zdj\u0119cia poka\u017c\u0119 Wam, jak \u0142atwo mo\u017cna zbudowa\u0107 okre\u015blony wizerunek, pokazuj\u0105c tylko fragment rzeczywisto\u015bci. Jak \u0142atwo mo\u017cna zbudowa\u0107 okre\u015blony przekaz, eksponuj\u0105c jedne fakty, a pomijaj\u0105c inne.<\/p>\n\n\n\n<figure class=\"wp-block-image size-full\"><img loading=\"lazy\" decoding=\"async\" width=\"755\" height=\"398\" src=\"https:\/\/plaska.info\/wp-content\/uploads\/2026\/08\/image-3.png\" alt=\"\" class=\"wp-image-1869\" srcset=\"https:\/\/plaska.info\/wp-content\/uploads\/2026\/08\/image-3.png 755w, https:\/\/plaska.info\/wp-content\/uploads\/2026\/08\/image-3-300x158.png 300w\" sizes=\"auto, (max-width: 755px) 100vw, 755px\" \/><\/figure>\n\n\n\n<p class=\"wp-block-paragraph\">Dzisiaj mo\u017cna napisa\u0107 praktycznie wszystko.<\/p>\n\n\n\n<p class=\"wp-block-paragraph\">Mo\u017cna napisa\u0107:<\/p>\n\n\n\n<ul class=\"wp-block-list\">\n<li><strong>\u201e4 mln z\u0142\u201d.<\/strong><\/li>\n\n\n\n<li><strong>\u201eWybrany wi\u0119kszo\u015bci\u0105 73,4% g\u0142os\u00f3w\u201d.<\/strong><\/li>\n\n\n\n<li><strong>Mo\u017cna zrobi\u0107 zdj\u0119cie z mikrofonami, flagami i konferencj\u0105 prasow\u0105.<\/strong><\/li>\n<\/ul>\n\n\n\n<p class=\"wp-block-paragraph\">I cz\u0142owiek spoza gminy pomy\u015bli:<\/p>\n\n\n\n<p class=\"wp-block-paragraph\"><strong>\u201eAle\u017c skuteczny W\u00f3jt. Prawdziwy lider.\u201d<\/strong><\/p>\n\n\n\n<p class=\"wp-block-paragraph\">Problem zaczyna si\u0119 wtedy, gdy odbiorca zna dalszy&#8230; i wcze\u015bniejszy ci\u0105g tej historii.<\/p>\n\n\n\n<p class=\"wp-block-paragraph\">A skoro ju\u017c mowa o zdj\u0119ciu, to nawet ono pokazuje, \u017ce zabrak\u0142o dba\u0142o\u015bci o szczeg\u00f3\u0142y. Za du\u017ca i wyra\u017anie pognieciona marynarka nie buduje profesjonalnego wizerunku gospodarza gminy. Kto\u015b powie: drobiazg. Owszem. Ale w\u0142a\u015bnie z takich drobiazg\u00f3w sk\u0142ada si\u0119 pierwsze wra\u017cenie. A ju\u017c na pewno postrzeganie Naszej Gminy.<\/p>\n\n\n\n<p class=\"wp-block-paragraph\">Bo napis na zdj\u0119ciu nie aktualizuje si\u0119 sam.<\/p>\n\n\n\n<p class=\"wp-block-paragraph\">Nie dopisuje, co wydarzy\u0142o si\u0119 p\u00f3\u017aniej.<\/p>\n\n\n\n<p class=\"wp-block-paragraph\">Nie pokazuje prawdziwej kwoty na koniec.<\/p>\n\n\n\n<p class=\"wp-block-paragraph\">Nie informuje, czy inwestycja zosta\u0142a zrealizowana zgodnie z zapowiedziami.<\/p>\n\n\n\n<p class=\"wp-block-paragraph\">Nie wyja\u015bnia, jak zako\u0144czy\u0142a si\u0119 sprawa, kt\u00f3r\u0105 jeszcze niedawno przedstawiano jako sukces.<\/p>\n\n\n\n<p class=\"wp-block-paragraph\">Nie pisze o zwrotach dotacji i zap\u0142aconych karach oraz niezrealizowanych elementach.<\/p>\n\n\n\n<p class=\"wp-block-paragraph\">Zostaje tylko reklama.<\/p>\n\n\n\n<p class=\"wp-block-paragraph\"><\/p>\n\n\n\n<p class=\"wp-block-paragraph\">Podobnie jest z wynikiem wybor\u00f3w.<\/p>\n\n\n\n<p class=\"wp-block-paragraph\"><strong>73,4% wygl\u0105da imponuj\u0105co.<\/strong><\/p>\n\n\n\n<p class=\"wp-block-paragraph\">Na plakacie.<\/p>\n\n\n\n<p class=\"wp-block-paragraph\">Tylko \u017ce liczby nie opowiadaj\u0105 ca\u0142ej historii.<\/p>\n\n\n\n<p class=\"wp-block-paragraph\">Pan Micha\u0142 Skubis nie by\u0142 w\u00f3wczas wieloletnim samorz\u0105dowcem z bogatym dorobkiem ocenianym przez mieszka\u0144c\u00f3w. Nie by\u0142 te\u017c spo\u0142ecznikiem. Nie by\u0142 nawet mieszka\u0144cem gminy. By\u0142 kandydatem, kt\u00f3rego znakomita wi\u0119kszo\u015b\u0107 mieszka\u0144c\u00f3w wcze\u015bniej nie zna\u0142a. Kampania trwa\u0142a kr\u00f3tko, a wybory odbywa\u0142y si\u0119 w atmosferze silnej potrzeby zmiany po poprzedniej kadencji. Z pokazaniem kandydata Wsp\u00f3lna Sprawa czeka do ostatniego mo\u017cliwego momentu. Do dzisiaj pami\u0119tam kto z Wsp\u00f3lnej Sprawy pisa\u0142 do mnie, \u017ce nie chc\u0105 spali\u0107 kandydata. A my uwierzyli\u015bmy naszym s\u0105siadom, spo\u0142ecznikom Wsp\u00f3lnej Sprawy, kt\u00f3rzy oprowadzali go po Naszych domach i wychwalali pod niebiosa.<\/p>\n\n\n\n<p class=\"wp-block-paragraph\"><strong>Nie mam w\u0105tpliwo\u015bci, \u017ce wynik by\u0142 prawdziwy. Mam natomiast w\u0105tpliwo\u015bci, czy by\u0142 wy\u0142\u0105cznie osobistym sukcesem Pana Micha\u0142a Skubisa. W mojej ocenie by\u0142 przede wszystkim wyrazem ogromnej potrzeby zmiany po poprzedniej kadencji.<\/strong><\/p>\n\n\n\n<p class=\"wp-block-paragraph\">Kiedy\u015b us\u0142ysza\u0142em zdanie:<\/p>\n\n\n\n<p class=\"wp-block-paragraph\"><strong>\u201eGdyby Wsp\u00f3lna Sprawa wystawi\u0142a zamiast kandydata doniczk\u0119 z fikusem, te\u017c by wygra\u0142a. I wynik by\u0142by dok\u0142adnie identyczny.\u201d<\/strong><\/p>\n\n\n\n<p class=\"wp-block-paragraph\">Nie zgadzam si\u0119 z form\u0105.<\/p>\n\n\n\n<p class=\"wp-block-paragraph\">Ale doskonale rozumiem, co autor mia\u0142 na my\u015bli.<\/p>\n\n\n\n<p class=\"wp-block-paragraph\">Dlatego prawdziwy egzamin trwa ju\u017c trzeci rok. I jest bolesny dla gminy.<\/p>\n\n\n\n<p class=\"wp-block-paragraph\">Bo w nast\u0119pnych wyborach nie b\u0119dzie ju\u017c g\u0142osowania na obietnice.<\/p>\n\n\n\n<p class=\"wp-block-paragraph\">B\u0119dzie g\u0142osowanie nad pi\u0119cioma latami konkretnych decyzji.<\/p>\n\n\n\n<p class=\"wp-block-paragraph\">I wtedy \u017cadne zdj\u0119cie w tle nie zast\u0105pi odpowiedzi na pytanie, czy mieszka\u0144cy uznaj\u0105 t\u0119 kadencj\u0119 za sukces.<\/p>\n\n\n\n<p class=\"wp-block-paragraph\">Na razie pozostaje jedna refleksja.<\/p>\n\n\n\n<p class=\"wp-block-paragraph\"><strong>Media spo\u0142eczno\u015bciowe s\u0105 wspania\u0142ym narz\u0119dziem.<\/strong><\/p>\n\n\n\n<p class=\"wp-block-paragraph\">Mo\u017cna zbudowa\u0107 wizerunek jednym zdj\u0119ciem, jednym has\u0142em i jedn\u0105 liczb\u0105.<\/p>\n\n\n\n<p class=\"wp-block-paragraph\">Mo\u017cna sprawi\u0107, \u017ce kto\u015b, kto nigdy nie by\u0142 w P\u0142askiej, pomy\u015bli:<\/p>\n\n\n\n<p class=\"wp-block-paragraph\"><strong>\u201eTam to si\u0119 dzieje.\u201d<\/strong><\/p>\n\n\n\n<p class=\"wp-block-paragraph\">Tylko \u017ce rzeczywisto\u015b\u0107 ma t\u0119 irytuj\u0105c\u0105 cech\u0119, \u017ce pr\u0119dzej czy p\u00f3\u017aniej dopisuje w\u0142asny komentarz.<\/p>\n\n\n\n<p class=\"wp-block-paragraph\"><strong>Media spo\u0142eczno\u015bciowe potrafi\u0105 wykreowa\u0107 niemal wszystko.<\/strong><\/p>\n\n\n\n<p class=\"wp-block-paragraph\"><strong>Skutecznego samorz\u0105dowca.<\/strong><\/p>\n\n\n\n<p class=\"wp-block-paragraph\"><strong>Spektakularny sukces.<\/strong><\/p>\n\n\n\n<p class=\"wp-block-paragraph\"><strong>Idealny wizerunek.<\/strong><\/p>\n\n\n\n<p class=\"wp-block-paragraph\"><strong>Problem w tym, \u017ce mieszka\u0144cy nie mieszkaj\u0105 na Facebooku.<\/strong><\/p>\n\n\n\n<p class=\"wp-block-paragraph\"><strong>Mieszkaj\u0105 w rzeczywisto\u015bci.<\/strong><\/p>\n\n\n\n<p class=\"wp-block-paragraph\"><strong>A rzeczywisto\u015b\u0107 pr\u0119dzej czy p\u00f3\u017aniej wystawia w\u0142asn\u0105 ocen\u0119.<\/strong><\/p>\n\n\n\n<p class=\"wp-block-paragraph\"><\/p>\n","protected":false},"excerpt":{"rendered":"<p>Na przyk\u0142adzie poni\u017cszego zdj\u0119cia poka\u017c\u0119 Wam, jak \u0142atwo mo\u017cna zbudowa\u0107 okre\u015blony wizerunek, pokazuj\u0105c tylko fragment rzeczywisto\u015bci. Jak \u0142atwo mo\u017cna zbudowa\u0107 okre\u015blony przekaz, eksponuj\u0105c jedne fakty, a pomijaj\u0105c inne. Dzisiaj mo\u017cna napisa\u0107 praktycznie wszystko. Mo\u017cna napisa\u0107: I cz\u0142owiek spoza gminy pomy\u015bli: \u201eAle\u017c skuteczny W\u00f3jt. Prawdziwy lider.\u201d Problem zaczyna si\u0119 wtedy, gdy odbiorca zna dalszy&#8230; i wcze\u015bniejszy [&hellip;]<\/p>\n","protected":false},"author":1,"featured_media":0,"comment_status":"open","ping_status":"open","sticky":false,"template":"","format":"standard","meta":{"_coblocks_attr":"","_coblocks_dimensions":"","_coblocks_responsive_height":"","_coblocks_accordion_ie_support":"","hide_page_title":"","footnotes":""},"categories":[1],"tags":[],"class_list":["post-1867","post","type-post","status-publish","format-standard","hentry","category-uncategorized"],"_links":{"self":[{"href":"https:\/\/plaska.info\/index.php?rest_route=\/wp\/v2\/posts\/1867","targetHints":{"allow":["GET"]}}],"collection":[{"href":"https:\/\/plaska.info\/index.php?rest_route=\/wp\/v2\/posts"}],"about":[{"href":"https:\/\/plaska.info\/index.php?rest_route=\/wp\/v2\/types\/post"}],"author":[{"embeddable":true,"href":"https:\/\/plaska.info\/index.php?rest_route=\/wp\/v2\/users\/1"}],"replies":[{"embeddable":true,"href":"https:\/\/plaska.info\/index.php?rest_route=%2Fwp%2Fv2%2Fcomments&post=1867"}],"version-history":[{"count":5,"href":"https:\/\/plaska.info\/index.php?rest_route=\/wp\/v2\/posts\/1867\/revisions"}],"predecessor-version":[{"id":1882,"href":"https:\/\/plaska.info\/index.php?rest_route=\/wp\/v2\/posts\/1867\/revisions\/1882"}],"wp:attachment":[{"href":"https:\/\/plaska.info\/index.php?rest_route=%2Fwp%2Fv2%2Fmedia&parent=1867"}],"wp:term":[{"taxonomy":"category","embeddable":true,"href":"https:\/\/plaska.info\/index.php?rest_route=%2Fwp%2Fv2%2Fcategories&post=1867"},{"taxonomy":"post_tag","embeddable":true,"href":"https:\/\/plaska.info\/index.php?rest_route=%2Fwp%2Fv2%2Ftags&post=1867"}],"curies":[{"name":"wp","href":"https:\/\/api.w.org\/{rel}","templated":true}]}}