{"id":1855,"date":"2026-08-05T15:58:34","date_gmt":"2026-08-05T14:58:34","guid":{"rendered":"https:\/\/plaska.info\/?p=1855"},"modified":"2026-08-05T15:58:34","modified_gmt":"2026-08-05T14:58:34","slug":"turystyka-oczami-pana-leszka-rzeczywistosc-oczami-turysty","status":"publish","type":"post","link":"https:\/\/plaska.info\/?p=1855","title":{"rendered":"Turystyka oczami Pana Leszka. Rzeczywisto\u015b\u0107 oczami turysty."},"content":{"rendered":"\n<figure class=\"wp-block-image size-large\"><img loading=\"lazy\" decoding=\"async\" width=\"1024\" height=\"683\" src=\"http:\/\/plaska.info\/wp-content\/uploads\/2026\/08\/ChatGPT-Image-5-sie-2026-16_53_30-1024x683.png\" alt=\"\" class=\"wp-image-1858\" srcset=\"https:\/\/plaska.info\/wp-content\/uploads\/2026\/08\/ChatGPT-Image-5-sie-2026-16_53_30-1024x683.png 1024w, https:\/\/plaska.info\/wp-content\/uploads\/2026\/08\/ChatGPT-Image-5-sie-2026-16_53_30-300x200.png 300w, https:\/\/plaska.info\/wp-content\/uploads\/2026\/08\/ChatGPT-Image-5-sie-2026-16_53_30-768x512.png 768w, https:\/\/plaska.info\/wp-content\/uploads\/2026\/08\/ChatGPT-Image-5-sie-2026-16_53_30.png 1536w\" sizes=\"auto, (max-width: 1024px) 100vw, 1024px\" \/><\/figure>\n\n\n\n<figure class=\"wp-block-image size-full\"><img loading=\"lazy\" decoding=\"async\" width=\"572\" height=\"691\" src=\"https:\/\/plaska.info\/wp-content\/uploads\/2026\/08\/image-2.png\" alt=\"\" class=\"wp-image-1857\" srcset=\"https:\/\/plaska.info\/wp-content\/uploads\/2026\/08\/image-2.png 572w, https:\/\/plaska.info\/wp-content\/uploads\/2026\/08\/image-2-248x300.png 248w\" sizes=\"auto, (max-width: 572px) 100vw, 572px\" \/><\/figure>\n\n\n\n<figure class=\"wp-block-image size-full\"><img loading=\"lazy\" decoding=\"async\" width=\"560\" height=\"122\" src=\"https:\/\/plaska.info\/wp-content\/uploads\/2026\/08\/image-1.png\" alt=\"\" class=\"wp-image-1856\" srcset=\"https:\/\/plaska.info\/wp-content\/uploads\/2026\/08\/image-1.png 560w, https:\/\/plaska.info\/wp-content\/uploads\/2026\/08\/image-1-300x65.png 300w\" sizes=\"auto, (max-width: 560px) 100vw, 560px\" \/><\/figure>\n\n\n\n<p class=\"wp-block-paragraph\">Ale nie same zdj\u0119cia s\u0105 dzi\u015b najciekawsze.<\/p>\n\n\n\n<p class=\"wp-block-paragraph\">Najciekawszy jest komentarz, kt\u00f3ry pojawi\u0142 si\u0119 pod nimi.<\/p>\n\n\n\n<p class=\"wp-block-paragraph\">To chyba pewny kandydat do tytu\u0142u &#8222;Dzban miesi\u0105ca&#8221;. I nie chodzi o zdj\u0119cia. Chodzi o pr\u00f3b\u0119 przekonania mieszka\u0144c\u00f3w, \u017ce taki widok jest czym\u015b normalnym.<\/p>\n\n\n\n<p class=\"wp-block-paragraph\">Pan Leszek Skubis napisa\u0142 w skr\u00f3cie, \u017ce po weekendzie \u015bmieci jest wi\u0119cej, pracownicy potrzebuj\u0105 czasu i w\u0142a\u015bciwie nie ma o co robi\u0107 ha\u0142asu.<\/p>\n\n\n\n<p class=\"wp-block-paragraph\">Ot\u00f3\u017c jest.<\/p>\n\n\n\n<p class=\"wp-block-paragraph\">I to z bardzo prostego powodu.<\/p>\n\n\n\n<p class=\"wp-block-paragraph\">Turysta nie ocenia harmonogramu pracy urz\u0119du. Turysta ocenia to, co widzi po wyj\u015bciu z samochodu.<\/p>\n\n\n\n<p class=\"wp-block-paragraph\">\u015amieci nie maj\u0105 weekendu. Turysta r\u00f3wnie\u017c.<\/p>\n\n\n\n<p class=\"wp-block-paragraph\">Je\u017celi widzi worki ze \u015bmieciami le\u017c\u0105ce na pla\u017cy, to w\u0142a\u015bnie taki obraz zabiera ze sob\u0105 do domu.<\/p>\n\n\n\n<p class=\"wp-block-paragraph\">Nie interesuje go, czy jest poniedzia\u0142ek, wtorek czy \u015broda.<\/p>\n\n\n\n<p class=\"wp-block-paragraph\">Nie interesuje go, ilu pracownik\u00f3w przysz\u0142o do pracy.<\/p>\n\n\n\n<p class=\"wp-block-paragraph\">Nie interesuje go r\u00f3wnie\u017c, \u017ce \u015bmieci \u201eza chwil\u0119 zostan\u0105 zabrane\u201d.<\/p>\n\n\n\n<p class=\"wp-block-paragraph\">Interesuje go tylko jedno.<\/p>\n\n\n\n<p class=\"wp-block-paragraph\">Czy gmina potrafi zadba\u0107 o miejsce, za kt\u00f3rego promocj\u0119 i utrzymanie odpowiada.<\/p>\n\n\n\n<p class=\"wp-block-paragraph\">I tutaj dochodzimy do sedna.<\/p>\n\n\n\n<p class=\"wp-block-paragraph\">Za standard us\u0142ug publicznych nie odpowiada turysta.<\/p>\n\n\n\n<p class=\"wp-block-paragraph\">Nie odpowiada r\u00f3wnie\u017c mieszkaniec, kt\u00f3ry zrobi zdj\u0119cie.<\/p>\n\n\n\n<p class=\"wp-block-paragraph\">Odpowiada kierownictwo gminy. Na jego czele stoi W\u00f3jt.<\/p>\n\n\n\n<p class=\"wp-block-paragraph\">Bo to on organizuje prac\u0119 urz\u0119du.<\/p>\n\n\n\n<p class=\"wp-block-paragraph\">To on ustala standardy.<\/p>\n\n\n\n<p class=\"wp-block-paragraph\">To on odpowiada za to, aby po weekendzie infrastruktura turystyczna by\u0142a przygotowana na kolejnych go\u015bci.<\/p>\n\n\n\n<p class=\"wp-block-paragraph\">Je\u017celi prowadzi si\u0119 pole namiotowe, wiadomo z g\u00f3ry, \u017ce najwi\u0119ksza ilo\u015b\u0107 odpad\u00f3w pojawi si\u0119 w\u0142a\u015bnie po weekendzie. To nie jest zdarzenie losowe.<\/p>\n\n\n\n<p class=\"wp-block-paragraph\">To rzecz ca\u0142kowicie przewidywalna.<\/p>\n\n\n\n<p class=\"wp-block-paragraph\">Dlatego organizuje si\u0119 odbi\u00f3r odpad\u00f3w tak, aby rano tury\u015bci zastali porz\u0105dek, a nie worki ze \u015bmieciami rozrzucone przy pla\u017cy.<\/p>\n\n\n\n<p class=\"wp-block-paragraph\">Je\u017celi obecny system nie dzia\u0142a, to zmienia si\u0119 system.<\/p>\n\n\n\n<p class=\"wp-block-paragraph\">Mo\u017cna ustawi\u0107 wi\u0119ksze pojemniki.<\/p>\n\n\n\n<p class=\"wp-block-paragraph\">Mo\u017cna zwi\u0119kszy\u0107 cz\u0119stotliwo\u015b\u0107 odbioru.<\/p>\n\n\n\n<p class=\"wp-block-paragraph\">Mo\u017cna zastosowa\u0107 zamkni\u0119te kontenery.<\/p>\n\n\n\n<p class=\"wp-block-paragraph\">Mo\u017cna zorganizowa\u0107 dodatkowy wyw\u00f3z w poniedzia\u0142ek rano.<\/p>\n\n\n\n<p class=\"wp-block-paragraph\">Mo\u017cliwo\u015bci jest wiele.<\/p>\n\n\n\n<p class=\"wp-block-paragraph\">Natomiast t\u0142umaczenie, \u017ce \u201epo weekendzie zawsze jest wi\u0119cej \u015bmieci\u201d, nie rozwi\u0105zuje \u017cadnego problemu.<\/p>\n\n\n\n<p class=\"wp-block-paragraph\">Wr\u0119cz przeciwnie.<\/p>\n\n\n\n<p class=\"wp-block-paragraph\">Jest przyznaniem, \u017ce problem by\u0142 znany, przewidywalny i&#8230; nic z nim nie zrobiono.<\/p>\n\n\n\n<p class=\"wp-block-paragraph\">Najgorsze w tym komentarzu nie jest to, co wyja\u015bnia. Najgorsze jest to, co ujawnia. Bo skoro problem by\u0142 oczywisty i przewidywalny, to dlaczego nikt nie przygotowa\u0142 si\u0119 na jego wyst\u0105pienie?<\/p>\n\n\n\n<p class=\"wp-block-paragraph\">To nie jest pech. To jest spos\u00f3b zarz\u0105dzania.<\/p>\n\n\n\n<p class=\"wp-block-paragraph\">Kolejna kwestia.<\/p>\n\n\n\n<p class=\"wp-block-paragraph\">Na gminnych polach namiotowych od lat pobierana jest op\u0142ata miejscowa od turyst\u00f3w odwiedzaj\u0105cych gmin\u0119 oraz op\u0142ata za nocleg.<\/p>\n\n\n\n<p class=\"wp-block-paragraph\">Skoro oczekujemy wp\u0142yw\u00f3w z turystyki, powinni\u015bmy r\u00f3wnie\u017c zapewni\u0107 standard odpowiadaj\u0105cy pobieranym op\u0142atom. Pla\u017ca pe\u0142na work\u00f3w ze \u015bmieciami z pewno\u015bci\u0105 takim standardem nie jest.<\/p>\n\n\n\n<p class=\"wp-block-paragraph\">I jeszcze jedno pytanie.<\/p>\n\n\n\n<p class=\"wp-block-paragraph\">Gdzie tury\u015bci maj\u0105 zostawi\u0107 posegregowane worki ze \u015bmieciami, je\u017celi na miejscu brakuje odpowiedniej liczby pojemnik\u00f3w?<\/p>\n\n\n\n<p class=\"wp-block-paragraph\">Zabra\u0107 je do Warszawy?<\/p>\n\n\n\n<p class=\"wp-block-paragraph\">Czy mo\u017ce wozi\u0107 w baga\u017cniku do ko\u0144ca urlopu?<\/p>\n\n\n\n<p class=\"wp-block-paragraph\">Na koniec wr\u00f3c\u0119 do komentarza Pana Leszka.<\/p>\n\n\n\n<p class=\"wp-block-paragraph\">Rozumiem, \u017ce mo\u017cna pr\u00f3bowa\u0107 t\u0142umaczy\u0107 ka\u017cd\u0105 sytuacj\u0119.<\/p>\n\n\n\n<p class=\"wp-block-paragraph\">Tylko \u017ce zdj\u0119cia nie wymagaj\u0105 t\u0142umaczenia.<\/p>\n\n\n\n<p class=\"wp-block-paragraph\">One pokazuj\u0105 efekt organizacji pracy.<\/p>\n\n\n\n<p class=\"wp-block-paragraph\">A za ten efekt odpowiada jedna osoba.<\/p>\n\n\n\n<p class=\"wp-block-paragraph\">W\u00f3jt Gminy P\u0142aska.<\/p>\n\n\n\n<p class=\"wp-block-paragraph\">Dlatego zamiast przekonywa\u0107 mieszka\u0144c\u00f3w, \u017ce taki widok jest czym\u015b normalnym, lepiej zada\u0107 sobie jedno pytanie:<\/p>\n\n\n\n<p class=\"wp-block-paragraph\">Dlaczego do takiej sytuacji w og\u00f3le dosz\u0142o?<\/p>\n\n\n\n<p class=\"wp-block-paragraph\">Bo w\u0142a\u015bnie od odpowiedzi na to pytanie zaczyna si\u0119 dobre zarz\u0105dzanie.<\/p>\n\n\n\n<p class=\"wp-block-paragraph\">Wi\u0119c Panie Leszku, pozwol\u0119 sobie przypomnie\u0107 star\u0105 zasad\u0119: mowa jest srebrem, a milczenie z\u0142otem. S\u0105 sytuacje, w kt\u00f3rych ka\u017cde kolejne zdanie bardziej szkodzi ni\u017c pomaga. I mam wra\u017cenie, \u017ce w\u0142a\u015bnie z tak\u0105 sytuacj\u0105 mamy dzi\u015b do czynienia.<\/p>\n\n\n\n<p class=\"wp-block-paragraph\">Bo tury\u015bci nie czytaj\u0105 komentarzy. Oni ogl\u0105daj\u0105 pla\u017ce.<\/p>\n\n\n\n<p class=\"wp-block-paragraph\">Dlatego czasami najlepsz\u0105 obron\u0105 nie jest znalezienie kolejnego usprawiedliwienia.<\/p>\n\n\n\n<p class=\"wp-block-paragraph\">Czasami najlepsz\u0105 obron\u0105 jest po prostu usuni\u0119cie problemu.<\/p>\n","protected":false},"excerpt":{"rendered":"<p>Ale nie same zdj\u0119cia s\u0105 dzi\u015b najciekawsze. Najciekawszy jest komentarz, kt\u00f3ry pojawi\u0142 si\u0119 pod nimi. To chyba pewny kandydat do tytu\u0142u &#8222;Dzban miesi\u0105ca&#8221;. I nie chodzi o zdj\u0119cia. Chodzi o pr\u00f3b\u0119 przekonania mieszka\u0144c\u00f3w, \u017ce taki widok jest czym\u015b normalnym. Pan Leszek Skubis napisa\u0142 w skr\u00f3cie, \u017ce po weekendzie \u015bmieci jest wi\u0119cej, pracownicy potrzebuj\u0105 czasu i [&hellip;]<\/p>\n","protected":false},"author":1,"featured_media":0,"comment_status":"open","ping_status":"open","sticky":false,"template":"","format":"standard","meta":{"_coblocks_attr":"","_coblocks_dimensions":"","_coblocks_responsive_height":"","_coblocks_accordion_ie_support":"","hide_page_title":"","footnotes":""},"categories":[1],"tags":[],"class_list":["post-1855","post","type-post","status-publish","format-standard","hentry","category-uncategorized"],"_links":{"self":[{"href":"https:\/\/plaska.info\/index.php?rest_route=\/wp\/v2\/posts\/1855","targetHints":{"allow":["GET"]}}],"collection":[{"href":"https:\/\/plaska.info\/index.php?rest_route=\/wp\/v2\/posts"}],"about":[{"href":"https:\/\/plaska.info\/index.php?rest_route=\/wp\/v2\/types\/post"}],"author":[{"embeddable":true,"href":"https:\/\/plaska.info\/index.php?rest_route=\/wp\/v2\/users\/1"}],"replies":[{"embeddable":true,"href":"https:\/\/plaska.info\/index.php?rest_route=%2Fwp%2Fv2%2Fcomments&post=1855"}],"version-history":[{"count":1,"href":"https:\/\/plaska.info\/index.php?rest_route=\/wp\/v2\/posts\/1855\/revisions"}],"predecessor-version":[{"id":1859,"href":"https:\/\/plaska.info\/index.php?rest_route=\/wp\/v2\/posts\/1855\/revisions\/1859"}],"wp:attachment":[{"href":"https:\/\/plaska.info\/index.php?rest_route=%2Fwp%2Fv2%2Fmedia&parent=1855"}],"wp:term":[{"taxonomy":"category","embeddable":true,"href":"https:\/\/plaska.info\/index.php?rest_route=%2Fwp%2Fv2%2Fcategories&post=1855"},{"taxonomy":"post_tag","embeddable":true,"href":"https:\/\/plaska.info\/index.php?rest_route=%2Fwp%2Fv2%2Ftags&post=1855"}],"curies":[{"name":"wp","href":"https:\/\/api.w.org\/{rel}","templated":true}]}}