{"id":1850,"date":"2026-08-05T12:01:09","date_gmt":"2026-08-05T11:01:09","guid":{"rendered":"https:\/\/plaska.info\/?p=1850"},"modified":"2026-08-05T13:37:08","modified_gmt":"2026-08-05T12:37:08","slug":"potraktujcie-chetnego-na-koncert-powaznie-i-odpowiedzcie","status":"publish","type":"post","link":"https:\/\/plaska.info\/?p=1850","title":{"rendered":"AKTUALIZACJA Potraktujcie ch\u0119tnego na koncert powa\u017cnie i odpowiedzcie"},"content":{"rendered":"\n<p class=\"wp-block-paragraph\">Otrzyma\u0142em pro\u015bb\u0119 od jednego z ch\u0119tnych na Rock Water: <\/p>\n\n\n\n<p class=\"wp-block-paragraph\"><strong>&#8222;nie moge znale\u017c\u0107 informacji czy wstep na rock water dla dzieci w wieku 9 lat jes bzp\u0142atny ulgowy czy nalezy uisci\u0107 pe\u0142na kwot\u0119 ?&#8221;<\/strong><\/p>\n\n\n\n<p class=\"wp-block-paragraph\">Wys\u0142a\u0142em zapytanie do UG P\u0142aska i dyrektora GOK. <\/p>\n\n\n\n<p class=\"wp-block-paragraph\">Prosz\u0119 potraktujcie to powa\u017cnie, odpowiedzcie Panu na emaila. Je\u017celi prze\u015blecie kopi\u0119 odpowiedzi to za\u0142\u0105cz\u0119 ja dla wi\u0119kszej ilo\u015bci zainteresowanych. Mo\u017ce by\u0107 r\u00f3wnie\u017c bardziej rozbudowane o wszystkie przypadki, kto p\u0142aci, ile i jakie s\u0105 wyj\u0105tki. Mile widziane<\/p>\n\n\n\n<p class=\"wp-block-paragraph\"><\/p>\n\n\n\n<p class=\"wp-block-paragraph\">Odpowied\u017a dyrektora GOK:<\/p>\n\n\n\n<p class=\"wp-block-paragraph\">Wst\u0119p dla dzieci do lat 10 jest bezp\u0142atny (niestety wzmianka o tym<\/p>\n\n\n\n<p class=\"wp-block-paragraph\">zosta\u0142a przeoczona w regulaminie).<\/p>\n\n\n\n<p class=\"wp-block-paragraph\">Jednak wszystkie osoby niepe\u0142noletnie musz\u0105 by\u0107 pod dozorem osoby<\/p>\n\n\n\n<p class=\"wp-block-paragraph\">doros\u0142ej (rodzica lub opiekuna).<\/p>\n\n\n\n<p class=\"wp-block-paragraph\"><\/p>\n","protected":false},"excerpt":{"rendered":"<p>Otrzyma\u0142em pro\u015bb\u0119 od jednego z ch\u0119tnych na Rock Water: &#8222;nie moge znale\u017c\u0107 informacji czy wstep na rock water dla dzieci w wieku 9 lat jes bzp\u0142atny ulgowy czy nalezy uisci\u0107 pe\u0142na kwot\u0119 ?&#8221; Wys\u0142a\u0142em zapytanie do UG P\u0142aska i dyrektora GOK. Prosz\u0119 potraktujcie to powa\u017cnie, odpowiedzcie Panu na emaila. Je\u017celi prze\u015blecie kopi\u0119 odpowiedzi to za\u0142\u0105cz\u0119 [&hellip;]<\/p>\n","protected":false},"author":1,"featured_media":0,"comment_status":"open","ping_status":"open","sticky":false,"template":"","format":"standard","meta":{"_coblocks_attr":"","_coblocks_dimensions":"","_coblocks_responsive_height":"","_coblocks_accordion_ie_support":"","hide_page_title":"","footnotes":""},"categories":[1],"tags":[],"class_list":["post-1850","post","type-post","status-publish","format-standard","hentry","category-uncategorized"],"_links":{"self":[{"href":"https:\/\/plaska.info\/index.php?rest_route=\/wp\/v2\/posts\/1850","targetHints":{"allow":["GET"]}}],"collection":[{"href":"https:\/\/plaska.info\/index.php?rest_route=\/wp\/v2\/posts"}],"about":[{"href":"https:\/\/plaska.info\/index.php?rest_route=\/wp\/v2\/types\/post"}],"author":[{"embeddable":true,"href":"https:\/\/plaska.info\/index.php?rest_route=\/wp\/v2\/users\/1"}],"replies":[{"embeddable":true,"href":"https:\/\/plaska.info\/index.php?rest_route=%2Fwp%2Fv2%2Fcomments&post=1850"}],"version-history":[{"count":3,"href":"https:\/\/plaska.info\/index.php?rest_route=\/wp\/v2\/posts\/1850\/revisions"}],"predecessor-version":[{"id":1854,"href":"https:\/\/plaska.info\/index.php?rest_route=\/wp\/v2\/posts\/1850\/revisions\/1854"}],"wp:attachment":[{"href":"https:\/\/plaska.info\/index.php?rest_route=%2Fwp%2Fv2%2Fmedia&parent=1850"}],"wp:term":[{"taxonomy":"category","embeddable":true,"href":"https:\/\/plaska.info\/index.php?rest_route=%2Fwp%2Fv2%2Fcategories&post=1850"},{"taxonomy":"post_tag","embeddable":true,"href":"https:\/\/plaska.info\/index.php?rest_route=%2Fwp%2Fv2%2Ftags&post=1850"}],"curies":[{"name":"wp","href":"https:\/\/api.w.org\/{rel}","templated":true}]}}