{"id":1787,"date":"2026-07-31T18:00:00","date_gmt":"2026-07-31T17:00:00","guid":{"rendered":"https:\/\/plaska.info\/?p=1787"},"modified":"2026-07-31T18:21:46","modified_gmt":"2026-07-31T17:21:46","slug":"coz-wyglada-na-to-ze-poltoraroczna-walka-o-ustalenie-faktow-zbliza-sie-do-konca","status":"publish","type":"post","link":"https:\/\/plaska.info\/?p=1787","title":{"rendered":"C\u00f3\u017c&#8230; wygl\u0105da na to, \u017ce p\u00f3\u0142toraroczna walka o ustalenie fakt\u00f3w zbli\u017ca si\u0119 do ko\u0144ca."},"content":{"rendered":"\n<figure class=\"wp-block-image size-large\"><img loading=\"lazy\" decoding=\"async\" width=\"819\" height=\"1024\" src=\"http:\/\/plaska.info\/wp-content\/uploads\/2026\/07\/ChatGPT-Image-31-lip-2026-16_35_46-819x1024.png\" alt=\"\" class=\"wp-image-1800\" srcset=\"https:\/\/plaska.info\/wp-content\/uploads\/2026\/07\/ChatGPT-Image-31-lip-2026-16_35_46-819x1024.png 819w, https:\/\/plaska.info\/wp-content\/uploads\/2026\/07\/ChatGPT-Image-31-lip-2026-16_35_46-240x300.png 240w, https:\/\/plaska.info\/wp-content\/uploads\/2026\/07\/ChatGPT-Image-31-lip-2026-16_35_46-768x960.png 768w, https:\/\/plaska.info\/wp-content\/uploads\/2026\/07\/ChatGPT-Image-31-lip-2026-16_35_46.png 1122w\" sizes=\"auto, (max-width: 819px) 100vw, 819px\" \/><\/figure>\n\n\n\n<p class=\"wp-block-paragraph\">Dzisiaj Gmina odczyta\u0142a m\u00f3j wodomierz. Tak \u2013 ten sam, o kt\u00f3rym przez wiele miesi\u0119cy s\u0142ysza\u0142em, \u017ce jego odczyt nie pozwala na rozliczenie w oparciu o rzeczywiste zu\u017cycie. Dosta\u0142em odczyt, ale jest z nim problem. <\/p>\n\n\n\n<p class=\"wp-block-paragraph\">O tym p\u00f3\u017aniej jak dostan\u0119 odpowied\u017a.<\/p>\n\n\n\n<p class=\"wp-block-paragraph\">W dniu wczorajszym Pani Przewodnicz\u0105ca Tomczyk poinformowa\u0142a mnie r\u00f3wnie\u017c o ponownym rozpoznaniu mojej skargi z powodu \u2013 cytuj\u0119 \u2013 \u201eujawnienia nowych okoliczno\u015bci dotycz\u0105cych technicznej mo\u017cliwo\u015bci rozliczenia\u201d.<\/p>\n\n\n\n<p class=\"wp-block-paragraph\">Pozostaje wi\u0119c odpowiedzie\u0107 na jedno proste pytanie: <strong>jakie nowe okoliczno\u015bci pojawi\u0142y si\u0119 w systemie, kt\u00f3ry \u2013 z mojej wiedzy \u2013 dzia\u0142a w ten sam spos\u00f3b od 2023 roku?<\/strong><\/p>\n\n\n\n<p class=\"wp-block-paragraph\">Czy zmieni\u0142 si\u0119 system?<\/p>\n\n\n\n<p class=\"wp-block-paragraph\">Nie.<\/p>\n\n\n\n<p class=\"wp-block-paragraph\">Czy zmieni\u0142 si\u0119 wodomierz?<\/p>\n\n\n\n<p class=\"wp-block-paragraph\">Nie.<\/p>\n\n\n\n<p class=\"wp-block-paragraph\">Czy pojawi\u0142y si\u0119 nowe dane?<\/p>\n\n\n\n<p class=\"wp-block-paragraph\">Nie.<\/p>\n\n\n\n<p class=\"wp-block-paragraph\">Zmieni\u0142o si\u0119 tylko to, \u017ce mo\u017cliwo\u015b\u0107 odczytu zosta\u0142a publicznie wykazana.<\/p>\n\n\n\n<p class=\"wp-block-paragraph\">Reszt\u0119 pozostawiam Pa\u0144stwa ocenie.<\/p>\n\n\n\n<p class=\"wp-block-paragraph\">Teraz dwie z trzech os\u00f3b, kt\u00f3re g\u0142osowa\u0142y za odrzuceniem skarg maj\u0105 zag\u0142osowa\u0107 za przyj\u0119ciem. Ciekawe<\/p>\n\n\n\n<figure class=\"wp-block-image size-large\"><img loading=\"lazy\" decoding=\"async\" width=\"1024\" height=\"683\" src=\"http:\/\/plaska.info\/wp-content\/uploads\/2026\/07\/ChatGPT-Image-31-lip-2026-13_51_10-1024x683.png\" alt=\"\" class=\"wp-image-1797\" srcset=\"https:\/\/plaska.info\/wp-content\/uploads\/2026\/07\/ChatGPT-Image-31-lip-2026-13_51_10-1024x683.png 1024w, https:\/\/plaska.info\/wp-content\/uploads\/2026\/07\/ChatGPT-Image-31-lip-2026-13_51_10-300x200.png 300w, https:\/\/plaska.info\/wp-content\/uploads\/2026\/07\/ChatGPT-Image-31-lip-2026-13_51_10-768x512.png 768w, https:\/\/plaska.info\/wp-content\/uploads\/2026\/07\/ChatGPT-Image-31-lip-2026-13_51_10.png 1535w\" sizes=\"auto, (max-width: 1024px) 100vw, 1024px\" \/><\/figure>\n\n\n\n<p class=\"wp-block-paragraph\">Poni\u017cej publikuj\u0119 wiadomo\u015b\u0107 Przewodnicz\u0105cej Rady Gminy oraz moje pytania. Je\u017celi rzeczywi\u015bcie pojawi\u0142y si\u0119 \u201enowe okoliczno\u015bci\u201d, jestem ich r\u00f3wnie ciekawy jak Pa\u0144stwo.<\/p>\n\n\n\n<figure class=\"wp-block-image size-large\"><img loading=\"lazy\" decoding=\"async\" width=\"1024\" height=\"819\" src=\"http:\/\/plaska.info\/wp-content\/uploads\/2026\/07\/ChatGPT-Image-31-lip-2026-13_21_13-1024x819.png\" alt=\"\" class=\"wp-image-1792\" srcset=\"https:\/\/plaska.info\/wp-content\/uploads\/2026\/07\/ChatGPT-Image-31-lip-2026-13_21_13-1024x819.png 1024w, https:\/\/plaska.info\/wp-content\/uploads\/2026\/07\/ChatGPT-Image-31-lip-2026-13_21_13-300x240.png 300w, https:\/\/plaska.info\/wp-content\/uploads\/2026\/07\/ChatGPT-Image-31-lip-2026-13_21_13-768x615.png 768w, https:\/\/plaska.info\/wp-content\/uploads\/2026\/07\/ChatGPT-Image-31-lip-2026-13_21_13.png 1402w\" sizes=\"auto, (max-width: 1024px) 100vw, 1024px\" \/><\/figure>\n\n\n\n<p class=\"wp-block-paragraph\"><strong><em>Wiadomo\u015b\u0107 przes\u0142ana w dniu 30 lipca Przez Pani\u0105 Przewodnicz\u0105c\u0105 Tomczyk<\/em><\/strong><\/p>\n\n\n\n<p class=\"wp-block-paragraph\"><em>Szanowny Panie,<\/em><\/p>\n\n\n\n<p class=\"wp-block-paragraph\"><em>&nbsp;W odniesieniu do skargi dotycz\u0105cej sposobu rozliczenia zu\u017cycia wody informuj\u0119, \u017ce Komisja Skarg, Wniosk\u00f3w i Petycji Rady Gminy P\u0142aska \u2013 w zwi\u0105zku z ujawnieniem nowych okoliczno\u015bci dotycz\u0105cych technicznej mo\u017cliwo\u015bci rozliczenia w oparciu o rzeczywiste wskazania wodomierza \u2013 podj\u0119\u0142a w dniu 29 lipca br. decyzj\u0119 o ponownym rozpoznaniu tej skargi. O terminie posiedzenia oraz o wyniku ponownego rozpoznania zostanie Pan poinformowany w trybie przewidzianym przepisami.<\/em><\/p>\n\n\n\n<p class=\"wp-block-paragraph\"><em>&nbsp;Je\u015bli uwa\u017ca Pan, \u017ce dzia\u0142ania komisji by\u0142y sprzeczne z prawem ma Pan mo\u017cliwo\u015b\u0107 z\u0142o\u017cenia skargi do Wojewody jako organu w\u0142a\u015bciwego w takiej sprawie.<\/em><\/p>\n\n\n\n<p class=\"wp-block-paragraph\"><em>&nbsp;Pana wniosek o udost\u0119pnienie odczyt\u00f3w wodomierza, niezb\u0119dnych do weryfikacji wskazanego zu\u017cycia, przekazuj\u0119 do niezw\u0142ocznego za\u0142atwienia przez Urz\u0105d Gminy P\u0142aska jako podmiot dysponuj\u0105cy tymi danymi.<\/em><\/p>\n\n\n\n<p class=\"wp-block-paragraph\"><em>&nbsp;Jestem otwarta na wyja\u015bnienie spraw pozostaj\u0105cych w zakresie w\u0142a\u015bciwo\u015bci Rady Gminy. Ewentualne spotkanie w tej sprawie widz\u0119 w trybie roboczym, z udzia\u0142em radcy prawnego, w uzgodnionym obustronnie terminie; merytoryczne wyja\u015bnienia b\u0119d\u0105 natomiast nast\u0119powa\u0107 w obowi\u0105zuj\u0105cych trybach \u2013 post\u0119powania skargowego oraz dost\u0119pu do informacji publicznej.<\/em><\/p>\n\n\n\n<p class=\"wp-block-paragraph\"><em>&nbsp;Z powa\u017caniem<\/em><\/p>\n\n\n\n<p class=\"wp-block-paragraph\"><em>Katarzyna Tomczyk<\/em><\/p>\n\n\n\n<p class=\"wp-block-paragraph\"><em>Przewodnicz\u0105ca Rady Gminy P\u0142aska<\/em><\/p>\n\n\n\n<p class=\"wp-block-paragraph\"><\/p>\n\n\n\n<p class=\"wp-block-paragraph\">ODPOWIED\u0179<\/p>\n\n\n\n<p class=\"wp-block-paragraph\">Szanowna Pani Przewodnicz\u0105ca,<\/p>\n\n\n\n<p class=\"wp-block-paragraph\">dzi\u0119kuj\u0119 za przekazan\u0105 informacj\u0119. Pozwol\u0119 sobie do\u0142\u0105czy\u0107 do korespondencji pozosta\u0142ych Radnych Rady Gminy, aby wszyscy mieli pe\u0142n\u0105 wiedz\u0119 o przebiegu sprawy i podejmowanych dzia\u0142aniach.<\/p>\n\n\n\n<p class=\"wp-block-paragraph\">Przyjmuj\u0119 do wiadomo\u015bci decyzj\u0119 Komisji Skarg, Wniosk\u00f3w i Petycji o ponownym rozpoznaniu mojej skargi w zwi\u0105zku \u2013 jak Pani wskaza\u0142a \u2013 z ujawnieniem nowych okoliczno\u015bci dotycz\u0105cych technicznej mo\u017cliwo\u015bci rozliczenia zu\u017cycia wody na podstawie rzeczywistych wskaza\u0144 wodomierza.<\/p>\n\n\n\n<p class=\"wp-block-paragraph\">W zwi\u0105zku z powy\u017cszym chcia\u0142bym zwr\u00f3ci\u0107 uwag\u0119 na kilka kwestii.<\/p>\n\n\n\n<p class=\"wp-block-paragraph\">Po pierwsze, je\u017celi Komisja rzeczywi\u015bcie zamierza ponownie i rzetelnie rozpozna\u0107 spraw\u0119, zasadne by\u0142oby uzgodnienie ze mn\u0105 terminu posiedzenia. Ze wzgl\u0119d\u00f3w zawodowych mog\u0119 uczestniczy\u0107 w posiedzeniach przede wszystkim w poniedzia\u0142ki i pi\u0105tki. Chcia\u0142bym aktywnie uczestniczy\u0107 w pracach Komisji, zadawa\u0107 pytania oraz odnosi\u0107 si\u0119 do przedstawianych argument\u00f3w i dowod\u00f3w.<\/p>\n\n\n\n<p class=\"wp-block-paragraph\">Po drugie, prosz\u0119 o udost\u0119pnienie informacji, jakie konkretnie \u201enowe okoliczno\u015bci\u201d leg\u0142y u podstaw decyzji o ponownym rozpoznaniu skargi. Pozwoli mi to odpowiednio przygotowa\u0107 si\u0119 do posiedzenia oraz zgromadzi\u0107 ewentualne materia\u0142y dowodowe.<\/p>\n\n\n\n<p class=\"wp-block-paragraph\">Jednocze\u015bnie pragn\u0119 zauwa\u017cy\u0107, \u017ce w mojej ocenie \u017cadnych nowych okoliczno\u015bci faktycznych nie ma. Funkcjonalno\u015b\u0107 systemu odczytu wodomierzy pozostaje niezmieniona od 2023 roku. Zmianie nie uleg\u0142y r\u00f3wnie\u017c mo\u017cliwo\u015bci techniczne odczytu danych. Je\u017celi zatem Komisja dysponuje nowymi okoliczno\u015bciami, prosz\u0119 o ich wskazanie, gdy\u017c z mojej wiedzy wynika, \u017ce jedyn\u0105 zmian\u0105 jest publiczne ujawnienie przeze mnie rzeczywistych mo\u017cliwo\u015bci systemu i niezgodnego z prawem obci\u0105\u017cenia mieszka\u0144c\u00f3w, a nie ich powstanie. UG P\u0142aska i Pani Przewodnicz\u0105ca Tomczyk maj\u0105 teraz \u015bwiadomo\u015b\u0107, \u017ce dane mog\u0105 zosta\u0107 zweryfikowane niezale\u017cnie od stanowiska prezentowanego dotychczas przez Urz\u0105d Gminy.<\/p>\n\n\n\n<p class=\"wp-block-paragraph\">Skoro Komisja uzna\u0142a, \u017ce istniej\u0105 podstawy do ponownego rozpoznania jednej ze skarg, wnosz\u0119 r\u00f3wnie\u017c o rozwa\u017cenie obj\u0119cia porz\u0105dkiem obrad nast\u0119puj\u0105cych kwestii:<\/p>\n\n\n\n<ul class=\"wp-block-list\">\n<li>oceny, czy udzia\u0142 Pa\u0144 Ewy Citkowskiej i Ewy \u015alepskiej w rozpoznawaniu skargi daje gwarancj\u0119 bezstronno\u015bci wobec okoliczno\u015bci, kt\u00f3re mia\u0142y miejsce podczas poprzedniego posiedzenia Komisji- b\u0119d\u0105 s\u0119dziami we w\u0142asnej sprawie;<\/li>\n\n\n\n<li>ponownego rozpoznania skargi nr 1 dotycz\u0105cej informowania mieszka\u0144c\u00f3w o jako\u015bci wody, z uwagi na okoliczno\u015bci towarzysz\u0105ce jej rozpatrywaniu, w szczeg\u00f3lno\u015bci: przerwanie g\u0142osowania, skierowanie cz\u0142onk\u00f3w Komisji na narad\u0119, wy\u0142\u0105czenie wnioskodawcy z tej cz\u0119\u015bci posiedzenia oraz aktywny udzia\u0142 Przewodnicz\u0105cej Rady Gminy w wp\u0142ywaniu na przebieg prac Komisji;<\/li>\n\n\n\n<li>ponownego rozpoznania skargi nr 3, kt\u00f3ra by\u0142a procedowana w analogicznych okoliczno\u015bciach;<\/li>\n\n\n\n<li>rozwa\u017cenia podj\u0119cia uchwa\u0142y Komisji stwierdzaj\u0105cej, \u017ce podczas rozpoznawania skarg dosz\u0142o do istotnych narusze\u0144 proceduralnych;<\/li>\n\n\n\n<li>oceny wp\u0142ywu na wynik g\u0142osowania stanowisk przygotowanych przez Urz\u0105d Gminy, kt\u00f3re przedstawiono jako stanowiska Komisji, mimo \u017ce cz\u0142onkowie Komisji nie mieli mo\u017cliwo\u015bci zapoznania si\u0119 z ich tre\u015bci\u0105 przed posiedzeniem;<\/li>\n\n\n\n<li>oceny wp\u0142ywu na wynik g\u0142osowania zapewnie\u0144 sk\u0142adanych przez Przewodnicz\u0105c\u0105 Rady Gminy oraz Sekretarza Gminy, zgodnie z kt\u00f3rymi rozliczenie mieszka\u0144c\u00f3w wed\u0142ug rzeczywistych wskaza\u0144 wodomierzy by\u0142o niemo\u017cliwe z uwagi na ograniczenia systemu, podczas gdy obecnie Komisja sama wskazuje na mo\u017cliwo\u015b\u0107 dokonania takiego rozliczenia;<\/li>\n\n\n\n<li>rozwa\u017cenia mo\u017cliwo\u015bci podj\u0119cia przez Rad\u0119 Gminy uchwa\u0142y umo\u017cliwiaj\u0105cej rozliczenie mieszka\u0144c\u00f3w wed\u0142ug poprzednio obowi\u0105zuj\u0105cych stawek do momentu dokonania rzeczywistych odczyt\u00f3w licznik\u00f3w w marcu 2025 r., skoro dzi\u015b wiadomo, \u017ce istnia\u0142a mo\u017cliwo\u015b\u0107 ustalenia faktycznego zu\u017cycia.<\/li>\n<\/ul>\n\n\n\n<p class=\"wp-block-paragraph\">Ponadto uprzejmie prosz\u0119 o odpowied\u017a na nast\u0119puj\u0105ce pytania.<\/p>\n\n\n\n<ol start=\"1\" class=\"wp-block-list\">\n<li>Prosz\u0119 o przekazanie protoko\u0142u z posiedzenia Komisji wraz ze wszystkimi za\u0142\u0105cznikami. W poprzedniej korespondencji poinformowa\u0142a mnie Pani, \u017ce protok\u00f3\u0142 zostanie przyj\u0119ty na najbli\u017cszym posiedzeniu Komisji. Z przekazanej obecnie informacji wynika natomiast, \u017ce Komisja obradowa\u0142a ju\u017c w dniu 29 lipca.<\/li>\n\n\n\n<li>Czy posiedzenie Komisji w dniu 29 lipca zosta\u0142o zwo\u0142ane zgodnie z obowi\u0105zuj\u0105cymi przepisami oraz postanowieniami Statutu Gminy? Zgodnie z art. 11b ustawy o samorz\u0105dzie gminnym posiedzenia organ\u00f3w gminy s\u0105 jawne. Dotychczas informacje o terminach posiedze\u0144 Komisji by\u0142y publikowane w Biuletynie Informacji Publicznej, umo\u017cliwiaj\u0105c mieszka\u0144com udzia\u0142 w ich pracach. Je\u017celi posiedzenie odby\u0142o si\u0119 bez zachowania tych zasad, powstaje pytanie o skuteczno\u015b\u0107 podj\u0119tych podczas niego rozstrzygni\u0119\u0107 oraz o mo\u017cliwo\u015b\u0107 wykorzystania tych rozstrzygni\u0119\u0107 jako podstawy dalszego post\u0119powania Komisji. Je\u017celi posiedzenie odby\u0142o si\u0119 bez zachowania tych zasad, prosz\u0119 o wskazanie podstawy prawnej, kt\u00f3ra pozwala\u0142a na taki spos\u00f3b procedowania.<\/li>\n\n\n\n<li>Prosz\u0119 o doprecyzowanie sformu\u0142owania, \u017ce \u201eo terminie posiedzenia oraz o wyniku ponownego rozpoznania zostanie Pan poinformowany w trybie przewidzianym przepisami\u201d. Czy oznacza to, \u017ce posiedzenie Komisji b\u0119dzie jawne i b\u0119d\u0119 m\u00f3g\u0142 w nim uczestniczy\u0107, czy te\u017c planowane jest jedynie przekazanie mi informacji po jego zako\u0144czeniu? Jako wnioskodawca chcia\u0142bym mie\u0107 mo\u017cliwo\u015b\u0107 przedstawienia swojego stanowiska oraz zadania pyta\u0144 cz\u0142onkom Komisji. Zgodnie z zasad\u0105 jawno\u015bci dzia\u0142ania organ\u00f3w gminy oraz obowi\u0105zuj\u0105cymi przepisami.<\/li>\n\n\n\n<li>W pi\u015bmie wskaza\u0142a Pani, \u017ce przekazuje m\u00f3j wniosek dotycz\u0105cy odczyt\u00f3w wodomierza do niezw\u0142ocznego za\u0142atwienia przez Urz\u0105d Gminy. Pragn\u0119 zauwa\u017cy\u0107, \u017ce identyczny wniosek zosta\u0142 przeze mnie z\u0142o\u017cony ju\u017c 9 lipca i by\u0142 nast\u0119pnie kilkukrotnie ponawiany, a wszyscy Radni otrzymywali korespondencj\u0119 do wiadomo\u015bci. Czy mam rozumie\u0107, \u017ce przekazanie sprawy do niezw\u0142ocznego za\u0142atwienia oznacza potwierdzenie, i\u017c m\u00f3j wniosek z 9 lipca nie zosta\u0142 dotychczas rozpoznany mimo up\u0142ywu ustawowych termin\u00f3w?<\/li>\n\n\n\n<li>Decyzj\u0119 co do ewentualnego skierowania sprawy do Wojewody, Regionalnej Izby Obrachunkowej oraz W\u00f3d Polskich podejm\u0119 po otrzymaniu protoko\u0142u z poprzedniego posiedzenia Komisji oraz po zako\u0144czeniu ponownego rozpoznania skargi. Licz\u0119, \u017ce Komisja w obecnym sk\u0142adzie i pod nowym przewodnictwem dokona pe\u0142nej, obiektywnej oceny zgromadzonego materia\u0142u.<\/li>\n\n\n\n<li>Propozycj\u0119 spotkania przedstawi\u0142em z przekonaniem, \u017ce umo\u017cliwi ono wyja\u015bnienie wszystkich w\u0105tpliwo\u015bci jeszcze na etapie wewn\u0119trznym. Skoro jednak uzna\u0142a Pani, \u017ce w\u0142a\u015bciwszym rozwi\u0105zaniem jest prowadzenie sprawy wy\u0142\u0105cznie w ramach formalnych procedur, przyjmuj\u0119 to stanowisko do wiadomo\u015bci i r\u00f3wnie\u017c pozostan\u0119 przy tej formule.<\/li>\n<\/ol>\n\n\n\n<p class=\"wp-block-paragraph\">Na zako\u0144czenie chcia\u0142bym jedynie zauwa\u017cy\u0107, \u017ce od wielu lat zawodowo zajmuj\u0119 si\u0119 zarz\u0105dzaniem nieruchomo\u015bciami na znacznie wi\u0119ksz\u0105 skal\u0119 ni\u017c \u0142\u0105czna ilo\u015b\u0107 gospodarstw Gminy P\u0142aska. Dzi\u0119ki temu posiadam praktyczn\u0105 wiedz\u0119 dotycz\u0105c\u0105 zarz\u0105dzania, rozliczania w tym medi\u00f3w, funkcjonowania system\u00f3w odczytowych oraz obowi\u0105zk\u00f3w organ\u00f3w administracji. W\u0142a\u015bnie dlatego z pe\u0142nym przekonaniem twierdz\u0119, \u017ce przez ponad p\u00f3\u0142tora roku mieszka\u0144com przekazywano informacje, kt\u00f3re \u2013 w \u015bwietle obecnego stanowiska Komisji \u2013 okaza\u0142y si\u0119 niezgodne z rzeczywistymi mo\u017cliwo\u015bciami systemu. A to jeszcze nie koniec. Bo wychodzi, \u017ce w sierpniu wybuchnie jeszcze jeden granat zwi\u0105zany z przetargiem na liczniki. <\/p>\n\n\n\n<p class=\"wp-block-paragraph\">Patrz\u0105c na skal\u0119 nieprawid\u0142owo\u015bci w tej prostej sprawie, zastawiam s\u00ec\u0119 ilu mieszka\u0144c\u00f3w mog\u0142o w tym czasie zosta\u0107 dotkni\u0119tych skutkami takiego sposobu dzia\u0142ania w innych sprawach. W ilu sprawach jeste\u015bmy wprowadzani w b\u0142\u0105d? Ilu rzeczy nie s\u0142yszymy? Bo nie mieli wiedzy, si\u0142y czy determinacji w walce z zbudowanym w P\u0142askiej systemem.<\/p>\n\n\n\n<p class=\"wp-block-paragraph\"><strong>Mam nadziej\u0119, \u017ce ponowne rozpoznanie sprawy b\u0119dzie pocz\u0105tkiem wyja\u015bnienia tej kwestii, a nie jedynie pr\u00f3b\u0105 ograniczenia skutk\u00f3w ujawnionych okoliczno\u015bci.<\/strong><\/p>\n\n\n\n<p class=\"wp-block-paragraph\">Z powa\u017caniem<\/p>\n\n\n\n<figure class=\"wp-block-image size-large\"><img loading=\"lazy\" decoding=\"async\" width=\"1024\" height=\"819\" src=\"http:\/\/plaska.info\/wp-content\/uploads\/2026\/07\/ChatGPT-Image-31-lip-2026-13_18_45-1024x819.png\" alt=\"\" class=\"wp-image-1791\" srcset=\"https:\/\/plaska.info\/wp-content\/uploads\/2026\/07\/ChatGPT-Image-31-lip-2026-13_18_45-1024x819.png 1024w, https:\/\/plaska.info\/wp-content\/uploads\/2026\/07\/ChatGPT-Image-31-lip-2026-13_18_45-300x240.png 300w, https:\/\/plaska.info\/wp-content\/uploads\/2026\/07\/ChatGPT-Image-31-lip-2026-13_18_45-768x615.png 768w, https:\/\/plaska.info\/wp-content\/uploads\/2026\/07\/ChatGPT-Image-31-lip-2026-13_18_45.png 1402w\" sizes=\"auto, (max-width: 1024px) 100vw, 1024px\" \/><\/figure>\n\n\n\n<p class=\"wp-block-paragraph\"><\/p>\n","protected":false},"excerpt":{"rendered":"<p>Dzisiaj Gmina odczyta\u0142a m\u00f3j wodomierz. Tak \u2013 ten sam, o kt\u00f3rym przez wiele miesi\u0119cy s\u0142ysza\u0142em, \u017ce jego odczyt nie pozwala na rozliczenie w oparciu o rzeczywiste zu\u017cycie. Dosta\u0142em odczyt, ale jest z nim problem. O tym p\u00f3\u017aniej jak dostan\u0119 odpowied\u017a. W dniu wczorajszym Pani Przewodnicz\u0105ca Tomczyk poinformowa\u0142a mnie r\u00f3wnie\u017c o ponownym rozpoznaniu mojej skargi z [&hellip;]<\/p>\n","protected":false},"author":1,"featured_media":0,"comment_status":"open","ping_status":"open","sticky":false,"template":"","format":"standard","meta":{"_coblocks_attr":"","_coblocks_dimensions":"","_coblocks_responsive_height":"","_coblocks_accordion_ie_support":"","hide_page_title":"","footnotes":""},"categories":[1],"tags":[],"class_list":["post-1787","post","type-post","status-publish","format-standard","hentry","category-uncategorized"],"_links":{"self":[{"href":"https:\/\/plaska.info\/index.php?rest_route=\/wp\/v2\/posts\/1787","targetHints":{"allow":["GET"]}}],"collection":[{"href":"https:\/\/plaska.info\/index.php?rest_route=\/wp\/v2\/posts"}],"about":[{"href":"https:\/\/plaska.info\/index.php?rest_route=\/wp\/v2\/types\/post"}],"author":[{"embeddable":true,"href":"https:\/\/plaska.info\/index.php?rest_route=\/wp\/v2\/users\/1"}],"replies":[{"embeddable":true,"href":"https:\/\/plaska.info\/index.php?rest_route=%2Fwp%2Fv2%2Fcomments&post=1787"}],"version-history":[{"count":12,"href":"https:\/\/plaska.info\/index.php?rest_route=\/wp\/v2\/posts\/1787\/revisions"}],"predecessor-version":[{"id":1812,"href":"https:\/\/plaska.info\/index.php?rest_route=\/wp\/v2\/posts\/1787\/revisions\/1812"}],"wp:attachment":[{"href":"https:\/\/plaska.info\/index.php?rest_route=%2Fwp%2Fv2%2Fmedia&parent=1787"}],"wp:term":[{"taxonomy":"category","embeddable":true,"href":"https:\/\/plaska.info\/index.php?rest_route=%2Fwp%2Fv2%2Fcategories&post=1787"},{"taxonomy":"post_tag","embeddable":true,"href":"https:\/\/plaska.info\/index.php?rest_route=%2Fwp%2Fv2%2Ftags&post=1787"}],"curies":[{"name":"wp","href":"https:\/\/api.w.org\/{rel}","templated":true}]}}