{"id":1752,"date":"2026-07-28T16:55:01","date_gmt":"2026-07-28T15:55:01","guid":{"rendered":"https:\/\/plaska.info\/?p=1752"},"modified":"2026-07-28T16:55:01","modified_gmt":"2026-07-28T15:55:01","slug":"s-p-droga-gminna-do-rudawki","status":"publish","type":"post","link":"https:\/\/plaska.info\/?p=1752","title":{"rendered":"\u015a.P. Droga Gminna do Rudawki"},"content":{"rendered":"\n<figure class=\"wp-block-image size-large\"><img loading=\"lazy\" decoding=\"async\" width=\"819\" height=\"1024\" src=\"http:\/\/plaska.info\/wp-content\/uploads\/2026\/07\/ChatGPT-Image-28-lip-2026-17_49_28-819x1024.png\" alt=\"\" class=\"wp-image-1753\" srcset=\"https:\/\/plaska.info\/wp-content\/uploads\/2026\/07\/ChatGPT-Image-28-lip-2026-17_49_28-819x1024.png 819w, https:\/\/plaska.info\/wp-content\/uploads\/2026\/07\/ChatGPT-Image-28-lip-2026-17_49_28-240x300.png 240w, https:\/\/plaska.info\/wp-content\/uploads\/2026\/07\/ChatGPT-Image-28-lip-2026-17_49_28-768x960.png 768w, https:\/\/plaska.info\/wp-content\/uploads\/2026\/07\/ChatGPT-Image-28-lip-2026-17_49_28.png 1122w\" sizes=\"auto, (max-width: 819px) 100vw, 819px\" \/><\/figure>\n\n\n\n<p class=\"wp-block-paragraph\">W dniu dzisiejszym nie b\u0119dzie \u017cadnych innych wpis\u00f3w.<\/p>\n\n\n\n<p class=\"wp-block-paragraph\">W mojej ocenie jest to jeden z trudniejszych dni dla naszej gminy. Dzie\u0144 ca\u0142kowicie niepotrzebny, przynosz\u0105cy mieszka\u0144com kolejny problem.<\/p>\n\n\n\n<p class=\"wp-block-paragraph\">By\u0107 mo\u017ce dla Pana Marka Juszkiewicza jest to pow\u00f3d do satysfakcji. Jednak jestem przekonany, \u017ce to nie on zostanie zapami\u0119tany jako osoba odpowiedzialna za dzisiejsz\u0105 decyzj\u0119.<\/p>\n\n\n\n<p class=\"wp-block-paragraph\">To W\u00f3jt Micha\u0142 Skubis bierze odpowiedzialno\u015b\u0107 za skierowanie do Wojewody pisma rozpoczynaj\u0105cego procedur\u0119 przekazania drogi.<\/p>\n\n\n\n<p class=\"wp-block-paragraph\">A wszystko dlatego, \u017ce jeden z Pan\u00f3w nie potrafi\u0142 utrzyma\u0107 drogi w przejezdno\u015bci, a drugi \u2013 podejrzewam, \u017ce z obawy o swoj\u0105 prac\u0119 \u2013 nie mia\u0142 odwagi mu tego powiedzie\u0107.<\/p>\n\n\n\n<p class=\"wp-block-paragraph\">My natomiast pozostaniemy, jak to w s\u0142ynnym powiedzeniu, \u201em\u0105drzy po szkodzie\u201d.<\/p>\n\n\n\n<p class=\"wp-block-paragraph\">Dlatego wieczorem mo\u017cemy symbolicznie wznie\u015b\u0107 lampk\u0119 wina za drog\u0119 do Rudawki.<\/p>\n\n\n\n<p class=\"wp-block-paragraph\">Droga pozostanie nam droga \u2013 dos\u0142ownie i w przeno\u015bni.<\/p>\n\n\n\n<p class=\"wp-block-paragraph\">Zap\u0142acili\u015bmy za ni\u0105 ogromne pieni\u0105dze. Nadal b\u0119dziemy przez d\u0142ugie lata sp\u0142acali brakuj\u0105cy oko\u0142o <strong>MILION Z\u0141OTYCH<\/strong>, natomiast z maj\u0105tku, kt\u00f3ry sfinansowali mieszka\u0144cy Gminy P\u0142aska, b\u0119dzie korzysta\u0142o wojew\u00f3dztwo.<\/p>\n\n\n\n<p class=\"wp-block-paragraph\">Interes \u017cycia.<\/p>\n\n\n\n<p class=\"wp-block-paragraph\">Tylko nie dla Gminy P\u0142aska.<\/p>\n\n\n\n<p class=\"wp-block-paragraph\">A na koniec pozwol\u0119 sobie na odrobin\u0119 satyry.<\/p>\n\n\n\n<p class=\"wp-block-paragraph\">Mo\u017ce gdybym dorzuci\u0142 kilka z\u0142otych do Rock Water, r\u00f3wnie\u017c dosta\u0142bym od W\u00f3jta jaki\u015b kawa\u0142ek maj\u0105tku Gminy P\u0142aska.<\/p>\n\n\n\n<p class=\"wp-block-paragraph\"><\/p>\n\n\n\n<h3 class=\"wp-block-heading\">\u015a.P. Droga Gminna do Rudawki<\/h3>\n\n\n\n<p class=\"wp-block-paragraph\">Przez lata s\u0142u\u017cy\u0142a mieszka\u0144com Gminy P\u0142aska.<\/p>\n\n\n\n<p class=\"wp-block-paragraph\">Utrzymywana z pieni\u0119dzy mieszka\u0144c\u00f3w.<\/p>\n\n\n\n<p class=\"wp-block-paragraph\">Sp\u0142acana kredytem mieszka\u0144c\u00f3w.<\/p>\n\n\n\n<p class=\"wp-block-paragraph\">Przekazana decyzj\u0105 ludzi.<\/p>\n\n\n\n<p class=\"wp-block-paragraph\">Mieszka\u0144cy nadal b\u0119d\u0105 sp\u0142aca\u0107 rachunek.<\/p>\n\n\n\n<p class=\"wp-block-paragraph\"><strong>Cze\u015b\u0107 Jej pami\u0119ci.<\/strong><\/p>\n\n\n\n<p class=\"wp-block-paragraph\"><\/p>\n","protected":false},"excerpt":{"rendered":"<p>W dniu dzisiejszym nie b\u0119dzie \u017cadnych innych wpis\u00f3w. W mojej ocenie jest to jeden z trudniejszych dni dla naszej gminy. Dzie\u0144 ca\u0142kowicie niepotrzebny, przynosz\u0105cy mieszka\u0144com kolejny problem. By\u0107 mo\u017ce dla Pana Marka Juszkiewicza jest to pow\u00f3d do satysfakcji. Jednak jestem przekonany, \u017ce to nie on zostanie zapami\u0119tany jako osoba odpowiedzialna za dzisiejsz\u0105 decyzj\u0119. To W\u00f3jt [&hellip;]<\/p>\n","protected":false},"author":1,"featured_media":0,"comment_status":"open","ping_status":"open","sticky":false,"template":"","format":"standard","meta":{"_coblocks_attr":"","_coblocks_dimensions":"","_coblocks_responsive_height":"","_coblocks_accordion_ie_support":"","hide_page_title":"","footnotes":""},"categories":[1],"tags":[],"class_list":["post-1752","post","type-post","status-publish","format-standard","hentry","category-uncategorized"],"_links":{"self":[{"href":"https:\/\/plaska.info\/index.php?rest_route=\/wp\/v2\/posts\/1752","targetHints":{"allow":["GET"]}}],"collection":[{"href":"https:\/\/plaska.info\/index.php?rest_route=\/wp\/v2\/posts"}],"about":[{"href":"https:\/\/plaska.info\/index.php?rest_route=\/wp\/v2\/types\/post"}],"author":[{"embeddable":true,"href":"https:\/\/plaska.info\/index.php?rest_route=\/wp\/v2\/users\/1"}],"replies":[{"embeddable":true,"href":"https:\/\/plaska.info\/index.php?rest_route=%2Fwp%2Fv2%2Fcomments&post=1752"}],"version-history":[{"count":1,"href":"https:\/\/plaska.info\/index.php?rest_route=\/wp\/v2\/posts\/1752\/revisions"}],"predecessor-version":[{"id":1754,"href":"https:\/\/plaska.info\/index.php?rest_route=\/wp\/v2\/posts\/1752\/revisions\/1754"}],"wp:attachment":[{"href":"https:\/\/plaska.info\/index.php?rest_route=%2Fwp%2Fv2%2Fmedia&parent=1752"}],"wp:term":[{"taxonomy":"category","embeddable":true,"href":"https:\/\/plaska.info\/index.php?rest_route=%2Fwp%2Fv2%2Fcategories&post=1752"},{"taxonomy":"post_tag","embeddable":true,"href":"https:\/\/plaska.info\/index.php?rest_route=%2Fwp%2Fv2%2Ftags&post=1752"}],"curies":[{"name":"wp","href":"https:\/\/api.w.org\/{rel}","templated":true}]}}