{"id":1702,"date":"2026-07-27T13:20:00","date_gmt":"2026-07-27T12:20:00","guid":{"rendered":"https:\/\/plaska.info\/?p=1702"},"modified":"2026-07-27T08:52:22","modified_gmt":"2026-07-27T07:52:22","slug":"nie-mial-do-tego-podstawy-prawnej-zgadzam-sie-z-panem-dlatego-ze-zycie-jest-zyciem","status":"publish","type":"post","link":"https:\/\/plaska.info\/?p=1702","title":{"rendered":"Nie mia\u0142 do tego podstawy prawnej. Zgadzam si\u0119 z Panem. Dlatego \u017ce \u017cycie jest \u017cyciem."},"content":{"rendered":"\n<figure class=\"wp-block-image size-large\"><img loading=\"lazy\" decoding=\"async\" width=\"1024\" height=\"683\" src=\"http:\/\/plaska.info\/wp-content\/uploads\/2026\/07\/ChatGPT-Image-26-lip-2026-21_26_11-1024x683.png\" alt=\"\" class=\"wp-image-1714\" srcset=\"https:\/\/plaska.info\/wp-content\/uploads\/2026\/07\/ChatGPT-Image-26-lip-2026-21_26_11-1024x683.png 1024w, https:\/\/plaska.info\/wp-content\/uploads\/2026\/07\/ChatGPT-Image-26-lip-2026-21_26_11-300x200.png 300w, https:\/\/plaska.info\/wp-content\/uploads\/2026\/07\/ChatGPT-Image-26-lip-2026-21_26_11-768x512.png 768w, https:\/\/plaska.info\/wp-content\/uploads\/2026\/07\/ChatGPT-Image-26-lip-2026-21_26_11.png 1535w\" sizes=\"auto, (max-width: 1024px) 100vw, 1024px\" \/><\/figure>\n\n\n\n<p class=\"wp-block-paragraph\"><strong>Pytacie mnie, czy Pani Katarzyna Tomczyk naprawd\u0119 powiedzia\u0142a o W\u00f3jcie:<\/strong><\/p>\n\n\n\n<blockquote class=\"wp-block-quote is-layout-flow wp-block-quote-is-layout-flow\">\n<p class=\"wp-block-paragraph\"><strong>\u201eNie mia\u0142 do tego podstawy prawnej. Zgadzam si\u0119 z Panem. Dlatego, \u017ce \u017cycie jest \u017cyciem.\u201d<\/strong><\/p>\n<\/blockquote>\n\n\n\n<p class=\"wp-block-paragraph\">Tak.<\/p>\n\n\n\n<p class=\"wp-block-paragraph\">To nie jest moja interpretacja ani relacja z drugiej r\u0119ki.<\/p>\n\n\n\n<p class=\"wp-block-paragraph\">To nagranie z posiedzenia Komisji Skarg.<\/p>\n\n\n\n<figure class=\"wp-block-audio\"><audio controls src=\"http:\/\/plaska.info\/wp-content\/uploads\/2026\/07\/Glos_260615_1h26m07s-1h26m43s-1.mp4\"><\/audio><\/figure>\n\n\n\n<p class=\"wp-block-paragraph\">Pytacie r\u00f3wnie\u017c, jak wygl\u0105da\u0142a dalsza cz\u0119\u015b\u0107 tej sprawy.<\/p>\n\n\n\n<p class=\"wp-block-paragraph\">Pytacie jak to mo\u017cliwe, \u017ce po takich s\u0142owach Komisja uzna\u0142a moj\u0105 skarg\u0119 dotycz\u0105c\u0105 sposobu rozliczenia wody za <strong>niezasadn\u0105<\/strong>?<\/p>\n\n\n\n<p class=\"wp-block-paragraph\">Pytacie r\u00f3wnie\u017c jak to mo\u017cliwe, \u017ce p\u00f3\u017aniej otrzyma\u0142em pismo, z kt\u00f3rego wynika, \u017ce Komisja w spos\u00f3b niezale\u017cny i obiektywny oceni\u0142a wszystkie okoliczno\u015bci sprawy?<\/p>\n\n\n\n<p class=\"wp-block-paragraph\">Ka\u017cdy mo\u017ce wyci\u0105gn\u0105\u0107 w\u0142asne wnioski.<\/p>\n\n\n\n<p class=\"wp-block-paragraph\">Mo\u017ce mamy odmienne definicje niezale\u017cno\u015bci i obiektywizmu.<\/p>\n\n\n\n<p class=\"wp-block-paragraph\">Ja od wielu miesi\u0119cy pokazuj\u0119 kolejne dokumenty, decyzje i nagrania. Zestawiam je ze sob\u0105 i pozostawiam ocen\u0119 mieszka\u0144com.<\/p>\n\n\n\n<p class=\"wp-block-paragraph\">W mojej ocenie z materia\u0142u, kt\u00f3ry zgromadzi\u0142em, wynika jedno.<\/p>\n\n\n\n<p class=\"wp-block-paragraph\">Spos\u00f3b rozliczenia zosta\u0142 zastosowany mimo braku podstawy prawnej. Potwierdzaj\u0105 to s\u0142owa samej Przewodnicz\u0105cej Komisji.<\/p>\n\n\n\n<p class=\"wp-block-paragraph\">Mieszka\u0144cy zostali obci\u0105\u017ceni kosztami, kt\u00f3rych \u2013 w mojej ocenie \u2013 nie powinni ponosi\u0107.<\/p>\n\n\n\n<p class=\"wp-block-paragraph\">Zamiast naprawienia sytuacji us\u0142yszeli\u015bmy:<\/p>\n\n\n\n<blockquote class=\"wp-block-quote is-layout-flow wp-block-quote-is-layout-flow\">\n<p class=\"wp-block-paragraph\"><strong>\u201e\u017bycie jest \u017cyciem.\u201d<\/strong><\/p>\n<\/blockquote>\n\n\n\n<p class=\"wp-block-paragraph\">To w\u0142a\u015bnie ten fragment nagrania robi na mnie najwi\u0119ksze wra\u017cenie.<\/p>\n\n\n\n<p class=\"wp-block-paragraph\">Nie dlatego, \u017ce pad\u0142y ostre s\u0142owa.<\/p>\n\n\n\n<p class=\"wp-block-paragraph\">Wr\u0119cz przeciwnie.<\/p>\n\n\n\n<p class=\"wp-block-paragraph\">Dlatego, \u017ce pad\u0142y one spokojnie, z pe\u0142nym przekonaniem.<\/p>\n\n\n\n<p class=\"wp-block-paragraph\">Kiedy s\u0142ysz\u0119:<\/p>\n\n\n\n<blockquote class=\"wp-block-quote is-layout-flow wp-block-quote-is-layout-flow\">\n<p class=\"wp-block-paragraph\"><strong>\u201eNie mia\u0142 do tego podstawy prawnej. Zgadzam si\u0119 z Panem.\u201d<\/strong><\/p>\n<\/blockquote>\n\n\n\n<p class=\"wp-block-paragraph\">to od razu przypomina mi si\u0119 kultowa scena z filmu <strong>\u201eMi\u015b\u201d<\/strong>:<\/p>\n\n\n\n<blockquote class=\"wp-block-quote is-layout-flow wp-block-quote-is-layout-flow\">\n<p class=\"wp-block-paragraph\"><em>\u201eNie mamy pa\u0144skiego p\u0142aszcza. I co pan nam zrobi?\u201d<\/em><\/p>\n<\/blockquote>\n\n\n\n<p class=\"wp-block-paragraph\">R\u00f3\u017cnica polega na tym, \u017ce tam by\u0142a to komedia.<\/p>\n\n\n\n<p class=\"wp-block-paragraph\">Tutaj m\u00f3wimy o sprawie dotycz\u0105cej pieni\u0119dzy mieszka\u0144c\u00f3w.<\/p>\n\n\n\n<figure class=\"wp-block-embed is-type-video is-provider-youtube wp-block-embed-youtube wp-embed-aspect-4-3 wp-has-aspect-ratio\"><div class=\"wp-block-embed__wrapper\">\n<iframe loading=\"lazy\" title=\"Nie mamy pa\u0144skiego p\u0142aszcza i co pan nam zrobi - fragment filmy Mi\u015b\" width=\"660\" height=\"495\" src=\"https:\/\/www.youtube.com\/embed\/n85POsFsxGs?feature=oembed\" frameborder=\"0\" allow=\"accelerometer; autoplay; clipboard-write; encrypted-media; gyroscope; picture-in-picture; web-share\" referrerpolicy=\"strict-origin-when-cross-origin\" allowfullscreen><\/iframe>\n<\/div><\/figure>\n\n\n\n<p class=\"wp-block-paragraph\">A wracaj\u0105c do samego g\u0142osowania Komisji Skarg, Wniosk\u00f3w i Petycji.<\/p>\n\n\n\n<p class=\"wp-block-paragraph\">Je\u017celi kto\u015b chcia\u0142by zrozumie\u0107, dlaczego po s\u0142owach:<\/p>\n\n\n\n<blockquote class=\"wp-block-quote is-layout-flow wp-block-quote-is-layout-flow\">\n<p class=\"wp-block-paragraph\"><strong>\u201eNie mia\u0142 do tego podstawy prawnej. Zgadzam si\u0119 z Panem.\u201d<\/strong><\/p>\n<\/blockquote>\n\n\n\n<p class=\"wp-block-paragraph\">Komisja przyj\u0119\u0142a stanowisko ca\u0142kowicie odmienne, to pytania nale\u017cy kierowa\u0107 do jej cz\u0142onk\u00f3w:<\/p>\n\n\n\n<ul class=\"wp-block-list\">\n<li><strong>Marek Sudnik<\/strong> \u2013 przewodnicz\u0105cy Komisji,<\/li>\n\n\n\n<li><strong>Ewa \u015alepska<\/strong> \u2013 cz\u0142onek Komisji,<\/li>\n\n\n\n<li><strong>Ewa Citkowska<\/strong> \u2013 cz\u0142onek Komisji.<\/li>\n<\/ul>\n\n\n\n<p class=\"wp-block-paragraph\">To oni najlepiej wiedz\u0105, dlaczego podczas posiedzenia pada\u0142y takie s\u0142owa, a kilka chwil p\u00f3\u017aniej przeg\u0142osowano stanowisko przygotowane przez Urz\u0105d Gminy, kt\u00f3rego tre\u015b\u0107 prowadzi\u0142a do zupe\u0142nie przeciwnego wniosku.<\/p>\n\n\n\n<p class=\"wp-block-paragraph\">Nie potrafi\u0119 tego wyja\u015bni\u0107.<\/p>\n\n\n\n<p class=\"wp-block-paragraph\">By\u0107 mo\u017ce potrafi\u0105 to zrobi\u0107 sami cz\u0142onkowie Komisji.<\/p>\n\n\n\n<p class=\"wp-block-paragraph\">Na uwag\u0119 zas\u0142uguje jeszcze jedna okoliczno\u015b\u0107.<\/p>\n\n\n\n<p class=\"wp-block-paragraph\">Pan Marek Sudnik po tym g\u0142osowaniu zrezygnowa\u0142 z udzia\u0142u w pracach Komisji.<\/p>\n\n\n\n<p class=\"wp-block-paragraph\">Nie znam powod\u00f3w tej decyzji i nie chc\u0119 ich dopowiada\u0107.<\/p>\n\n\n\n<p class=\"wp-block-paragraph\">Faktem jest jednak, \u017ce z Komisji odszed\u0142.<\/p>\n\n\n\n<p class=\"wp-block-paragraph\">Obie Panie Radne pozosta\u0142y. Widocznie nie maj\u0105 sobie nic do zarzucenia.<\/p>\n\n\n\n<p class=\"wp-block-paragraph\">To r\u00f3wnie\u017c jest ich decyzja i maj\u0105 do niej pe\u0142ne prawo.<\/p>\n\n\n\n<p class=\"wp-block-paragraph\">Ja natomiast mam prawo zapyta\u0107, czy po poznaniu wszystkich okoliczno\u015bci nadal uwa\u017caj\u0105, \u017ce tamto stanowisko by\u0142o prawid\u0142owe.<\/p>\n\n\n\n<p class=\"wp-block-paragraph\">Je\u017celi tak, warto by\u0142oby, aby publicznie to uzasadni\u0142y.<\/p>\n\n\n\n<p class=\"wp-block-paragraph\">Je\u017celi nie, mieszka\u0144cy maj\u0105 prawo oczekiwa\u0107, \u017ce zostanie to otwarcie powiedziane.<\/p>\n\n\n\n<p class=\"wp-block-paragraph\">Bo przyznanie si\u0119 do b\u0142\u0119du nie jest oznak\u0105 s\u0142abo\u015bci.<\/p>\n\n\n\n<p class=\"wp-block-paragraph\">Przeciwnie.<\/p>\n\n\n\n<p class=\"wp-block-paragraph\">Jest oznak\u0105 odpowiedzialno\u015bci.<\/p>\n\n\n\n<p class=\"wp-block-paragraph\">Na koniec chcia\u0142bym zwr\u00f3ci\u0107 si\u0119 bezpo\u015brednio do Pani Ewy Citkowskiej.<\/p>\n\n\n\n<p class=\"wp-block-paragraph\">Podczas ostatniej sesji odnios\u0142em wra\u017cenie, \u017ce unika\u0142a Pani kontaktu wzrokowego ze mn\u0105.<\/p>\n\n\n\n<p class=\"wp-block-paragraph\">By\u0107 mo\u017ce si\u0119 myl\u0119.<\/p>\n\n\n\n<p class=\"wp-block-paragraph\">Je\u017celi jednak moje wra\u017cenie by\u0142o trafne, chcia\u0142bym powiedzie\u0107 jedno.<\/p>\n\n\n\n<p class=\"wp-block-paragraph\">Nie oczekuj\u0119 spuszczania wzroku.<\/p>\n\n\n\n<p class=\"wp-block-paragraph\">Oczekuj\u0119 odpowiedzi na pytania.<\/p>\n\n\n\n<p class=\"wp-block-paragraph\">Bo za ka\u017cd\u0105 uchwa\u0142\u0105 i za ka\u017cdym g\u0142osowaniem stoj\u0105 konkretni mieszka\u0144cy i konkretne pieni\u0105dze.<\/p>\n\n\n\n<p class=\"wp-block-paragraph\">Je\u017celi uwa\u017ca Pani, \u017ce decyzje Komisji by\u0142y prawid\u0142owe, prosz\u0119 to po prostu uzasadni\u0107.<\/p>\n\n\n\n<p class=\"wp-block-paragraph\">Mieszka\u0144cy maj\u0105 prawo pozna\u0107 argumenty swoich przedstawicieli.<\/p>\n\n\n\n<p class=\"wp-block-paragraph\">Nie b\u0119dzie przecie\u017c Pani do ko\u0144ca \u017cycia unika\u0142a spojrzenia mieszka\u0144com w oczy. Chyba \u017ce jedynym miejscem, gdzie jest to \u0142atwiejsze, pozostan\u0105 imprezy sukcesu Wsp\u00f3lnej Sprawy. Pr\u0119dzej czy p\u00f3\u017aniej przyjdzie odpowiedzie\u0107 na te pytania \u2013 nie mnie, lecz przede wszystkim mieszka\u0144com, kt\u00f3rzy ponie\u015bli skutki tych decyzji. <\/p>\n\n\n\n<p class=\"wp-block-paragraph\"><strong>Funkcja kiedy\u015b si\u0119 sko\u0144czy. <\/strong><\/p>\n\n\n\n<p class=\"wp-block-paragraph\"><strong>Kadencja r\u00f3wnie\u017c. <\/strong><\/p>\n\n\n\n<p class=\"wp-block-paragraph\"><strong>Natomiast nazwisko zostaje na ca\u0142e \u017cycie. <\/strong><\/p>\n\n\n\n<p class=\"wp-block-paragraph\"><strong>Warto o tym pami\u0119ta\u0107 przy ka\u017cdym g\u0142osowaniu.<\/strong><\/p>\n\n\n\n<p class=\"wp-block-paragraph\"><\/p>\n\n\n\n<figure class=\"wp-block-image size-full\"><img loading=\"lazy\" decoding=\"async\" width=\"615\" height=\"863\" src=\"https:\/\/plaska.info\/wp-content\/uploads\/2026\/07\/image-9.png\" alt=\"\" class=\"wp-image-1721\" srcset=\"https:\/\/plaska.info\/wp-content\/uploads\/2026\/07\/image-9.png 615w, https:\/\/plaska.info\/wp-content\/uploads\/2026\/07\/image-9-214x300.png 214w\" sizes=\"auto, (max-width: 615px) 100vw, 615px\" \/><\/figure>\n\n\n\n<p class=\"wp-block-paragraph\"><\/p>\n\n\n\n<figure class=\"wp-block-image size-full\"><img loading=\"lazy\" decoding=\"async\" width=\"602\" height=\"841\" src=\"https:\/\/plaska.info\/wp-content\/uploads\/2026\/07\/image-8.png\" alt=\"\" class=\"wp-image-1720\" srcset=\"https:\/\/plaska.info\/wp-content\/uploads\/2026\/07\/image-8.png 602w, https:\/\/plaska.info\/wp-content\/uploads\/2026\/07\/image-8-215x300.png 215w\" sizes=\"auto, (max-width: 602px) 100vw, 602px\" \/><\/figure>\n\n\n\n<p class=\"wp-block-paragraph\"><\/p>\n","protected":false},"excerpt":{"rendered":"<p>Pytacie mnie, czy Pani Katarzyna Tomczyk naprawd\u0119 powiedzia\u0142a o W\u00f3jcie: \u201eNie mia\u0142 do tego podstawy prawnej. Zgadzam si\u0119 z Panem. Dlatego, \u017ce \u017cycie jest \u017cyciem.\u201d Tak. To nie jest moja interpretacja ani relacja z drugiej r\u0119ki. To nagranie z posiedzenia Komisji Skarg. Pytacie r\u00f3wnie\u017c, jak wygl\u0105da\u0142a dalsza cz\u0119\u015b\u0107 tej sprawy. Pytacie jak to mo\u017cliwe, \u017ce [&hellip;]<\/p>\n","protected":false},"author":1,"featured_media":0,"comment_status":"open","ping_status":"open","sticky":false,"template":"","format":"standard","meta":{"_coblocks_attr":"","_coblocks_dimensions":"","_coblocks_responsive_height":"","_coblocks_accordion_ie_support":"","hide_page_title":"","footnotes":""},"categories":[1],"tags":[],"class_list":["post-1702","post","type-post","status-publish","format-standard","hentry","category-uncategorized"],"_links":{"self":[{"href":"https:\/\/plaska.info\/index.php?rest_route=\/wp\/v2\/posts\/1702","targetHints":{"allow":["GET"]}}],"collection":[{"href":"https:\/\/plaska.info\/index.php?rest_route=\/wp\/v2\/posts"}],"about":[{"href":"https:\/\/plaska.info\/index.php?rest_route=\/wp\/v2\/types\/post"}],"author":[{"embeddable":true,"href":"https:\/\/plaska.info\/index.php?rest_route=\/wp\/v2\/users\/1"}],"replies":[{"embeddable":true,"href":"https:\/\/plaska.info\/index.php?rest_route=%2Fwp%2Fv2%2Fcomments&post=1702"}],"version-history":[{"count":14,"href":"https:\/\/plaska.info\/index.php?rest_route=\/wp\/v2\/posts\/1702\/revisions"}],"predecessor-version":[{"id":1751,"href":"https:\/\/plaska.info\/index.php?rest_route=\/wp\/v2\/posts\/1702\/revisions\/1751"}],"wp:attachment":[{"href":"https:\/\/plaska.info\/index.php?rest_route=%2Fwp%2Fv2%2Fmedia&parent=1702"}],"wp:term":[{"taxonomy":"category","embeddable":true,"href":"https:\/\/plaska.info\/index.php?rest_route=%2Fwp%2Fv2%2Fcategories&post=1702"},{"taxonomy":"post_tag","embeddable":true,"href":"https:\/\/plaska.info\/index.php?rest_route=%2Fwp%2Fv2%2Ftags&post=1702"}],"curies":[{"name":"wp","href":"https:\/\/api.w.org\/{rel}","templated":true}]}}