{"id":1690,"date":"2026-07-25T22:49:57","date_gmt":"2026-07-25T21:49:57","guid":{"rendered":"https:\/\/plaska.info\/?p=1690"},"modified":"2026-07-26T07:19:19","modified_gmt":"2026-07-26T06:19:19","slug":"komisja-skarg-odpowiedziala-teraz-czas-na-konfrontacje-z-faktami","status":"publish","type":"post","link":"https:\/\/plaska.info\/?p=1690","title":{"rendered":"Komisja Skarg odpowiedzia\u0142a. Teraz czas na konfrontacj\u0119 z faktami."},"content":{"rendered":"\n<p class=\"wp-block-paragraph\">W po\u015bcie poni\u017cej przedstawi\u0142em dwa nagrania audio, aby pokaza\u0107 jak faktycznie wygl\u0105da prawdom\u00f3wno\u015b\u0107 przewodnicz\u0105cej Katarzyny Tomczyk.<\/p>\n\n\n\n<p class=\"wp-block-paragraph\">A teraz kilka fakt\u00f3w:<\/p>\n\n\n\n<p class=\"wp-block-paragraph\"><\/p>\n\n\n\n<p class=\"wp-block-paragraph\">Obieca\u0142em Wam analiz\u0119 post\u0119powania Pani Katarzyny Tomczyk, wi\u0119c zapraszam. Dla u\u0142atwienia schemat: pytanie, jej odpowied\u017a, m\u00f3j komentarz<\/p>\n\n\n\n<p class=\"wp-block-paragraph\">Na pocz\u0105tek jeszcze raz oba pliki audio. Podpowiadam jeszcze jedn\u0105 rzecz na temat samodzielnej pracy komisji Skarg. W pierwszym nagraniu ustawcie czas na 1.32 i s\u0142uchajcie jak Pan Sudnik zarz\u0105dza g\u0142osowanie i natychmiast Pani Przewodnicz\u0105ca Katarzyna Tomczyk go prostuje, ka\u017c\u0105c mu wyj\u015b\u0107 razem z reszt\u0105 komisji aby si\u0119 naradzi\u0107 i oczywi\u015bcie zaraz polecia\u0142a do nich na taras, aby naprostowa\u0107 cz\u0142onk\u00f3w komisji.<\/p>\n\n\n\n<figure class=\"wp-block-audio\"><audio controls src=\"http:\/\/plaska.info\/wp-content\/uploads\/2026\/07\/Komisja_fragment_00h52m20s-00h55m40s.m4a\"><\/audio><\/figure>\n\n\n\n<figure class=\"wp-block-audio\"><audio controls src=\"http:\/\/plaska.info\/wp-content\/uploads\/2026\/07\/Komisja_fragment_1h00m12s-1h01m41s.m4a\"><\/audio><\/figure>\n\n\n\n<p class=\"wp-block-paragraph\">Mam dzisiaj dobry humor, wi\u0119c podrzuc\u0119 jeszcze jedn\u0105 pere\u0142k\u0119.<\/p>\n\n\n\n<p class=\"wp-block-paragraph\">Tak po prostu.<\/p>\n\n\n\n<p class=\"wp-block-paragraph\">\u017beby ka\u017cdy m\u00f3g\u0142 zobaczy\u0107, jak wygl\u0105da\u0142y prace Komisji Skarg i jak w praktyce wygl\u0105da podej\u015bcie obecnych w\u0142adz do przestrzegania prawa.<\/p>\n\n\n\n<p class=\"wp-block-paragraph\">Pami\u0119tacie zapewne drug\u0105 skarg\u0119 dotycz\u0105c\u0105 rozliczenia koszt\u00f3w wody? Komisja Skarg uzna\u0142a j\u0105 w g\u0142osowaniu za bezzasadn\u0105. Na posiedzeniu obecna by\u0142a r\u00f3wnie\u017c Przewodnicz\u0105ca Rady Gminy Pani Katarzyna Tomczyk.<\/p>\n\n\n\n<p class=\"wp-block-paragraph\">Pami\u0119tacie r\u00f3wnie\u017c, \u017ce wielokrotnie pisa\u0142em, i\u017c przed opuszczeniem sali powiedzia\u0142em cz\u0142onkom Komisji jedno:<\/p>\n\n\n\n<p class=\"wp-block-paragraph\"><strong>Je\u017celi zrobicie co\u015b innego ni\u017c wynika z tej dyskusji, b\u0119dzie to zwyk\u0142y szwindel.<\/strong><\/p>\n\n\n\n<p class=\"wp-block-paragraph\">Dlaczego?<\/p>\n\n\n\n<p class=\"wp-block-paragraph\">Bo z przebiegu rozmowy wynika\u0142o, \u017ce uczestnicy posiedzenia dostrzegali, i\u017c W\u00f3jt naruszy\u0142 przepisy przy sposobie rozliczenia mieszka\u0144c\u00f3w.<\/p>\n\n\n\n<p class=\"wp-block-paragraph\">Kto\u015b mo\u017ce oczywi\u015bcie powiedzie\u0107:<\/p>\n\n\n\n<p class=\"wp-block-paragraph\"><strong>\u201eSprawdzam.\u201d<\/strong><\/p>\n\n\n\n<p class=\"wp-block-paragraph\">I bardzo dobrze.<\/p>\n\n\n\n<p class=\"wp-block-paragraph\">Przecie\u017c Komisja Skarg w sk\u0142adzie:<\/p>\n\n\n\n<ul class=\"wp-block-list\">\n<li>Marek Sudnik \u2013 Przewodnicz\u0105cy Komisji,<\/li>\n\n\n\n<li>Ewa \u015alepska \u2013 cz\u0142onek Komisji,<\/li>\n\n\n\n<li>Ewa Citkowska \u2013 cz\u0142onek Komisji,<\/li>\n<\/ul>\n\n\n\n<p class=\"wp-block-paragraph\">ostatecznie uzna\u0142a, \u017ce skarga jest bezzasadna.<\/p>\n\n\n\n<p class=\"wp-block-paragraph\">Nie b\u0119d\u0119 w tym miejscu wraca\u0142 do tego, \u017ce kiedy opuszcza\u0142em sal\u0119, przed Panem Markiem Sudnikiem le\u017ca\u0142o ju\u017c gotowe, wielostronicowe uzasadnienie rozpoczynaj\u0105ce si\u0119 od s\u0142\u00f3w <strong>\u201epo wnikliwej analizie Komisji\u2026\u201d<\/strong>.<\/p>\n\n\n\n<p class=\"wp-block-paragraph\">O tym jeszcze b\u0119dzie okazja porozmawia\u0107.<\/p>\n\n\n\n<p class=\"wp-block-paragraph\">Dzisiaj poka\u017c\u0119 Pa\u0144stwu co\u015b znacznie ciekawszego.<\/p>\n\n\n\n<p class=\"wp-block-paragraph\">Kr\u00f3tki, niespe\u0142na czterdziestosekundowy fragment nagrania.<\/p>\n\n\n\n<p class=\"wp-block-paragraph\">Pos\u0142uchajcie go uwa\u017cnie.<\/p>\n\n\n\n<p class=\"wp-block-paragraph\">To nie jest moja interpretacja.<\/p>\n\n\n\n<p class=\"wp-block-paragraph\">To s\u0105 s\u0142owa wypowiedziane podczas posiedzenia Komisji. S\u0142owa wielkiej Pani Przewodnicz\u0105cej Tomczyk.<\/p>\n\n\n\n<p class=\"wp-block-paragraph\">A p\u00f3\u017aniej ka\u017cdy niech sam odpowie sobie na pytanie, czy ko\u0144cowe stanowisko Komisji rzeczywi\u015bcie odzwierciedla przebieg tej dyskusji. <\/p>\n\n\n\n<p class=\"wp-block-paragraph\">Zapraszam do przes\u0142uchania poni\u017cszej rozmowy z posiedzenia komisji Skarg.<\/p>\n\n\n\n<figure class=\"wp-block-audio\"><audio controls src=\"http:\/\/plaska.info\/wp-content\/uploads\/2026\/07\/Glos_260615_1h26m07s-1h26m43s.mp4\"><\/audio><\/figure>\n\n\n\n<p class=\"wp-block-paragraph\"><strong>Pytanie nr 1 \u2013 Jawno\u015b\u0107 posiedzenia<\/strong><\/p>\n\n\n\n<p class=\"wp-block-paragraph\"><strong>Moje pytanie<\/strong><\/p>\n\n\n\n<p class=\"wp-block-paragraph\">Prosz\u0119 wskaza\u0107 podstaw\u0119 prawn\u0105, na podstawie kt\u00f3rej Przewodnicz\u0105cy Komisji dopu\u015bci\u0142 do wy\u0142\u0105czenia jawno\u015bci cz\u0119\u015bci posiedzenia Komisji bez przeprowadzenia g\u0142osowania cz\u0142onk\u00f3w Komisji, wy\u0142\u0105cznie na polecenie Przewodnicz\u0105cej Rady Gminy. Prosz\u0119 o wskazanie podstawy prawnej samego utajnienia oraz niezgodnego z prawem podzia\u0142u go\u015bci na uczestnicz\u0105cych w utajnionym posiedzeniu i tych wykluczonych?<\/p>\n\n\n\n<p class=\"wp-block-paragraph\"><strong>Odpowied\u017a<\/strong><\/p>\n\n\n\n<p class=\"wp-block-paragraph\">W toku posiedzenia Komisja zrobi\u0142a przerw\u0119 w obradach. Przerwa nie stanowi wy\u0142\u0105czenia jawno\u015bci posiedzenia \u2013 w jej trakcie Komisja nie prowadzi obrad, nie istnia\u0142 zatem przedmiot, kt\u00f3rego jawno\u015b\u0107 mia\u0142aby podlega\u0107 ograniczeniu. Do wy\u0142\u0105czenia jawno\u015bci posiedzenia w rozumieniu art. 11b ust. 1 ustawy o samorz\u0105dzie gminnym nie dosz\u0142o. Posiedzenie, w tym rozpatrzenie skarg oraz g\u0142osowania, odby\u0142o si\u0119 jawnie, a jego przebieg zostanie utrwalony w protokole.<\/p>\n\n\n\n<p class=\"wp-block-paragraph\"><strong>M\u00f3j komentarz<\/strong><\/p>\n\n\n\n<p class=\"wp-block-paragraph\">To jeden z najwa\u017cniejszych fragment\u00f3w ca\u0142ej odpowiedzi.<\/p>\n\n\n\n<p class=\"wp-block-paragraph\">Nie dlatego, \u017ce jest d\u0142ugi.<\/p>\n\n\n\n<p class=\"wp-block-paragraph\">Dlatego, \u017ce mo\u017cna go zweryfikowa\u0107.<\/p>\n\n\n\n<p class=\"wp-block-paragraph\">Na nagraniu s\u0142ycha\u0107 bowiem, \u017ce Przewodnicz\u0105ca Rady co najmniej dwukrotnie informuje cz\u0142onk\u00f3w Komisji, aby udali si\u0119 na narad\u0119 poza sal\u0105.<\/p>\n\n\n\n<p class=\"wp-block-paragraph\">Je\u017celi rzeczywi\u015bcie by\u0142a to jedynie zwyk\u0142a przerwa, powstaje pytanie, dlaczego uczestnicy zostali skierowani na narad\u0119 oraz dlaczego cz\u0119\u015b\u0107 os\u00f3b mog\u0142a w niej uczestniczy\u0107, a cz\u0119\u015b\u0107 zosta\u0142a wykluczona.<\/p>\n\n\n\n<p class=\"wp-block-paragraph\">Twierdz\u0119 \u017ce odpowied\u017a stoi w sprzeczno\u015bci z nagraniem audio, kt\u00f3re jest post ni\u017cej. Ka\u017cdy b\u0119dzie m\u00f3g\u0142 sam oceni\u0107, czy by\u0142a to wy\u0142\u0105cznie przerwa, czy jednak narada Komisji.<\/p>\n\n\n\n<hr class=\"wp-block-separator has-alpha-channel-opacity\"\/>\n\n\n\n<p class=\"wp-block-paragraph\"><strong>Pytanie nr 2 \u2013 Osoby spoza Komisji<\/strong><\/p>\n\n\n\n<p class=\"wp-block-paragraph\"><strong>Moje pytanie<\/strong><\/p>\n\n\n\n<p class=\"wp-block-paragraph\">Prosz\u0119 wyja\u015bni\u0107, dlaczego osoby nieb\u0119d\u0105ce cz\u0142onkami Komisji faktycznie uczestniczy\u0142y w wypracowywaniu stanowiska Komisji oraz mia\u0142y wp\u0142yw na jego tre\u015b\u0107.<\/p>\n\n\n\n<p class=\"wp-block-paragraph\">Czy cz\u0142onkowie Komisji uwa\u017caj\u0105 taki spos\u00f3b prowadzenia prac za zgodny z rol\u0105 Komisji Skarg, Wniosk\u00f3w i Petycji?<\/p>\n\n\n\n<p class=\"wp-block-paragraph\"><strong>Odpowied\u017a<\/strong><\/p>\n\n\n\n<p class=\"wp-block-paragraph\">Komisja korzysta z obs\u0142ugi merytorycznej i prawnej Urz\u0119du Gminy. Przed\u0142o\u017cone projekty stanowisk stanowi\u0142y materia\u0142 poddany ocenie Komisji i nie wi\u0105za\u0142y jej. Komisja podejmuje rozstrzygni\u0119cia samodzielnie, w drodze g\u0142osowania. Potwierdza to m.in. przebieg rozpatrzenia skargi dotycz\u0105cej zw\u0142oki w opublikowaniu informacji o jako\u015bci wody. Przed\u0142o\u017cony projekt stanowiska, uzasadniaj\u0105cy uznanie skargi za bezzasadn\u0105, nie zosta\u0142 przez Komisj\u0119 przyj\u0119ty, a Komisja uzna\u0142a skarg\u0119 za zasadn\u0105.<\/p>\n\n\n\n<p class=\"wp-block-paragraph\"><strong>M\u00f3j komentarz<\/strong><\/p>\n\n\n\n<p class=\"wp-block-paragraph\">Nie kwestionuj\u0119 tego, \u017ce Komisja mo\u017ce korzysta\u0107 z pomocy prawnej.<\/p>\n\n\n\n<p class=\"wp-block-paragraph\">Moje pytanie dotyczy\u0142o czego\u015b innego.<\/p>\n\n\n\n<p class=\"wp-block-paragraph\">Czy osoby nieb\u0119d\u0105ce cz\u0142onkami Komisji mia\u0142y realny wp\u0142yw na tre\u015b\u0107 stanowiska, kt\u00f3re nast\u0119pnie przedstawiono radnym?<\/p>\n\n\n\n<p class=\"wp-block-paragraph\">To istotna r\u00f3\u017cnica.<\/p>\n\n\n\n<p class=\"wp-block-paragraph\">Podczas posiedzenia cz\u0142onkowie Komisji wielokrotnie przyznawali, \u017ce argumenty przedstawione przeze mnie s\u0105 zasadne.<\/p>\n\n\n\n<p class=\"wp-block-paragraph\">Kilka chwil p\u00f3\u017aniej odczytano jednak wielostronicowe stanowisko prowadz\u0105ce do ca\u0142kowicie odmiennego wniosku.<\/p>\n\n\n\n<p class=\"wp-block-paragraph\">To w\u0142a\u015bnie ta zmiana sk\u0142oni\u0142a mnie do zadania pytania o rzeczywist\u0105 rol\u0119 os\u00f3b spoza Komisji.<\/p>\n\n\n\n<p class=\"wp-block-paragraph\">Nie chodzi o sam fakt korzystania z pomocy prawnej.<\/p>\n\n\n\n<p class=\"wp-block-paragraph\">Chodzi o ustalenie, kto faktycznie kszta\u0142towa\u0142 tre\u015b\u0107 stanowiska przedstawionego radnym.<\/p>\n\n\n\n<hr class=\"wp-block-separator has-alpha-channel-opacity\"\/>\n\n\n\n<p class=\"wp-block-paragraph\"><strong>Pytanie nr 3 \u2013 Protok\u00f3\u0142<\/strong><\/p>\n\n\n\n<p class=\"wp-block-paragraph\"><strong>Moje pytanie<\/strong><\/p>\n\n\n\n<p class=\"wp-block-paragraph\">Prosz\u0119 o udost\u0119pnienie pe\u0142nego protoko\u0142u z posiedzenia Komisji wraz z wynikami wszystkich g\u0142osowa\u0144 oraz wszystkimi za\u0142\u0105cznikami.<\/p>\n\n\n\n<p class=\"wp-block-paragraph\">Prosz\u0119 r\u00f3wnie\u017c o wskazanie, czy tre\u015b\u0107 protoko\u0142u jest zgodna z rzeczywistym przebiegiem posiedzenia utrwalonym na nagraniu.<\/p>\n\n\n\n<p class=\"wp-block-paragraph\"><strong>Odpowied\u017a<\/strong><\/p>\n\n\n\n<p class=\"wp-block-paragraph\">Na dzie\u0144 udzielania odpowiedzi protok\u00f3\u0142 z posiedzenia w dniu 15 czerwca 2026 roku nie zosta\u0142 jeszcze zatwierdzony przez Komisj\u0119 Skarg, Wniosk\u00f3w i Petycji. Protoko\u0142y po zatwierdzeniu na kolejnym posiedzeniu komisji zamieszcza si\u0119 w Biuletynie Informacji Publicznej.<\/p>\n\n\n\n<p class=\"wp-block-paragraph\"><strong>M\u00f3j komentarz<\/strong><\/p>\n\n\n\n<p class=\"wp-block-paragraph\">To jedyna odpowied\u017a, z kt\u00f3r\u0105 nie zamierzam polemizowa\u0107.<\/p>\n\n\n\n<p class=\"wp-block-paragraph\">Je\u017celi protok\u00f3\u0142 nie zosta\u0142 jeszcze zatwierdzony, pozostaje poczeka\u0107.<\/p>\n\n\n\n<p class=\"wp-block-paragraph\">Jednocze\u015bnie chcia\u0142bym jasno zapowiedzie\u0107, \u017ce po jego opublikowaniu por\u00f3wnam go <strong>zdanie po zdaniu<\/strong> z nagraniem posiedzenia Komisji.<\/p>\n\n\n\n<p class=\"wp-block-paragraph\">Nie interesuj\u0105 mnie domys\u0142y ani interpretacje.<\/p>\n\n\n\n<p class=\"wp-block-paragraph\">Interesuj\u0105 mnie fakty.<\/p>\n\n\n\n<p class=\"wp-block-paragraph\">Je\u017celi protok\u00f3\u0142 wiernie odzwierciedli przebieg posiedzenia \u2013 napisz\u0119 o tym.<\/p>\n\n\n\n<p class=\"wp-block-paragraph\">Je\u017celi jednak oka\u017ce si\u0119, \u017ce opisuje wydarzenia inaczej ni\u017c zapis audio, r\u00f3wnie\u017c to poka\u017c\u0119.<\/p>\n\n\n\n<p class=\"wp-block-paragraph\">I wtedy ka\u017cdy b\u0119dzie m\u00f3g\u0142 sam odpowiedzie\u0107 sobie na pytanie, kt\u00f3ra wersja przedstawia rzeczywisty przebieg posiedzenia.<\/p>\n\n\n\n<hr class=\"wp-block-separator has-alpha-channel-opacity\"\/>\n\n\n\n<p class=\"wp-block-paragraph\"><strong>Pytanie nr 4 \u2013 Autor stanowisk Komisji<\/strong><\/p>\n\n\n\n<p class=\"wp-block-paragraph\"><strong>Moje pytanie<\/strong><\/p>\n\n\n\n<p class=\"wp-block-paragraph\">Kto jest autorem wielostronicowych stanowisk przedstawionych Komisji jako stanowiska Komisji? Przewodnicz\u0105cy Komisji ju\u017c w chwili rozpocz\u0119cia posiedzenia mia\u0142 przy sobie 3 stanowiska podsumowuj\u0105ce prace Komisji.<\/p>\n\n\n\n<p class=\"wp-block-paragraph\">Prosz\u0119 wskaza\u0107 imi\u0119, nazwisko oraz funkcj\u0119 tej osoby.<\/p>\n\n\n\n<p class=\"wp-block-paragraph\"><strong>Odpowied\u017a<\/strong><\/p>\n\n\n\n<p class=\"wp-block-paragraph\">Komisja korzysta z obs\u0142ugi merytorycznej i prawnej Urz\u0119du Gminy. Przed\u0142o\u017cone projekty stanowisk stanowi\u0142y materia\u0142 poddany ocenie Komisji i nie wi\u0105za\u0142y jej. Komisja podejmuje rozstrzygni\u0119cia samodzielnie, w drodze g\u0142osowania. (&#8230;)<\/p>\n\n\n\n<p class=\"wp-block-paragraph\"><strong>M\u00f3j komentarz<\/strong><\/p>\n\n\n\n<p class=\"wp-block-paragraph\">Przyznam, \u017ce ta odpowied\u017a bardziej mnie zdziwi\u0142a, ni\u017c wyja\u015bni\u0142a spraw\u0119.<\/p>\n\n\n\n<p class=\"wp-block-paragraph\">Nie pyta\u0142em przecie\u017c, czy Komisja korzysta z obs\u0142ugi prawnej.<\/p>\n\n\n\n<p class=\"wp-block-paragraph\">Pyta\u0142em o co\u015b znacznie prostszego.<\/p>\n\n\n\n<p class=\"wp-block-paragraph\">Kto napisa\u0142 dokument, kt\u00f3ry zosta\u0142 przedstawiony jako stanowisko Komisji?<\/p>\n\n\n\n<p class=\"wp-block-paragraph\">Imi\u0119 i nazwisko.<\/p>\n\n\n\n<p class=\"wp-block-paragraph\">To wszystko.<\/p>\n\n\n\n<p class=\"wp-block-paragraph\">Zamiast odpowiedzi otrzyma\u0142em opis funkcjonowania Komisji.<\/p>\n\n\n\n<p class=\"wp-block-paragraph\">Pozw\u00f3lcie Pa\u0144stwo, \u017ce pos\u0142u\u017c\u0119 si\u0119 prostym por\u00f3wnaniem.<\/p>\n\n\n\n<p class=\"wp-block-paragraph\">Wyobra\u017amy sobie, \u017ce komu\u015b skradziono samoch\u00f3d.<\/p>\n\n\n\n<p class=\"wp-block-paragraph\">Policja, zamiast prowadzi\u0107 w\u0142asne czynno\u015bci, zwraca si\u0119 do osoby podejrzewanej o kradzie\u017c z pro\u015bb\u0105 o przygotowanie opinii, czy dosz\u0142o do przest\u0119pstwa.<\/p>\n\n\n\n<p class=\"wp-block-paragraph\">Podejrzany odpowiada:<\/p>\n\n\n\n<p class=\"wp-block-paragraph\">\u201eNie. Jestem niewinny.\u201d<\/p>\n\n\n\n<p class=\"wp-block-paragraph\">Na tej podstawie post\u0119powanie zostaje zako\u0144czone.<\/p>\n\n\n\n<p class=\"wp-block-paragraph\">Oczywi\u015bcie jest to tylko przyk\u0142ad.<\/p>\n\n\n\n<p class=\"wp-block-paragraph\">Z odpowiedzi nie wynika, aby autorem tego dokumentu by\u0142a sama Komisja. Tego w\u0142a\u015bnie dotyczy\u0142o moje pytanie i na nie nadal nie uzyska\u0142em odpowiedzi.<\/p>\n\n\n\n<p class=\"wp-block-paragraph\">Twierdz\u0119 jedynie, \u017ce w\u0142a\u015bnie dlatego pyta\u0142em o autora dokumentu.<\/p>\n\n\n\n<p class=\"wp-block-paragraph\">Bo autor dokumentu i jego niezale\u017cno\u015b\u0107 maj\u0105 w tej sprawie zasadnicze znaczenie. A dzisiaj wiemy ju\u017c na pewno, ze dokumentu nie sporz\u0105dzi\u0142a komisja i nie mia\u0142a \u017cadnego wp\u0142ywu na jego tre\u015b\u0107.<\/p>\n\n\n\n<p class=\"wp-block-paragraph\"><strong>Pytanie nr 5 \u2013 Kto zleci\u0142 przygotowanie dokument\u00f3w?<\/strong><\/p>\n\n\n\n<p class=\"wp-block-paragraph\"><strong>Moje pytanie<\/strong><\/p>\n\n\n\n<p class=\"wp-block-paragraph\">Kto i kiedy zleci\u0142 przygotowanie przedmiotowych stanowisk?<\/p>\n\n\n\n<p class=\"wp-block-paragraph\">Prosz\u0119 o udost\u0119pnienie wszelkiej korespondencji dotycz\u0105cej ich przygotowania, w szczeg\u00f3lno\u015bci wiadomo\u015bci e-mail, pism, polece\u0144 s\u0142u\u017cbowych oraz notatek.<\/p>\n\n\n\n<p class=\"wp-block-paragraph\"><strong>Odpowied\u017a<\/strong><\/p>\n\n\n\n<p class=\"wp-block-paragraph\">Komisja korzysta z obs\u0142ugi merytorycznej i prawnej Urz\u0119du Gminy. Przed\u0142o\u017cone projekty stanowisk stanowi\u0142y materia\u0142 poddany ocenie Komisji i nie wi\u0105za\u0142y jej. Komisja podejmuje rozstrzygni\u0119cia samodzielnie, w drodze g\u0142osowania. (&#8230;)<\/p>\n\n\n\n<p class=\"wp-block-paragraph\"><strong>M\u00f3j komentarz<\/strong><\/p>\n\n\n\n<p class=\"wp-block-paragraph\">Po raz kolejny nie otrzyma\u0142em odpowiedzi na zadane pytanie.<\/p>\n\n\n\n<p class=\"wp-block-paragraph\">Nie pyta\u0142em o obs\u0142ug\u0119 prawn\u0105.<\/p>\n\n\n\n<p class=\"wp-block-paragraph\">Poprosi\u0142em o udost\u0119pnienie dokument\u00f3w dotycz\u0105cych przygotowania stanowisk \u2013 korespondencji, polece\u0144, wiadomo\u015bci e-mail lub innych materia\u0142\u00f3w pokazuj\u0105cych, kto zleci\u0142 ich opracowanie.<\/p>\n\n\n\n<p class=\"wp-block-paragraph\">Nie otrzyma\u0142em \u017cadnego z nich.<\/p>\n\n\n\n<p class=\"wp-block-paragraph\">Jest jednak jeszcze jedna rzecz, kt\u00f3ra zwr\u00f3ci\u0142a moj\u0105 uwag\u0119 podczas posiedzenia.<\/p>\n\n\n\n<p class=\"wp-block-paragraph\">Przewodnicz\u0105cy Komisji, Pan Marek Sudnik, przedstawi\u0142 dokument nazwany stanowiskiem Komisji.<\/p>\n\n\n\n<p class=\"wp-block-paragraph\">Po czym&#8230;gdy zorientowa\u0142 si\u0119, ze posiedzenie jest nagrywane, <strong>wstrzyma\u0142 si\u0119 od g\u0142osu nad dokumentem, kt\u00f3ry sam przed chwil\u0105 kaza\u0142 odczyta\u0107.<\/strong><\/p>\n\n\n\n<p class=\"wp-block-paragraph\">To sytuacja co najmniej zastanawiaj\u0105ca.<\/p>\n\n\n\n<p class=\"wp-block-paragraph\">Je\u017celi osoba przedstawiaj\u0105ca dokument nie potrafi go poprze\u0107 w\u0142asnym g\u0142osem, trudno nie zada\u0107 pytania, czy rzeczywi\u015bcie by\u0142 to dokument wypracowany przez Komisj\u0119.<\/p>\n\n\n\n<p class=\"wp-block-paragraph\">Kilka dni p\u00f3\u017aniej Pan Marek Sudnik zrezygnowa\u0142 z prac w Komisji Skarg.<\/p>\n\n\n\n<p class=\"wp-block-paragraph\">Nie twierdz\u0119, \u017ce oba zdarzenia s\u0105 ze sob\u0105 powi\u0105zane.<\/p>\n\n\n\n<p class=\"wp-block-paragraph\">To pozostawiam Pa\u0144stwa ocenie.<\/p>\n\n\n\n<p class=\"wp-block-paragraph\">Zwracam jedynie uwag\u0119, \u017ce nast\u0105pi\u0142y jedno po drugim.<\/p>\n\n\n\n<hr class=\"wp-block-separator has-alpha-channel-opacity\"\/>\n\n\n\n<p class=\"wp-block-paragraph\"><strong>Pytanie nr 6 \u2013 \u201ePo wnikliwej analizie\u2026\u201d<\/strong><\/p>\n\n\n\n<p class=\"wp-block-paragraph\"><strong>Moje pytanie<\/strong><\/p>\n\n\n\n<p class=\"wp-block-paragraph\">W przedstawionych Komisji dokumentach znajduje si\u0119 stwierdzenie:<\/p>\n\n\n\n<p class=\"wp-block-paragraph\">\u201eKomisja po wnikliwej analizie skargi\u2026\u201d<\/p>\n\n\n\n<p class=\"wp-block-paragraph\">Prosz\u0119 wskaza\u0107:<\/p>\n\n\n\n<ul class=\"wp-block-list\">\n<li>kiedy odby\u0142a si\u0119 wskazana w dokumencie \u201ewnikliwa analiza\u201d,<\/li>\n\n\n\n<li>kto w niej uczestniczy\u0142,<\/li>\n\n\n\n<li>jakie czynno\u015bci wykona\u0142a Komisja przed posiedzeniem,<\/li>\n\n\n\n<li>kto podj\u0105\u0142 decyzj\u0119 o wpisaniu do dokumentu tej informacji.<\/li>\n<\/ul>\n\n\n\n<p class=\"wp-block-paragraph\"><strong>Odpowied\u017a<\/strong><\/p>\n\n\n\n<p class=\"wp-block-paragraph\">Pana pytania zawarte w pkt 6, 8, 9 i 10 pisma \u2013 w zakresie, w jakim dotycz\u0105 ocen, opinii lub o\u015bwiadcze\u0144 co do zamierze\u0144 \u2013 wykraczaj\u0105 poza zakres informacji publicznej w rozumieniu ustawy o dost\u0119pie do informacji publicznej i nie podlegaj\u0105 udost\u0119pnieniu w tym trybie.<\/p>\n\n\n\n<p class=\"wp-block-paragraph\"><strong>M\u00f3j komentarz<\/strong><\/p>\n\n\n\n<p class=\"wp-block-paragraph\">Przyznam, \u017ce tej odpowiedzi nie rozumiem.<\/p>\n\n\n\n<p class=\"wp-block-paragraph\">Nie pyta\u0142em przecie\u017c o niczyje opinie ani zamiary.<\/p>\n\n\n\n<p class=\"wp-block-paragraph\">Zada\u0142em bardzo konkretne pytania dotycz\u0105ce dokumentu przedstawionego podczas posiedzenia Komisji.<\/p>\n\n\n\n<p class=\"wp-block-paragraph\">W dokumencie znalaz\u0142o si\u0119 stwierdzenie:<\/p>\n\n\n\n<p class=\"wp-block-paragraph\"><strong>\u201eKomisja po wnikliwej analizie\u2026\u201d<\/strong><\/p>\n\n\n\n<p class=\"wp-block-paragraph\">To nie jest opinia.<\/p>\n\n\n\n<p class=\"wp-block-paragraph\">To jest opis czynno\u015bci, kt\u00f3ra \u2013 zgodnie z tre\u015bci\u0105 dokumentu \u2013 mia\u0142a zosta\u0107 wykonana.<\/p>\n\n\n\n<p class=\"wp-block-paragraph\">Dlatego zapyta\u0142em:<\/p>\n\n\n\n<ul class=\"wp-block-list\">\n<li>kiedy odby\u0142a si\u0119 ta analiza,<\/li>\n\n\n\n<li>kto w niej uczestniczy\u0142,<\/li>\n\n\n\n<li>jakie czynno\u015bci wykonano,<\/li>\n\n\n\n<li>kto zdecydowa\u0142 o umieszczeniu takiego sformu\u0142owania.<\/li>\n<\/ul>\n\n\n\n<p class=\"wp-block-paragraph\">Nie otrzyma\u0142em odpowiedzi na \u017cadne z tych pyta\u0144.<\/p>\n\n\n\n<p class=\"wp-block-paragraph\">A przecie\u017c sprawa jest bardzo prosta.<\/p>\n\n\n\n<p class=\"wp-block-paragraph\">Je\u017celi taka analiza rzeczywi\u015bcie zosta\u0142a przeprowadzona, wystarczy wskaza\u0107 kiedy i przez kogo.<\/p>\n\n\n\n<p class=\"wp-block-paragraph\">Je\u017celi nie zosta\u0142a przeprowadzona, powstaje pytanie, dlaczego w dokumencie znalaz\u0142o si\u0119 stwierdzenie, \u017ce mia\u0142a miejsce.<\/p>\n\n\n\n<p class=\"wp-block-paragraph\">Nie potrzeba do tego \u017cadnych opinii.<\/p>\n\n\n\n<p class=\"wp-block-paragraph\">Wystarcz\u0105 fakty.<\/p>\n\n\n\n<hr class=\"wp-block-separator has-alpha-channel-opacity\"\/>\n\n\n\n<p class=\"wp-block-paragraph\"><strong>Pytanie nr 7 \u2013 Samodzielno\u015b\u0107 Komisji<\/strong><\/p>\n\n\n\n<p class=\"wp-block-paragraph\"><strong>Moje pytanie<\/strong><\/p>\n\n\n\n<p class=\"wp-block-paragraph\">Czy cz\u0142onkowie Komisji mieli mo\u017cliwo\u015b\u0107 samodzielnego opracowania stanowiska?<\/p>\n\n\n\n<p class=\"wp-block-paragraph\">Czy jedynym dokumentem przedstawionym do g\u0142osowania by\u0142o opracowanie przygotowane wcze\u015bniej przez Urz\u0105d Gminy lub jego obs\u0142ug\u0119 prawn\u0105?<\/p>\n\n\n\n<p class=\"wp-block-paragraph\"><strong>Odpowied\u017a<\/strong><\/p>\n\n\n\n<p class=\"wp-block-paragraph\">Komisja korzysta z obs\u0142ugi merytorycznej i prawnej Urz\u0119du Gminy. Przed\u0142o\u017cone projekty stanowisk stanowi\u0142y materia\u0142 poddany ocenie Komisji i nie wi\u0105za\u0142y jej. Komisja podejmuje rozstrzygni\u0119cia samodzielnie, w drodze g\u0142osowania. (&#8230;)<\/p>\n\n\n\n<p class=\"wp-block-paragraph\"><strong>M\u00f3j komentarz<\/strong><\/p>\n\n\n\n<p class=\"wp-block-paragraph\">o raz kolejny nie otrzyma\u0142em odpowiedzi na pytania, kt\u00f3re zada\u0142em.<\/p>\n\n\n\n<p class=\"wp-block-paragraph\">Nie pyta\u0142em, czy Komisja g\u0142osuje.<\/p>\n\n\n\n<p class=\"wp-block-paragraph\">To wynika z przepis\u00f3w.<\/p>\n\n\n\n<p class=\"wp-block-paragraph\">Pyta\u0142em o co\u015b zupe\u0142nie innego.<\/p>\n\n\n\n<p class=\"wp-block-paragraph\">Czy cz\u0142onkowie Komisji mieli mo\u017cliwo\u015b\u0107 samodzielnego przygotowania w\u0142asnego stanowiska?<\/p>\n\n\n\n<p class=\"wp-block-paragraph\">Czy mogli zaproponowa\u0107 w\u0142asny projekt?<\/p>\n\n\n\n<p class=\"wp-block-paragraph\">Czy dokument odczytany podczas posiedzenia by\u0142 jedynym dokumentem przedstawionym do g\u0142osowania?<\/p>\n\n\n\n<p class=\"wp-block-paragraph\">Na \u017cadne z tych pyta\u0144 nie odpowiedziano.<\/p>\n\n\n\n<p class=\"wp-block-paragraph\">To istotne, poniewa\u017c samodzielno\u015b\u0107 Komisji ocenia si\u0119 nie tylko po samym g\u0142osowaniu, ale r\u00f3wnie\u017c po tym, czy cz\u0142onkowie mieli realny wp\u0142yw na tre\u015b\u0107 dokument\u00f3w, nad kt\u00f3rymi g\u0142osowali.<\/p>\n\n\n\n<hr class=\"wp-block-separator has-alpha-channel-opacity\"\/>\n\n\n\n<p class=\"wp-block-paragraph\"><strong>Pytanie nr 8 \u2013 Wiedza cz\u0142onk\u00f3w Komisji<\/strong><\/p>\n\n\n\n<p class=\"wp-block-paragraph\"><strong>Moje pytanie<\/strong><\/p>\n\n\n\n<p class=\"wp-block-paragraph\">Czy Pan Marek Sudnik, Pani Ewa \u015alepska oraz Pani Ewa Citkowska potwierdzaj\u0105, \u017ce przed posiedzeniem zapoznali si\u0119 z ca\u0142o\u015bci\u0105 materia\u0142u dowodowego dotycz\u0105cego skarg?<\/p>\n\n\n\n<p class=\"wp-block-paragraph\">Je\u017celi tak \u2013 prosz\u0119 wskaza\u0107 dat\u0119 oraz miejsce, w kt\u00f3rym nast\u0105pi\u0142a analiza dokument\u00f3w.<\/p>\n\n\n\n<p class=\"wp-block-paragraph\"><strong>Odpowied\u017a<\/strong><\/p>\n\n\n\n<p class=\"wp-block-paragraph\">Pana pytania zawarte w pkt 6, 8, 9 i 10 pisma \u2013 w zakresie, w jakim dotycz\u0105 ocen, opinii lub o\u015bwiadcze\u0144 co do zamierze\u0144 \u2013 wykraczaj\u0105 poza zakres informacji publicznej w rozumieniu ustawy o dost\u0119pie do informacji publicznej i nie podlegaj\u0105 udost\u0119pnieniu w tym trybie.<\/p>\n\n\n\n<p class=\"wp-block-paragraph\"><strong>M\u00f3j komentarz<\/strong><\/p>\n\n\n\n<p class=\"wp-block-paragraph\">Nie pyta\u0142em o pogl\u0105dy radnych.<\/p>\n\n\n\n<p class=\"wp-block-paragraph\">Nie pyta\u0142em o ich zamiary.<\/p>\n\n\n\n<p class=\"wp-block-paragraph\">Zapyta\u0142em o fakt.<\/p>\n\n\n\n<p class=\"wp-block-paragraph\">Czy przed posiedzeniem zapoznali si\u0119 z materia\u0142em dowodowym?<\/p>\n\n\n\n<p class=\"wp-block-paragraph\">Je\u017celi tak \u2013 kiedy?<\/p>\n\n\n\n<p class=\"wp-block-paragraph\">Gdzie?<\/p>\n\n\n\n<p class=\"wp-block-paragraph\">W jakim zakresie?<\/p>\n\n\n\n<p class=\"wp-block-paragraph\">To nie s\u0105 pytania o opinie.<\/p>\n\n\n\n<p class=\"wp-block-paragraph\">To s\u0105 pytania o przebieg czynno\u015bci poprzedzaj\u0105cych podj\u0119cie stanowiska przez Komisj\u0119.<\/p>\n\n\n\n<p class=\"wp-block-paragraph\">Odpowied\u017a nie rozwiewa tych w\u0105tpliwo\u015bci.<\/p>\n\n\n\n<p class=\"wp-block-paragraph\">Wr\u0119cz przeciwnie.<\/p>\n\n\n\n<p class=\"wp-block-paragraph\">Pozostawia je bez odpowiedzi.<\/p>\n\n\n\n<hr class=\"wp-block-separator has-alpha-channel-opacity\"\/>\n\n\n\n<p class=\"wp-block-paragraph\"><strong>Pytanie nr 9 \u2013 Sprzeczno\u015bci z dokumentami Urz\u0119du<\/strong><\/p>\n\n\n\n<p class=\"wp-block-paragraph\"><strong>Moje pytanie<\/strong><\/p>\n\n\n\n<p class=\"wp-block-paragraph\">Czy po ujawnieniu tych rozbie\u017cno\u015bci cz\u0142onkowie Komisji nadal uwa\u017caj\u0105, \u017ce podj\u0119te stanowiska zosta\u0142y wypracowane w oparciu o kompletny i rzetelny materia\u0142 dowodowy?<\/p>\n\n\n\n<p class=\"wp-block-paragraph\"><strong>Odpowied\u017a<\/strong><\/p>\n\n\n\n<p class=\"wp-block-paragraph\">Pana pytania zawarte w pkt 6, 8, 9 i 10 pisma \u2013 w zakresie, w jakim dotycz\u0105 ocen, opinii lub o\u015bwiadcze\u0144 co do zamierze\u0144 \u2013 wykraczaj\u0105 poza zakres informacji publicznej w rozumieniu ustawy o dost\u0119pie do informacji publicznej i nie podlegaj\u0105 udost\u0119pnieniu w tym trybie.<\/p>\n\n\n\n<p class=\"wp-block-paragraph\"><strong>M\u00f3j komentarz<\/strong><\/p>\n\n\n\n<p class=\"wp-block-paragraph\">To pytanie zada\u0142em z bardzo konkretnego powodu.<\/p>\n\n\n\n<p class=\"wp-block-paragraph\">Na etapie kierowania pisma nie dysponowa\u0142em jeszcze protoko\u0142em z posiedzenia.<\/p>\n\n\n\n<p class=\"wp-block-paragraph\">Chcia\u0142em ustali\u0107, czy po ujawnieniu rozbie\u017cno\u015bci pomi\u0119dzy dokumentami Urz\u0119du a materia\u0142em przedstawionym Komisji jej cz\u0142onkowie nadal podtrzymuj\u0105 swoje stanowisko.<\/p>\n\n\n\n<p class=\"wp-block-paragraph\">Nie pyta\u0142em o przypuszczenia.<\/p>\n\n\n\n<p class=\"wp-block-paragraph\">Pyta\u0142em, czy po ujawnieniu nowych okoliczno\u015bci Komisja nadal uwa\u017ca swoje stanowisko za oparte na kompletnym materiale dowodowym.<\/p>\n\n\n\n<p class=\"wp-block-paragraph\">Na to pytanie r\u00f3wnie\u017c nie uzyska\u0142em odpowiedzi.<\/p>\n\n\n\n<hr class=\"wp-block-separator has-alpha-channel-opacity\"\/>\n\n\n\n<p class=\"wp-block-paragraph\"><strong>Pytanie nr 10 \u2013 Ponowne rozpoznanie skarg<\/strong><\/p>\n\n\n\n<p class=\"wp-block-paragraph\"><strong>Moje pytanie<\/strong><\/p>\n\n\n\n<p class=\"wp-block-paragraph\">Czy wobec ujawnionych okoliczno\u015bci cz\u0142onkowie Komisji s\u0105 gotowi ponownie rozpozna\u0107 skargi mieszka\u0144c\u00f3w, tym razem po zapoznaniu si\u0119 z pe\u0142nym materia\u0142em dowodowym oraz bez korzystania z wcze\u015bniej przygotowanych stanowisk?<\/p>\n\n\n\n<p class=\"wp-block-paragraph\"><strong>Odpowied\u017a<\/strong><\/p>\n\n\n\n<p class=\"wp-block-paragraph\">Pana pytania zawarte w pkt 6, 8, 9 i 10 pisma \u2013 w zakresie, w jakim dotycz\u0105 ocen, opinii lub o\u015bwiadcze\u0144 co do zamierze\u0144 \u2013 wykraczaj\u0105 poza zakres informacji publicznej w rozumieniu ustawy o dost\u0119pie do informacji publicznej i nie podlegaj\u0105 udost\u0119pnieniu w tym trybie.<\/p>\n\n\n\n<p class=\"wp-block-paragraph\"><strong>M\u00f3j komentarz<\/strong><\/p>\n\n\n\n<p class=\"wp-block-paragraph\">To ostatnie pytanie by\u0142o jednocze\u015bnie najprostsze.<\/p>\n\n\n\n<p class=\"wp-block-paragraph\">Po ujawnieniu wszystkich okoliczno\u015bci chcia\u0142em wiedzie\u0107, czy cz\u0142onkowie Komisji s\u0105 gotowi jeszcze raz przeanalizowa\u0107 spraw\u0119.<\/p>\n\n\n\n<p class=\"wp-block-paragraph\">Tym razem po zapoznaniu si\u0119 z pe\u0142nym materia\u0142em dowodowym i bez korzystania z wcze\u015bniej przygotowanych projekt\u00f3w stanowisk.<\/p>\n\n\n\n<p class=\"wp-block-paragraph\">Nie otrzyma\u0142em odpowiedzi.<\/p>\n\n\n\n<p class=\"wp-block-paragraph\">Szkoda.<\/p>\n\n\n\n<p class=\"wp-block-paragraph\">Bo niezale\u017cnie od tego, kto ma racj\u0119, mo\u017cliwo\u015b\u0107 ponownego przeanalizowania sprawy w oparciu o pe\u0142ny materia\u0142 dowodowy mog\u0142aby rozwia\u0107 wiele w\u0105tpliwo\u015bci.<\/p>\n\n\n\n<p class=\"wp-block-paragraph\">Je\u017celi jestem w b\u0142\u0119dzie, chcia\u0142bym, aby zosta\u0142o to wykazane.<\/p>\n\n\n\n<p class=\"wp-block-paragraph\">Je\u017celi natomiast moje zastrze\u017cenia s\u0105 zasadne, r\u00f3wnie\u017c warto je wyja\u015bni\u0107.<\/p>\n\n\n\n<p class=\"wp-block-paragraph\">Na tym \u2013 moim zdaniem \u2013 w\u0142a\u015bnie powinna polega\u0107 praca Komisji Skarg.<\/p>\n\n\n\n<p class=\"wp-block-paragraph\"><\/p>\n\n\n\n<p class=\"wp-block-paragraph\"><\/p>\n\n\n\n<p class=\"wp-block-paragraph\">Po zako\u0144czeniu tej analizy zrozumia\u0142em jedn\u0105 rzecz.<\/p>\n\n\n\n<p class=\"wp-block-paragraph\">W tej sprawie najcenniejszym materia\u0142em nie s\u0105 odpowiedzi.<\/p>\n\n\n\n<p class=\"wp-block-paragraph\">S\u0105 nim nagrania.<\/p>\n\n\n\n<p class=\"wp-block-paragraph\">Bo odpowied\u017a mo\u017cna napisa\u0107 na wiele sposob\u00f3w.<\/p>\n\n\n\n<p class=\"wp-block-paragraph\">Nagrania ju\u017c nie.<\/p>\n\n\n\n<p class=\"wp-block-paragraph\">Dlatego zamiast przekonywa\u0107 Pa\u0144stwa, \u017ce mam racj\u0119, wol\u0119 zrobi\u0107 co\u015b znacznie prostszego.<\/p>\n\n\n\n<p class=\"wp-block-paragraph\">Oddaj\u0119 Pa\u0144stwu do dyspozycji pytania.<\/p>\n\n\n\n<p class=\"wp-block-paragraph\">Oddaj\u0119 odpowiedzi.<\/p>\n\n\n\n<p class=\"wp-block-paragraph\">Oddaj\u0119 nagrania.<\/p>\n\n\n\n<p class=\"wp-block-paragraph\">I prosz\u0119 jedynie o jedno.<\/p>\n\n\n\n<p class=\"wp-block-paragraph\">Po\u015bwi\u0119\u0107cie kilkana\u015bcie minut.<\/p>\n\n\n\n<p class=\"wp-block-paragraph\">Potem odpowiedzcie sobie sami&#8230;<\/p>\n\n\n\n<p class=\"wp-block-paragraph\"><strong>czy po wys\u0142uchaniu nagra\u0144 napisaliby\u015bcie dok\u0142adnie tak\u0105 sam\u0105 odpowied\u017a.<\/strong><\/p>\n\n\n\n<hr class=\"wp-block-separator has-alpha-channel-opacity\"\/>\n\n\n\n<p class=\"wp-block-paragraph\"><strong>PS<\/strong><\/p>\n\n\n\n<p class=\"wp-block-paragraph\">Je\u017celi po przeczytaniu tego materia\u0142u kto\u015b uzna, \u017ce zadaj\u0119 zbyt du\u017co pyta\u0144, mam dobr\u0105 wiadomo\u015b\u0107.<\/p>\n\n\n\n<p class=\"wp-block-paragraph\">Na cz\u0119\u015b\u0107 z nich nadal nie otrzyma\u0142em odpowiedzi.<\/p>\n\n\n\n<p class=\"wp-block-paragraph\">A to oznacza, \u017ce kolejnych materia\u0142\u00f3w raczej nie zabraknie.<\/p>\n\n\n\n<p class=\"wp-block-paragraph\"><\/p>\n","protected":false},"excerpt":{"rendered":"<p>W po\u015bcie poni\u017cej przedstawi\u0142em dwa nagrania audio, aby pokaza\u0107 jak faktycznie wygl\u0105da prawdom\u00f3wno\u015b\u0107 przewodnicz\u0105cej Katarzyny Tomczyk. A teraz kilka fakt\u00f3w: Obieca\u0142em Wam analiz\u0119 post\u0119powania Pani Katarzyny Tomczyk, wi\u0119c zapraszam. Dla u\u0142atwienia schemat: pytanie, jej odpowied\u017a, m\u00f3j komentarz Na pocz\u0105tek jeszcze raz oba pliki audio. Podpowiadam jeszcze jedn\u0105 rzecz na temat samodzielnej pracy komisji Skarg. W [&hellip;]<\/p>\n","protected":false},"author":1,"featured_media":0,"comment_status":"open","ping_status":"open","sticky":false,"template":"","format":"standard","meta":{"_coblocks_attr":"","_coblocks_dimensions":"","_coblocks_responsive_height":"","_coblocks_accordion_ie_support":"","hide_page_title":"","footnotes":""},"categories":[1],"tags":[],"class_list":["post-1690","post","type-post","status-publish","format-standard","hentry","category-uncategorized"],"_links":{"self":[{"href":"https:\/\/plaska.info\/index.php?rest_route=\/wp\/v2\/posts\/1690","targetHints":{"allow":["GET"]}}],"collection":[{"href":"https:\/\/plaska.info\/index.php?rest_route=\/wp\/v2\/posts"}],"about":[{"href":"https:\/\/plaska.info\/index.php?rest_route=\/wp\/v2\/types\/post"}],"author":[{"embeddable":true,"href":"https:\/\/plaska.info\/index.php?rest_route=\/wp\/v2\/users\/1"}],"replies":[{"embeddable":true,"href":"https:\/\/plaska.info\/index.php?rest_route=%2Fwp%2Fv2%2Fcomments&post=1690"}],"version-history":[{"count":9,"href":"https:\/\/plaska.info\/index.php?rest_route=\/wp\/v2\/posts\/1690\/revisions"}],"predecessor-version":[{"id":1701,"href":"https:\/\/plaska.info\/index.php?rest_route=\/wp\/v2\/posts\/1690\/revisions\/1701"}],"wp:attachment":[{"href":"https:\/\/plaska.info\/index.php?rest_route=%2Fwp%2Fv2%2Fmedia&parent=1690"}],"wp:term":[{"taxonomy":"category","embeddable":true,"href":"https:\/\/plaska.info\/index.php?rest_route=%2Fwp%2Fv2%2Fcategories&post=1690"},{"taxonomy":"post_tag","embeddable":true,"href":"https:\/\/plaska.info\/index.php?rest_route=%2Fwp%2Fv2%2Ftags&post=1690"}],"curies":[{"name":"wp","href":"https:\/\/api.w.org\/{rel}","templated":true}]}}